{"id":21584,"date":"2023-04-14T10:22:41","date_gmt":"2023-04-14T08:22:41","guid":{"rendered":"https:\/\/www.ades-grenoble.org\/wordpress\/?p=21584"},"modified":"2023-04-14T18:22:44","modified_gmt":"2023-04-14T16:22:44","slug":"vieillir-a-domicile-disparites-territoriales-enjeux-et-perspectives","status":"publish","type":"post","link":"https:\/\/www.ades-grenoble.org\/wordpress\/2023\/04\/14\/vieillir-a-domicile-disparites-territoriales-enjeux-et-perspectives\/","title":{"rendered":"Vieillir \u00e0 domicile : disparit\u00e9s territoriales, enjeux et perspectives"},"content":{"rendered":"<div class=\"wp-block-image is-style-default\">\n<figure class=\"alignleft size-full\"><img loading=\"lazy\" decoding=\"async\" width=\"380\" height=\"380\" src=\"https:\/\/www.ades-grenoble.org\/wordpress\/wp-content\/uploads\/2023\/04\/Rapport41IPP.jpg\" alt=\"\" class=\"wp-image-21585\" srcset=\"https:\/\/www.ades-grenoble.org\/wordpress\/wp-content\/uploads\/2023\/04\/Rapport41IPP.jpg 380w, https:\/\/www.ades-grenoble.org\/wordpress\/wp-content\/uploads\/2023\/04\/Rapport41IPP-300x300.jpg 300w, https:\/\/www.ades-grenoble.org\/wordpress\/wp-content\/uploads\/2023\/04\/Rapport41IPP-150x150.jpg 150w, https:\/\/www.ades-grenoble.org\/wordpress\/wp-content\/uploads\/2023\/04\/Rapport41IPP-144x144.jpg 144w\" sizes=\"auto, (max-width: 380px) 100vw, 380px\" \/><\/figure>\n<\/div>\n\n\n<p>L\u2019Institut des politiques publiques (IPP) a rendu <a href=\"https:\/\/www.ipp.eu\/publication\/vieillir-a-domicile-disparites-territoriales-enjeux-et-perspectives\/\" target=\"_blank\" rel=\"noreferrer noopener\">une \u00e9tude sur la question suivante\u00a0: le virage domiciliaire des politiques publiques du grand \u00e2ge est-il possible dans les conditions actuelles ?<\/a><\/p>\n\n\n\n<p>Les politiques publiques de l\u2019autonomie privil\u00e9gient de plus en plus le maintien \u00e0 domicile pour les personnes \u00e2g\u00e9es. C\u2019est ce qu\u2019on appelle le virage domiciliaire, par analogie avec le virage ambulatoire entam\u00e9 par l\u2019h\u00f4pital, et par opposition avec l\u2019institutionnalisation qui repose sur l\u2019accueil en \u00e9tablissement.<\/p>\n\n\n\n<p>Le scandale Orp\u00e9a a renforc\u00e9 ces derniers mois les interrogations sur le mod\u00e8le \u00e9conomique et le fonctionnement quotidien des Ehpad, et mis \u00e0 nouveau en \u00e9vidence la pr\u00e9f\u00e9rence des individus eux-m\u00eames pour le maintien \u00e0 domicile.<br>Mais quelles sont les implications de ce virage domiciliaire alors m\u00eame que les premi\u00e8res g\u00e9n\u00e9rations du babyboom arrivent en grand nombre aux \u00e2ges o\u00f9 la perte d\u2019autonomie est plus fr\u00e9quente ?<\/p>\n\n\n\n<!--more-->\n\n\n\n<p>Le p\u00f4le sant\u00e9 et autonomie de l\u2019IPP d\u00e9taille ces implications dans son rapport intitul\u00e9 \u00ab&nbsp;vieillir \u00e0 domicile : disparit\u00e9s territoriales, enjeux et perspectives&nbsp;\u00bb.<br><br>Cette publication est le r\u00e9sultat d\u2019un projet de recherche de 3 ans men\u00e9 par le p\u00f4le sant\u00e9- autonomie de l\u2019IPP avec le soutien de la Caisse Nationale de Solidarit\u00e9 pour l\u2019Autonomie (CNSA).<\/p>\n\n\n\n<figure class=\"wp-block-embed\"><div class=\"wp-block-embed__wrapper\">\nhttps:\/\/www.ipp.eu\/publication\/vieillir-a-domicile-disparites-territoriales-enjeux-et-perspectives\/\n<\/div><\/figure>\n","protected":false},"excerpt":{"rendered":"<p>L\u2019Institut des politiques publiques (IPP) a rendu une \u00e9tude sur la question suivante\u00a0: le virage domiciliaire des politiques publiques du grand \u00e2ge est-il possible dans les conditions actuelles ? Les politiques publiques de l\u2019autonomie privil\u00e9gient de plus en plus le maintien \u00e0 domicile pour les personnes \u00e2g\u00e9es. C\u2019est ce qu\u2019on appelle le virage domiciliaire, par [&hellip;]<\/p>\n","protected":false},"author":1,"featured_media":0,"comment_status":"closed","ping_status":"open","sticky":false,"template":"","format":"standard","meta":{"twitterCardType":"","cardImageID":0,"cardImage":"","cardTitle":"","cardDesc":"","cardImageAlt":"","cardPlayer":"","cardPlayerWidth":0,"cardPlayerHeight":0,"cardPlayerStream":"","cardPlayerCodec":"","footnotes":""},"categories":[62,11],"tags":[287,99,33],"class_list":["post-21584","post","type-post","status-publish","format-standard","hentry","category-le-rouge-le-vert-hebdo","category-politique-locale","tag-personnes-agees","tag-sante","tag-social"],"_links":{"self":[{"href":"https:\/\/www.ades-grenoble.org\/wordpress\/wp-json\/wp\/v2\/posts\/21584","targetHints":{"allow":["GET"]}}],"collection":[{"href":"https:\/\/www.ades-grenoble.org\/wordpress\/wp-json\/wp\/v2\/posts"}],"about":[{"href":"https:\/\/www.ades-grenoble.org\/wordpress\/wp-json\/wp\/v2\/types\/post"}],"author":[{"embeddable":true,"href":"https:\/\/www.ades-grenoble.org\/wordpress\/wp-json\/wp\/v2\/users\/1"}],"replies":[{"embeddable":true,"href":"https:\/\/www.ades-grenoble.org\/wordpress\/wp-json\/wp\/v2\/comments?post=21584"}],"version-history":[{"count":1,"href":"https:\/\/www.ades-grenoble.org\/wordpress\/wp-json\/wp\/v2\/posts\/21584\/revisions"}],"predecessor-version":[{"id":21586,"href":"https:\/\/www.ades-grenoble.org\/wordpress\/wp-json\/wp\/v2\/posts\/21584\/revisions\/21586"}],"wp:attachment":[{"href":"https:\/\/www.ades-grenoble.org\/wordpress\/wp-json\/wp\/v2\/media?parent=21584"}],"wp:term":[{"taxonomy":"category","embeddable":true,"href":"https:\/\/www.ades-grenoble.org\/wordpress\/wp-json\/wp\/v2\/categories?post=21584"},{"taxonomy":"post_tag","embeddable":true,"href":"https:\/\/www.ades-grenoble.org\/wordpress\/wp-json\/wp\/v2\/tags?post=21584"}],"curies":[{"name":"wp","href":"https:\/\/api.w.org\/{rel}","templated":true}]}}