{"id":21607,"date":"2023-04-14T10:59:39","date_gmt":"2023-04-14T08:59:39","guid":{"rendered":"https:\/\/www.ades-grenoble.org\/wordpress\/?p=21607"},"modified":"2023-04-14T18:23:25","modified_gmt":"2023-04-14T16:23:25","slug":"participation-financiere-2023-de-la-metro-au-smmag","status":"publish","type":"post","link":"https:\/\/www.ades-grenoble.org\/wordpress\/2023\/04\/14\/participation-financiere-2023-de-la-metro-au-smmag\/","title":{"rendered":"Participation financi\u00e8re 2023 de la M\u00e9tro au SMMAG"},"content":{"rendered":"<div class=\"wp-block-image is-style-default\">\n<figure class=\"alignleft size-full\"><img loading=\"lazy\" decoding=\"async\" width=\"380\" height=\"150\" src=\"https:\/\/www.ades-grenoble.org\/wordpress\/wp-content\/uploads\/2020\/05\/SMMAG-Metro.jpg\" alt=\"\" class=\"wp-image-17270\" srcset=\"https:\/\/www.ades-grenoble.org\/wordpress\/wp-content\/uploads\/2020\/05\/SMMAG-Metro.jpg 380w, https:\/\/www.ades-grenoble.org\/wordpress\/wp-content\/uploads\/2020\/05\/SMMAG-Metro-150x59.jpg 150w, https:\/\/www.ades-grenoble.org\/wordpress\/wp-content\/uploads\/2020\/05\/SMMAG-Metro-300x118.jpg 300w\" sizes=\"auto, (max-width: 380px) 100vw, 380px\" \/><\/figure>\n<\/div>\n\n\n<p>Le Conseil m\u00e9tropolitain a d\u00e9cid\u00e9 d\u2019augmenter sa part de financement du fonctionnement au SMMAG \u00e0 hauteur de 24,5 M\u20ac pour l\u2019ann\u00e9e 2023 soit plus 4 M\u20ac par rapport au versement pr\u00e9vu au pr\u00e9c\u00e9dent budget.<\/p>\n\n\n\n<p>Rappelons que le changement de statuts du SMMAG, du fait de la majorit\u00e9 de droite du d\u00e9partement&nbsp;a permis d\u2019exon\u00e9rer celui-ci du versement de 11 M\u20ac annuels en fonctionnement, et donc impose \u00e0 la M\u00e9tro qu\u2019elle doive augmenter r\u00e9guli\u00e8rement ses subventions au SMMAG.<\/p>\n\n\n\n<p>Voici ce que dit la d\u00e9lib\u00e9ration du 7 avril 2023&nbsp;:<\/p>\n\n\n\n<p><em>\u00ab&nbsp;Le budget du Syndicat Mixte des Mobilit\u00e9s de l&rsquo;Aire Grenobloise (SMMAG) est constitu\u00e9 d\u2019un budget principal relatif aux comp\u00e9tences obligatoires et de deux budgets annexes retra\u00e7ant l\u2019exercice des comp\u00e9tences facultatives, Mobilit\u00e9s Urbaines et les Mobilit\u00e9s Partag\u00e9es.<br>L\u2019\u00e9quilibre des budgets du SMMAG est r\u00e9alis\u00e9 par budget et par territoire. S\u2019agissant des sources de financement du syndicat : en sus du versement mobilit\u00e9, pour les territoires de Grenoble-Alpes M\u00e9tropole et de La Communaut\u00e9 de Communes Le Gr\u00e9sivaudan, des recettes propres du syndicat, chaque membre peut financer les d\u00e9penses de son territoire par des participations compl\u00e9mentaires affect\u00e9es aux budgets de chacune des comp\u00e9tences facultatives, tant en fonctionnement qu\u2019en investissement.<\/em><\/p>\n\n\n\n<!--more-->\n\n\n\n<p><em>Pour 2023, l\u2019inflation qui impacte s\u00e9v\u00e8rement les co\u00fbts de l\u2019\u00e9nergie n\u00e9cessite de red\u00e9finir la participation de Grenoble-Alpes M\u00e9tropole, rehauss\u00e9e de 4 M\u20ac afin de r\u00e9pondre aux enjeux d\u2019\u00e9quilibre du budget du SMMAG.<br>En cons\u00e9quence, en 2023, la participation de fonctionnement de Grenoble-Alpes M\u00e9tropole est fix\u00e9e \u00e0 24,5 M\u20ac.<br>Par ailleurs, Grenoble-Alpes M\u00e9tropole contribue au financement des projets d\u2019investissement conform\u00e9ment aux engagements conventionnels. En 2023, 3 M\u20ac sont pr\u00e9vus au titre de projets d\u2019investissement pour les Mobilit\u00e9s Urbaines. De plus, 660,5 k\u20ac forfaitaires sont vers\u00e9s au SMMAG au titre de la charge d\u2019investissements transf\u00e9r\u00e9e par la M\u00e9tropole au 1er janvier 2020 dans le cadre de l\u2019\u00e9largissement de son p\u00e9rim\u00e8tre.<br>Enfin, une participation de 15,75 M\u20ac est vers\u00e9e au titre des sorties d\u2019actifs en application de la convention tripartite de 2015.<br>Ainsi, le montant total des participations s\u2019\u00e9l\u00e8ve \u00e0 43 910\u00a0500 \u20ac.<br>S\u2019agissant des modalit\u00e9s de versement des diff\u00e9rentes participations, il est pr\u00e9cis\u00e9 que :<br>&#8211; La participation de fonctionnement de 24,5 M\u20ac fait l\u2019objet de versements mensuels ;<br>&#8211; Les contributions aux projets d\u2019investissement sont vers\u00e9es conform\u00e9ment aux dispositions conventionnelles ;<br>&#8211; La contribution forfaitaire de 660,5 k\u20ac ainsi que la participation de 15,75 M\u20ac vers\u00e9e au titre des sorties d\u2019actifs font l\u2019objet d\u2019un versement unique.\u00a0\u00bb<\/em><\/p>\n\n\n\n<p>Nous pensons quant \u00e0 nous qu\u2019une autre politique des mobilit\u00e9s devrait voir le jour, comportant des investissements \u00e9cologiques et un acc\u00e8s \u00e0 <a rel=\"noreferrer noopener\" href=\"https:\/\/www.ades-grenoble.org\/wordpress\/2023\/03\/24\/pour-la-gratuite-des-transports-en-commun-et-la-mise-en-place-dun-rer-grenoblois\/\" target=\"_blank\">des transports publics allant progressivement vers la gratuit\u00e9 d\u2019usage<\/a>, comme l\u2019indique notre participation \u00e0 l\u2019action collective \u00ab\u00a0gratuit\u00e9 et RER m\u00e9tropolitain.<\/p>\n","protected":false},"excerpt":{"rendered":"<p>Le Conseil m\u00e9tropolitain a d\u00e9cid\u00e9 d\u2019augmenter sa part de financement du fonctionnement au SMMAG \u00e0 hauteur de 24,5 M\u20ac pour l\u2019ann\u00e9e 2023 soit plus 4 M\u20ac par rapport au versement pr\u00e9vu au pr\u00e9c\u00e9dent budget. Rappelons que le changement de statuts du SMMAG, du fait de la majorit\u00e9 de droite du d\u00e9partement&nbsp;a permis d\u2019exon\u00e9rer celui-ci du [&hellip;]<\/p>\n","protected":false},"author":1,"featured_media":0,"comment_status":"closed","ping_status":"open","sticky":false,"template":"","format":"standard","meta":{"twitterCardType":"","cardImageID":0,"cardImage":"","cardTitle":"","cardDesc":"","cardImageAlt":"","cardPlayer":"","cardPlayerWidth":0,"cardPlayerHeight":0,"cardPlayerStream":"","cardPlayerCodec":"","footnotes":""},"categories":[62,11],"tags":[320,5,138,280,343],"class_list":["post-21607","post","type-post","status-publish","format-standard","hentry","category-le-rouge-le-vert-hebdo","category-politique-locale","tag-conseil","tag-deplacements","tag-finances","tag-metropole","tag-smmag"],"_links":{"self":[{"href":"https:\/\/www.ades-grenoble.org\/wordpress\/wp-json\/wp\/v2\/posts\/21607","targetHints":{"allow":["GET"]}}],"collection":[{"href":"https:\/\/www.ades-grenoble.org\/wordpress\/wp-json\/wp\/v2\/posts"}],"about":[{"href":"https:\/\/www.ades-grenoble.org\/wordpress\/wp-json\/wp\/v2\/types\/post"}],"author":[{"embeddable":true,"href":"https:\/\/www.ades-grenoble.org\/wordpress\/wp-json\/wp\/v2\/users\/1"}],"replies":[{"embeddable":true,"href":"https:\/\/www.ades-grenoble.org\/wordpress\/wp-json\/wp\/v2\/comments?post=21607"}],"version-history":[{"count":1,"href":"https:\/\/www.ades-grenoble.org\/wordpress\/wp-json\/wp\/v2\/posts\/21607\/revisions"}],"predecessor-version":[{"id":21608,"href":"https:\/\/www.ades-grenoble.org\/wordpress\/wp-json\/wp\/v2\/posts\/21607\/revisions\/21608"}],"wp:attachment":[{"href":"https:\/\/www.ades-grenoble.org\/wordpress\/wp-json\/wp\/v2\/media?parent=21607"}],"wp:term":[{"taxonomy":"category","embeddable":true,"href":"https:\/\/www.ades-grenoble.org\/wordpress\/wp-json\/wp\/v2\/categories?post=21607"},{"taxonomy":"post_tag","embeddable":true,"href":"https:\/\/www.ades-grenoble.org\/wordpress\/wp-json\/wp\/v2\/tags?post=21607"}],"curies":[{"name":"wp","href":"https:\/\/api.w.org\/{rel}","templated":true}]}}