{"id":21611,"date":"2023-04-14T11:02:26","date_gmt":"2023-04-14T09:02:26","guid":{"rendered":"https:\/\/www.ades-grenoble.org\/wordpress\/?p=21611"},"modified":"2023-04-18T13:03:48","modified_gmt":"2023-04-18T11:03:48","slug":"un-peu-de-lecture-pour-un-week-end-studieux-6","status":"publish","type":"post","link":"https:\/\/www.ades-grenoble.org\/wordpress\/2023\/04\/14\/un-peu-de-lecture-pour-un-week-end-studieux-6\/","title":{"rendered":"Un peu de lecture pour un week-end studieux :"},"content":{"rendered":"<div class=\"wp-block-image is-style-default\">\n<figure class=\"alignleft size-full\"><img loading=\"lazy\" decoding=\"async\" width=\"280\" height=\"373\" src=\"https:\/\/www.ades-grenoble.org\/wordpress\/wp-content\/uploads\/2023\/04\/lecture.jpg\" alt=\"\" class=\"wp-image-21619\" srcset=\"https:\/\/www.ades-grenoble.org\/wordpress\/wp-content\/uploads\/2023\/04\/lecture.jpg 280w, https:\/\/www.ades-grenoble.org\/wordpress\/wp-content\/uploads\/2023\/04\/lecture-225x300.jpg 225w, https:\/\/www.ades-grenoble.org\/wordpress\/wp-content\/uploads\/2023\/04\/lecture-113x150.jpg 113w\" sizes=\"auto, (max-width: 280px) 100vw, 280px\" \/><\/figure>\n<\/div>\n\n\n<p><strong>Une journ\u00e9e fasciste&nbsp;: C\u00e9lestin et Elise Freinet, p\u00e9dagogues et militants.<\/strong>&nbsp; Education et R\u00e9sistance, Laurence De Cock, Ed. Agone, 19 euros.<\/p>\n\n\n\n<p><strong>M\u00e9diator, un crime chimiquement pur.<\/strong> Scandale sanitaire,&nbsp;en BD, E. Giacometti, I. Frachon, F. Duprat. Ed. Delcourt, 23 euros.<\/p>\n\n\n\n<p><strong>L\u2019anthropoc\u00e8ne contre l\u2019histoire. Le r\u00e9chauffement climatique \u00e0 l\u2019\u00e8re du capital<\/strong>.&nbsp;Ecologie politique, A.&nbsp; Malm, Ed. la fabrique, 15 euros.<\/p>\n\n\n\n<p><strong>Pour une \u00e9cologie pirate, Et nous serons libres.<\/strong> Ecologie populaire, F. Ouassak, Ed. la D\u00e9couverte, 4, 99 euros .<\/p>\n\n\n\n<p><strong>Que faire de sa retraite&nbsp;? Une vie \u00e0 r\u00e9inventer.<\/strong>&nbsp;Citoyennet\u00e9, B. Goussault, Ed. de l\u2019Atelier, 18 euros.<\/p>\n","protected":false},"excerpt":{"rendered":"<p>Une journ\u00e9e fasciste&nbsp;: C\u00e9lestin et Elise Freinet, p\u00e9dagogues et militants.&nbsp; Education et R\u00e9sistance, Laurence De Cock, Ed. Agone, 19 euros. M\u00e9diator, un crime chimiquement pur. Scandale sanitaire,&nbsp;en BD, E. Giacometti, I. Frachon, F. Duprat. Ed. Delcourt, 23 euros. L\u2019anthropoc\u00e8ne contre l\u2019histoire. Le r\u00e9chauffement climatique \u00e0 l\u2019\u00e8re du capital.&nbsp;Ecologie politique, A.&nbsp; Malm, Ed. la fabrique, 15 [&hellip;]<\/p>\n","protected":false},"author":1,"featured_media":0,"comment_status":"closed","ping_status":"open","sticky":false,"template":"","format":"standard","meta":{"twitterCardType":"","cardImageID":0,"cardImage":"","cardTitle":"","cardDesc":"","cardImageAlt":"","cardPlayer":"","cardPlayerWidth":0,"cardPlayerHeight":0,"cardPlayerStream":"","cardPlayerCodec":"","footnotes":""},"categories":[62,11],"tags":[353],"class_list":["post-21611","post","type-post","status-publish","format-standard","hentry","category-le-rouge-le-vert-hebdo","category-politique-locale","tag-lecture"],"_links":{"self":[{"href":"https:\/\/www.ades-grenoble.org\/wordpress\/wp-json\/wp\/v2\/posts\/21611","targetHints":{"allow":["GET"]}}],"collection":[{"href":"https:\/\/www.ades-grenoble.org\/wordpress\/wp-json\/wp\/v2\/posts"}],"about":[{"href":"https:\/\/www.ades-grenoble.org\/wordpress\/wp-json\/wp\/v2\/types\/post"}],"author":[{"embeddable":true,"href":"https:\/\/www.ades-grenoble.org\/wordpress\/wp-json\/wp\/v2\/users\/1"}],"replies":[{"embeddable":true,"href":"https:\/\/www.ades-grenoble.org\/wordpress\/wp-json\/wp\/v2\/comments?post=21611"}],"version-history":[{"count":2,"href":"https:\/\/www.ades-grenoble.org\/wordpress\/wp-json\/wp\/v2\/posts\/21611\/revisions"}],"predecessor-version":[{"id":21620,"href":"https:\/\/www.ades-grenoble.org\/wordpress\/wp-json\/wp\/v2\/posts\/21611\/revisions\/21620"}],"wp:attachment":[{"href":"https:\/\/www.ades-grenoble.org\/wordpress\/wp-json\/wp\/v2\/media?parent=21611"}],"wp:term":[{"taxonomy":"category","embeddable":true,"href":"https:\/\/www.ades-grenoble.org\/wordpress\/wp-json\/wp\/v2\/categories?post=21611"},{"taxonomy":"post_tag","embeddable":true,"href":"https:\/\/www.ades-grenoble.org\/wordpress\/wp-json\/wp\/v2\/tags?post=21611"}],"curies":[{"name":"wp","href":"https:\/\/api.w.org\/{rel}","templated":true}]}}