{"id":21613,"date":"2023-04-14T11:05:08","date_gmt":"2023-04-14T09:05:08","guid":{"rendered":"https:\/\/www.ades-grenoble.org\/wordpress\/?p=21613"},"modified":"2023-04-14T18:23:44","modified_gmt":"2023-04-14T16:23:44","slug":"agenda-220","status":"publish","type":"post","link":"https:\/\/www.ades-grenoble.org\/wordpress\/2023\/04\/14\/agenda-220\/","title":{"rendered":"Agenda"},"content":{"rendered":"<div class=\"wp-block-image is-style-default\">\n<figure class=\"alignleft size-full\"><img loading=\"lazy\" decoding=\"async\" width=\"184\" height=\"183\" src=\"https:\/\/www.ades-grenoble.org\/wordpress\/wp-content\/uploads\/2015\/05\/non-lyon-turin.jpg\" alt=\"\" class=\"wp-image-10132\" srcset=\"https:\/\/www.ades-grenoble.org\/wordpress\/wp-content\/uploads\/2015\/05\/non-lyon-turin.jpg 184w, https:\/\/www.ades-grenoble.org\/wordpress\/wp-content\/uploads\/2015\/05\/non-lyon-turin-150x150.jpg 150w, https:\/\/www.ades-grenoble.org\/wordpress\/wp-content\/uploads\/2015\/05\/non-lyon-turin-144x144.jpg 144w\" sizes=\"auto, (max-width: 184px) 100vw, 184px\" \/><\/figure>\n<\/div>\n\n\n<p><strong>Dimanche 16 avril \u00e0 Saint Jean de Maurienne de 9 h 30 \u00e0 18 h\u00a0: <\/strong><a rel=\"noreferrer noopener\" href=\"https:\/\/vamaurienne.ovh\/journee-conviviale-et-festive-des-opposants-au-lyon-turin\/\" target=\"_blank\"><strong>journ\u00e9e conviviale et festive pour \u00e9changer entre opposants au projet Lyon-Turin<\/strong>,<\/a> sur les actions pass\u00e9es et \u00e0 venir tout en profitant de bons moments ensemble.<\/p>\n\n\n\n<hr class=\"wp-block-separator has-alpha-channel-opacity\"\/>\n\n\n\n<p><strong>P\u00e9tition pour la gratuit\u00e9 des transports en commun et le RER grenoblois<\/strong>\u00a0\u00e0 signer <a href=\"http:\/\/www.gratuite-transports-publics.ouvaton.org\/petition\/\" target=\"_blank\" rel=\"noreferrer noopener\">ici<\/a>.<\/p>\n","protected":false},"excerpt":{"rendered":"<p>Dimanche 16 avril \u00e0 Saint Jean de Maurienne de 9 h 30 \u00e0 18 h\u00a0: journ\u00e9e conviviale et festive pour \u00e9changer entre opposants au projet Lyon-Turin, sur les actions pass\u00e9es et \u00e0 venir tout en profitant de bons moments ensemble. P\u00e9tition pour la gratuit\u00e9 des transports en commun et le RER grenoblois\u00a0\u00e0 signer ici.<\/p>\n","protected":false},"author":1,"featured_media":0,"comment_status":"closed","ping_status":"open","sticky":false,"template":"","format":"standard","meta":{"twitterCardType":"","cardImageID":0,"cardImage":"","cardTitle":"","cardDesc":"","cardImageAlt":"","cardPlayer":"","cardPlayerWidth":0,"cardPlayerHeight":0,"cardPlayerStream":"","cardPlayerCodec":"","footnotes":""},"categories":[62,11],"tags":[125],"class_list":["post-21613","post","type-post","status-publish","format-standard","hentry","category-le-rouge-le-vert-hebdo","category-politique-locale","tag-agenda"],"_links":{"self":[{"href":"https:\/\/www.ades-grenoble.org\/wordpress\/wp-json\/wp\/v2\/posts\/21613","targetHints":{"allow":["GET"]}}],"collection":[{"href":"https:\/\/www.ades-grenoble.org\/wordpress\/wp-json\/wp\/v2\/posts"}],"about":[{"href":"https:\/\/www.ades-grenoble.org\/wordpress\/wp-json\/wp\/v2\/types\/post"}],"author":[{"embeddable":true,"href":"https:\/\/www.ades-grenoble.org\/wordpress\/wp-json\/wp\/v2\/users\/1"}],"replies":[{"embeddable":true,"href":"https:\/\/www.ades-grenoble.org\/wordpress\/wp-json\/wp\/v2\/comments?post=21613"}],"version-history":[{"count":2,"href":"https:\/\/www.ades-grenoble.org\/wordpress\/wp-json\/wp\/v2\/posts\/21613\/revisions"}],"predecessor-version":[{"id":21615,"href":"https:\/\/www.ades-grenoble.org\/wordpress\/wp-json\/wp\/v2\/posts\/21613\/revisions\/21615"}],"wp:attachment":[{"href":"https:\/\/www.ades-grenoble.org\/wordpress\/wp-json\/wp\/v2\/media?parent=21613"}],"wp:term":[{"taxonomy":"category","embeddable":true,"href":"https:\/\/www.ades-grenoble.org\/wordpress\/wp-json\/wp\/v2\/categories?post=21613"},{"taxonomy":"post_tag","embeddable":true,"href":"https:\/\/www.ades-grenoble.org\/wordpress\/wp-json\/wp\/v2\/tags?post=21613"}],"curies":[{"name":"wp","href":"https:\/\/api.w.org\/{rel}","templated":true}]}}