{"id":21623,"date":"2023-04-21T14:51:53","date_gmt":"2023-04-21T12:51:53","guid":{"rendered":"https:\/\/www.ades-grenoble.org\/wordpress\/?p=21623"},"modified":"2023-04-21T15:54:24","modified_gmt":"2023-04-21T13:54:24","slug":"videosurveillance-biometrique-derriere-ladoption-du-texte-la-victoire-dun-lobby","status":"publish","type":"post","link":"https:\/\/www.ades-grenoble.org\/wordpress\/2023\/04\/21\/videosurveillance-biometrique-derriere-ladoption-du-texte-la-victoire-dun-lobby\/","title":{"rendered":"Vid\u00e9osurveillance biom\u00e9trique : derri\u00e8re l\u2019adoption du texte, la victoire d\u2019un lobby"},"content":{"rendered":"<div class=\"wp-block-image is-style-default\">\n<figure class=\"alignleft size-full\"><img loading=\"lazy\" decoding=\"async\" width=\"300\" height=\"214\" src=\"https:\/\/www.ades-grenoble.org\/wordpress\/wp-content\/uploads\/2019\/09\/QuadratureNet.jpg\" alt=\"\" class=\"wp-image-16255\" srcset=\"https:\/\/www.ades-grenoble.org\/wordpress\/wp-content\/uploads\/2019\/09\/QuadratureNet.jpg 300w, https:\/\/www.ades-grenoble.org\/wordpress\/wp-content\/uploads\/2019\/09\/QuadratureNet-150x107.jpg 150w\" sizes=\"auto, (max-width: 300px) 100vw, 300px\" \/><\/figure>\n<\/div>\n\n\n<p>L\u2019association \u00ab\u00a0<em>La Quadrature du Net<\/em>\u00a0\u00bb promeut et d\u00e9fend les libert\u00e9s fondamentales dans l\u2019environnement num\u00e9rique, elle lutte contre la censure et la surveillance, que celles-ci viennent des \u00c9tats ou des entreprises priv\u00e9es. Elle questionne la fa\u00e7on dont le num\u00e9rique et la soci\u00e9t\u00e9 s\u2019influencent mutuellement. Elle \u0153uvre pour un Internet libre, d\u00e9centralis\u00e9 et \u00e9mancipateur.<\/p>\n\n\n\n<p>Dans <a href=\"https:\/\/www.laquadrature.net\/2023\/04\/05\/videosurveillance-biometrique-derriere-ladoption-du-texte-la-victoire-dun-lobby\/\" target=\"_blank\" rel=\"noreferrer noopener\">un article du 5 avril<\/a>, la Quadrature du net fait une analyse tr\u00e8s d\u00e9taill\u00e9e de la victoire d\u2019un puissant lobby qui a impos\u00e9 l\u2019adoption de la loi sur les JO de Paris le 12 avril 2023.<\/p>\n\n\n\n<p>Les d\u00e9put\u00e9-es LFI et EELV ont d\u00e9pos\u00e9 le 17 avril <a rel=\"noreferrer noopener\" href=\"https:\/\/www.conseil-constitutionnel.fr\/sites\/default\/files\/2023-04\/2023850dc_saisinedep.pdf\" target=\"_blank\">un recours devant le Conseil constitutionnel contre ce texte<\/a>.<\/p>\n\n\n\n<!--more-->\n\n\n\n<p><em>\u00ab&nbsp;Derri\u00e8re l\u2019adoption la semaine derni\u00e8re par l\u2019Assembl\u00e9e nationale du projet de loi sur les Jeux olympiques et son article 7 sur la vid\u00e9osurveillance biom\u00e9trique, il y a aussi la victoire d\u2019un lobby. M\u00ealant multinationales de la s\u00e9curit\u00e9, start-up de l\u2019intelligence artificielle et d\u00e9cideurs publics adeptes de la r\u00e9pression, ce lobby avance ses pions pour r\u00e9cup\u00e9rer les parts d\u2019un march\u00e9 estim\u00e9 \u00e0 plusieurs milliards d\u2019euros, bien loin de toute notion de transparence et de d\u00e9bat public.<\/em><\/p>\n\n\n\n<p><em>Cet article est r\u00e9alis\u00e9 dans le cadre d\u2019un travail commun entre LQDN et l\u2019<a href=\"https:\/\/multinationales.org\/fr\/\">Observatoire des multinationales<\/a>.<\/em><\/p>\n\n\n\n<p><em>La semaine derni\u00e8re, l\u2019Assembl\u00e9e nationale a&nbsp;<a href=\"https:\/\/www.assemblee-nationale.fr\/dyn\/16\/dossiers\/DLR5L16N46918\">adopt\u00e9<\/a>&nbsp;le projet de loi \u00ab&nbsp;relatif aux jeux Olympiques et Paralympiques de 2024&nbsp;\u00bb. D\u00e9j\u00e0 vot\u00e9 par le S\u00e9nat en janvier dernier, ce texte contient un article 7 qui autorise l\u2019exp\u00e9rimentation de la vid\u00e9osurveillance automatis\u00e9e sur le territoire fran\u00e7ais.<\/em><\/p>\n\n\n\n<p><em>Comme l\u2019a&nbsp;<a href=\"https:\/\/www.laquadrature.net\/biometrie-jo\/\">rappel\u00e9<\/a>&nbsp;La Quadrature du Net, cet article ent\u00e9rine un&nbsp;changement d\u2019\u00e9chelle sans pr\u00e9c\u00e9dent dans les capacit\u00e9s de surveillance et de r\u00e9pression de l\u2019\u00c9tat et de sa police. La vid\u00e9osurveillance automatis\u00e9e (VSA) est un outil de surveillance biom\u00e9trique qui, \u00e0 travers des algorithmes coupl\u00e9s aux cam\u00e9ras de surveillance, d\u00e9tecte, analyse et classe nos corps et comportements dans l\u2019espace public pour alerter les services de police et faciliter le suivi des personnes.<\/em><\/p>\n\n\n\n<p><em>Apr\u00e8s le d\u00e9ploiement ininterrompu des cam\u00e9ras de vid\u00e9osurveillance (dont le nombre exact n\u2019est toujours pas connu), il s\u2019agit d\u2019une nouvelle \u00e9tape dans la surveillance du territoire. Alors que la VSA est exp\u00e9riment\u00e9e depuis plusieurs ann\u00e9es en toute ill\u00e9galit\u00e9, ce projet de loi sur les Jeux Olympiques vient la l\u00e9galiser et donner le champ libre aux industriels pour perfectionner et installer dans la dur\u00e9e leurs outils d\u2019algorithmisation de l\u2019espace public.<\/em><\/p>\n\n\n\n<p><em>Un march\u00e9 \u00e0 plusieurs milliards d\u2019euros<\/em><\/p>\n\n\n\n<p><em>Comme tout terrain d\u2019influence des lobbies, la vid\u00e9osurveillance automatis\u00e9e est avant tout un march\u00e9 en pleine expansion. Si l\u2019on en croit&nbsp;<a href=\"https:\/\/www.cnil.fr\/sites\/default\/files\/atoms\/files\/cameras-intelligentes-augmentees_position_cnil.pdf\">la CNIL<\/a>, qui se base elle-m\u00eame sur l\u2019\u00e9tude d\u2019un cabinet am\u00e9ricain,&nbsp;le march\u00e9 repr\u00e9sentait en 2020, au niveau mondial, plus de 11 milliards de dollars, avec une croissance de 7% par an (pour celui de la&nbsp;<a href=\"https:\/\/telquel.ma\/2021\/07\/02\/ce-que-pese-le-marche-mondial-de-la-videosurveillance_1727755\">vid\u00e9osurveillance<\/a>, c\u2019est m\u00eame 45 milliards en 2020 et 76 milliards estim\u00e9s en 2025).<\/em><\/p>\n\n\n\n<p><em>L\u2019argent attirant l\u2019argent,&nbsp;les grands groupes et les start-up du secteur encha\u00eenent les lev\u00e9es de fonds, aussi bien aupr\u00e8s des acteurs publics que priv\u00e9s. Dernier exemple en date, la start-up&nbsp;<a href=\"https:\/\/www.maddyness.com\/2023\/03\/20\/xxii-22-millions-intelligence-artificielle\/\">XXII<\/a>&nbsp;qui a lev\u00e9 il y a quelques semaines 22 millions d\u2019euros pour sa solution de surveillance automatis\u00e9e aupr\u00e8s de Bpifrance. En 2018, c\u2019\u00e9tait&nbsp;<a href=\"https:\/\/lesjours.fr\/obsessions\/thales-surveillance\/ep1-nice-safe-city\/\">Thales<\/a>&nbsp;qui avait lev\u00e9 18 millions d\u2019euros pour sa solution de \u00ab&nbsp;Safe City&nbsp;\u00bb \u00e0 Nice et \u00e0 La D\u00e9fense. Notons aussi&nbsp;<a href=\"https:\/\/www.welikestartup.com\/blog\/levee-de-fonds-sensivic\">Sensivic<\/a>, qui d\u00e9veloppe de l\u2019audiosurveillance automatis\u00e9e, et qui a lev\u00e9 1,6 million en juin dernier.<\/em><\/p>\n\n\n\n<p><em>N\u2019oublions pas les financements publics directs qui affluent dans le secteur de la vid\u00e9osurveillance et qui motivent d\u2019autant plus les entreprises \u00e0 se positionner sur le march\u00e9 pour r\u00e9colter le pactole.&nbsp;En 2022, ce sont&nbsp;<a href=\"https:\/\/www.banquedesterritoires.fr\/videoprotection-contrat-dengagement-republicain-les-nouveautes-de-la-circulaire-fipd-pour-2022\">80 millions d\u2019euros<\/a>&nbsp;du fonds de pr\u00e9vention contre la d\u00e9linquance qui ont \u00e9t\u00e9 allou\u00e9s principalement \u00e0 la bien mal nomm\u00e9e vid\u00e9oprotection&nbsp;(une augmentation de 10 millions par rapport \u00e0 l\u2019ann\u00e9e pr\u00e9c\u00e9dente).<\/em><\/p>\n\n\n\n<p><em>Tant d\u2019argent qui am\u00e8ne tout un \u00e9cosyst\u00e8me \u00e0 s\u2019organiser le plus efficacement possible pour profiter du g\u00e2teau\u2026\u00a0\u00bb<\/em><\/p>\n","protected":false},"excerpt":{"rendered":"<p>L\u2019association \u00ab\u00a0La Quadrature du Net\u00a0\u00bb promeut et d\u00e9fend les libert\u00e9s fondamentales dans l\u2019environnement num\u00e9rique, elle lutte contre la censure et la surveillance, que celles-ci viennent des \u00c9tats ou des entreprises priv\u00e9es. Elle questionne la fa\u00e7on dont le num\u00e9rique et la soci\u00e9t\u00e9 s\u2019influencent mutuellement. Elle \u0153uvre pour un Internet libre, d\u00e9centralis\u00e9 et \u00e9mancipateur. Dans un article [&hellip;]<\/p>\n","protected":false},"author":1,"featured_media":0,"comment_status":"closed","ping_status":"open","sticky":false,"template":"","format":"standard","meta":{"twitterCardType":"","cardImageID":0,"cardImage":"","cardTitle":"","cardDesc":"","cardImageAlt":"","cardPlayer":"","cardPlayerWidth":0,"cardPlayerHeight":0,"cardPlayerStream":"","cardPlayerCodec":"","footnotes":""},"categories":[62,11],"tags":[279,75],"class_list":["post-21623","post","type-post","status-publish","format-standard","hentry","category-le-rouge-le-vert-hebdo","category-politique-locale","tag-libertes","tag-videosurveillance"],"_links":{"self":[{"href":"https:\/\/www.ades-grenoble.org\/wordpress\/wp-json\/wp\/v2\/posts\/21623","targetHints":{"allow":["GET"]}}],"collection":[{"href":"https:\/\/www.ades-grenoble.org\/wordpress\/wp-json\/wp\/v2\/posts"}],"about":[{"href":"https:\/\/www.ades-grenoble.org\/wordpress\/wp-json\/wp\/v2\/types\/post"}],"author":[{"embeddable":true,"href":"https:\/\/www.ades-grenoble.org\/wordpress\/wp-json\/wp\/v2\/users\/1"}],"replies":[{"embeddable":true,"href":"https:\/\/www.ades-grenoble.org\/wordpress\/wp-json\/wp\/v2\/comments?post=21623"}],"version-history":[{"count":1,"href":"https:\/\/www.ades-grenoble.org\/wordpress\/wp-json\/wp\/v2\/posts\/21623\/revisions"}],"predecessor-version":[{"id":21624,"href":"https:\/\/www.ades-grenoble.org\/wordpress\/wp-json\/wp\/v2\/posts\/21623\/revisions\/21624"}],"wp:attachment":[{"href":"https:\/\/www.ades-grenoble.org\/wordpress\/wp-json\/wp\/v2\/media?parent=21623"}],"wp:term":[{"taxonomy":"category","embeddable":true,"href":"https:\/\/www.ades-grenoble.org\/wordpress\/wp-json\/wp\/v2\/categories?post=21623"},{"taxonomy":"post_tag","embeddable":true,"href":"https:\/\/www.ades-grenoble.org\/wordpress\/wp-json\/wp\/v2\/tags?post=21623"}],"curies":[{"name":"wp","href":"https:\/\/api.w.org\/{rel}","templated":true}]}}