{"id":21634,"date":"2023-04-21T15:29:49","date_gmt":"2023-04-21T13:29:49","guid":{"rendered":"https:\/\/www.ades-grenoble.org\/wordpress\/?p=21634"},"modified":"2023-04-21T15:54:52","modified_gmt":"2023-04-21T13:54:52","slug":"le-service-des-urgences-du-chu-de-grenoble-au-bord-du-craquage","status":"publish","type":"post","link":"https:\/\/www.ades-grenoble.org\/wordpress\/2023\/04\/21\/le-service-des-urgences-du-chu-de-grenoble-au-bord-du-craquage\/","title":{"rendered":"Le service des urgences du CHU de Grenoble \u00ab au bord du craquage \u00bb"},"content":{"rendered":"<div class=\"wp-block-image is-style-default\">\n<figure class=\"alignleft size-full\"><img loading=\"lazy\" decoding=\"async\" width=\"380\" height=\"178\" src=\"https:\/\/www.ades-grenoble.org\/wordpress\/wp-content\/uploads\/2020\/10\/urgences.jpg\" alt=\"\" class=\"wp-image-17929\" srcset=\"https:\/\/www.ades-grenoble.org\/wordpress\/wp-content\/uploads\/2020\/10\/urgences.jpg 380w, https:\/\/www.ades-grenoble.org\/wordpress\/wp-content\/uploads\/2020\/10\/urgences-150x70.jpg 150w, https:\/\/www.ades-grenoble.org\/wordpress\/wp-content\/uploads\/2020\/10\/urgences-300x141.jpg 300w\" sizes=\"auto, (max-width: 380px) 100vw, 380px\" \/><\/figure>\n<\/div>\n\n\n<p>La gr\u00e8ve illimit\u00e9e du personnel des urgences du CHU de Grenoble, d\u00e9but\u00e9e le 6 d\u00e9cembre 2022, prend une tournure dramatique. Des patients sont install\u00e9s sur des brancards dans le hall de l&rsquo;h\u00f4pital et un signalement a \u00e9t\u00e9 fait aupr\u00e8s du procureur de la R\u00e9publique pour mise en danger de la sant\u00e9 d&rsquo;autrui.<\/p>\n\n\n\n<p>Aux urgences, les m\u00e9decins et les soignants ont d\u00e9cid\u00e9 de mener des actions chocs pour d\u00e9noncer leur important sous-effectif et leurs conditions de travail, rendues compliqu\u00e9es par la mise en place de l\u2019encadrement de l\u2019int\u00e9rim m\u00e9dical. La semaine derni\u00e8re, un nonag\u00e9naire est mort dans le service apr\u00e8s trois jours pass\u00e9s sur un brancard. C\u2019est le troisi\u00e8me d\u00e9c\u00e8s impr\u00e9vu en six mois.&nbsp;<\/p>\n\n\n\n<p>Ce n\u2019est pas l\u2019annonce de Macron le 17 avril qui d\u00e9clare d\u00e9sengorger les urgences d\u2019ici \u00e0 d\u00e9cembre 2024 qui va rassurer les urgentistes&nbsp;: <em>\u00ab&nbsp;Comment voulez-vous parvenir \u00e0 changer trente ans de casse du service public en vingt mois, sans changer de politique&nbsp;?&nbsp;\u00bb<\/em> explique P. Pelloux le pr\u00e9sident de l\u2019association des m\u00e9decins urgentistes de France.<\/p>\n\n\n\n<p>Un article d\u00e9crit ce qui se passe au CHU de Grenoble\u00a0: <em>\u00ab\u00a0<a href=\"https:\/\/www.egora.fr\/actus-pro\/urgences\/79987-la-direction-nous-a-traites-de-terroristes-surcharges-les-soignants-des\" target=\"_blank\" rel=\"noreferrer noopener\">La direction nous a trait\u00e9s de terroristes\u00a0\u00bb : surcharg\u00e9s, les soignants des urgences de Grenoble r\u00e9quisitionnent le hall\u00a0<\/a>\u00bb<\/em><\/p>\n\n\n\n<!--more-->\n\n\n\n<p><em>\u201cOn est les seuls t\u00e9moins de ce qui se passe aux urgences et ce qui s\u2019y passe est terriblement malsain. On est plus que maltraitant malgr\u00e9 nous\u201d,<\/em>&nbsp;t\u00e9moigne anonymement aupr\u00e8s de&nbsp;<em>Lib\u00e9ration<\/em>&nbsp;un soignant du service des urgences du CHU de Grenoble (Is\u00e8re), quelques jours apr\u00e8s le d\u00e9c\u00e8s d\u2019un nonag\u00e9naire. Ce patient, admis pour une infection pulmonaire le 12 avril, a \u00e9t\u00e9 retrouv\u00e9 sans vie sur un brancard, apr\u00e8s trois jours d\u2019hospitalisation.&nbsp;<em>\u201cLors de son admission, son pronostic vital n\u2019\u00e9tait pas engag\u00e9. Il \u00e9tait \u00e2g\u00e9 mais autonome chez lui. Comme on n\u2019est pas assez nombreux pour s\u2019occuper de tous les patients qui stagnent aux urgences, on avait relev\u00e9 les barri\u00e8res de son lit porte par mesure de s\u00e9curit\u00e9. Il a fait toutes les complications dues \u00e0 l\u2019alitement prolong\u00e9\u201d<\/em>, indique un m\u00e9decin.&nbsp;<\/p>\n\n\n\n<p>Pour l\u2019\u00e9quipe soignante, c\u2019est le d\u00e9c\u00e8s \u201cde trop\u201d.&nbsp;<em>\u201cCet homme est mort seul dans une salle sans fen\u00eatre et sans pouvoir revoir sa famille<\/em>, s\u2019\u00e9trangle une coll\u00e8gue.&nbsp;<em>Depuis le Covid, l\u2019encombrement est tel qu\u2019on n\u2019accepte plus les proches. En apprenant le d\u00e9c\u00e8s, la famille nous a trait\u00e9s d\u2019&rsquo;h\u00f4pital de salauds'\u00a0\u00bb<\/em>, l\u00e2che un membre d\u00e9sabus\u00e9 de l\u2019\u00e9quipe. Comme ce patient, deux autres personnes sont mortes pendant leur passage aux urgences. D\u00e9but d\u00e9cembre, lorsqu&rsquo;une patiente de psychiatrie avait \u00e9t\u00e9 retrouv\u00e9e morte dans les toilettes, le corps m\u00e9dical avait m\u00eame initi\u00e9 une gr\u00e8ve pour d\u00e9noncer leurs conditions de travail et surtout, le grave manque d\u2019effectifs.&nbsp;<\/p>\n\n\n\n<p>Aux urgences du CHU de Grenoble, les m\u00e9decins ne travaillent plus que sur r\u00e9quisition, confie l\u2019un d\u2019eux. Ils sont 29 \u00e0 tourner, alors qu&rsquo;il en faudrait 52. Lors de la mise en place de la Loi Rist et du plafonnement de l\u2019int\u00e9rim m\u00e9dical au d\u00e9but du mois, tous ont d\u00e9cid\u00e9 de se mobiliser en commen\u00e7ant par signaler tous les \u00e9v\u00e9nements ind\u00e9sirables du service (d\u00e9c\u00e8s, passages de plus de 24h, etc)&#8230; mais rien n\u2019y fait : la direction reste \u201csourde aux alertes\u201d.&nbsp;<\/p>\n\n\n\n<p>L\u2019\u00e9quipe a donc d\u00e9cid\u00e9 de mettre en place une action choc afin de&nbsp;<em>\u201crendre l\u2019invisible, visible\u201d.&nbsp;<\/em>Le 11 avril dernier, 9 patients stables qui attendaient ont \u00e9t\u00e9 transf\u00e9r\u00e9s dans le couloir central du service (avec leur accord et celui de leurs proches), transform\u00e9 pour l\u2019occasion, en \u201czone d\u2019attente d\u2019hospitalisation\u201d.<em>&nbsp;\u201cOn a transform\u00e9 le hall en Zadh\u201d,<\/em>&nbsp;glisse une urgentiste.<em>&nbsp;\u201cLa direction nous a trait\u00e9s de \u2018terroristes\u2019. \u201cMais c\u2019\u00e9tait le seul moyen de la contraindre \u00e0 chercher des solutions d\u2019hospitalisation pour des patients que nous n\u2019avons pas les moyens de prendre en charge sur la dur\u00e9e.\u201d&nbsp;<\/em><\/p>\n\n\n\n<p>Suite \u00e0 cette action, la direction a d\u00e9cid\u00e9 de rappeler aux m\u00e9decins que<em>&nbsp;\u201csi leur responsabilit\u00e9 ne pourra \u00eatre engag\u00e9e pour des difficult\u00e9s \u00e0 l\u2019organisation des prises en charge au sein du service, il en va de m\u00eame en cas de transferts de patients dans une \u2018zone publique hors soin\u2019\u201d.<\/em>&nbsp;Lib\u00e9ration pr\u00e9cise que cette derni\u00e8re se dit en \u201cconfiance dans les actions engag\u00e9es collectivement depuis plusieurs mois\u201d. Mais, plut\u00f4t que d\u2019ouvrir de nouveaux lits et d\u2019engager de nouveaux m\u00e9decins, elle a d\u00e9cid\u00e9 de d\u00e9programmer des patients des \u00e9tages.<em>&nbsp;\u201cOn en a assez de devoir assumer seuls vis-\u00e0-vis des familles alors qu\u2019on n\u2019a pas les moyens de pr\u00e9venir les drames\u201d,<\/em>&nbsp;a r\u00e9agi un m\u00e9decin.&nbsp;<\/p>\n\n\n\n<p>En attendant de trouver une sortie de crise, tous les m\u00e9decins de l\u2019\u00e9quipe se sont ajout\u00e9s&nbsp;des demi-gardes jusqu\u2019\u00e0 23 heures.&nbsp;<em>\u201cEntre mai et septembre, il nous manque 5 000 heures de pr\u00e9sence m\u00e9dicale pour boucler les plannings ! Si on veut \u00e9viter la catastrophe cet \u00e9t\u00e9, soit on obtient du renfort des sp\u00e9cialistes des \u00e9tages, soit il nous faudra des int\u00e9rimaires.\u201d&nbsp;<\/em><\/p>\n\n\n\n<p>Ils envisagent de se mettre en arr\u00eat \u00e0 partir du 24 avril prochain si rien ne venait \u00e0 changer.\u00a0\u00bb<\/p>\n","protected":false},"excerpt":{"rendered":"<p>La gr\u00e8ve illimit\u00e9e du personnel des urgences du CHU de Grenoble, d\u00e9but\u00e9e le 6 d\u00e9cembre 2022, prend une tournure dramatique. Des patients sont install\u00e9s sur des brancards dans le hall de l&rsquo;h\u00f4pital et un signalement a \u00e9t\u00e9 fait aupr\u00e8s du procureur de la R\u00e9publique pour mise en danger de la sant\u00e9 d&rsquo;autrui. Aux urgences, les [&hellip;]<\/p>\n","protected":false},"author":1,"featured_media":0,"comment_status":"closed","ping_status":"open","sticky":false,"template":"","format":"standard","meta":{"twitterCardType":"","cardImageID":0,"cardImage":"","cardTitle":"","cardDesc":"","cardImageAlt":"","cardPlayer":"","cardPlayerWidth":0,"cardPlayerHeight":0,"cardPlayerStream":"","cardPlayerCodec":"","footnotes":""},"categories":[62,11],"tags":[373,99,386],"class_list":["post-21634","post","type-post","status-publish","format-standard","hentry","category-le-rouge-le-vert-hebdo","category-politique-locale","tag-chu","tag-sante","tag-urgence"],"_links":{"self":[{"href":"https:\/\/www.ades-grenoble.org\/wordpress\/wp-json\/wp\/v2\/posts\/21634","targetHints":{"allow":["GET"]}}],"collection":[{"href":"https:\/\/www.ades-grenoble.org\/wordpress\/wp-json\/wp\/v2\/posts"}],"about":[{"href":"https:\/\/www.ades-grenoble.org\/wordpress\/wp-json\/wp\/v2\/types\/post"}],"author":[{"embeddable":true,"href":"https:\/\/www.ades-grenoble.org\/wordpress\/wp-json\/wp\/v2\/users\/1"}],"replies":[{"embeddable":true,"href":"https:\/\/www.ades-grenoble.org\/wordpress\/wp-json\/wp\/v2\/comments?post=21634"}],"version-history":[{"count":1,"href":"https:\/\/www.ades-grenoble.org\/wordpress\/wp-json\/wp\/v2\/posts\/21634\/revisions"}],"predecessor-version":[{"id":21635,"href":"https:\/\/www.ades-grenoble.org\/wordpress\/wp-json\/wp\/v2\/posts\/21634\/revisions\/21635"}],"wp:attachment":[{"href":"https:\/\/www.ades-grenoble.org\/wordpress\/wp-json\/wp\/v2\/media?parent=21634"}],"wp:term":[{"taxonomy":"category","embeddable":true,"href":"https:\/\/www.ades-grenoble.org\/wordpress\/wp-json\/wp\/v2\/categories?post=21634"},{"taxonomy":"post_tag","embeddable":true,"href":"https:\/\/www.ades-grenoble.org\/wordpress\/wp-json\/wp\/v2\/tags?post=21634"}],"curies":[{"name":"wp","href":"https:\/\/api.w.org\/{rel}","templated":true}]}}