{"id":21653,"date":"2023-04-28T15:24:00","date_gmt":"2023-04-28T13:24:00","guid":{"rendered":"https:\/\/www.ades-grenoble.org\/wordpress\/?p=21653"},"modified":"2023-04-28T20:18:29","modified_gmt":"2023-04-28T18:18:29","slug":"mayotte-des-rappels-indispensables-pour-comprendre","status":"publish","type":"post","link":"https:\/\/www.ades-grenoble.org\/wordpress\/2023\/04\/28\/mayotte-des-rappels-indispensables-pour-comprendre\/","title":{"rendered":"Mayotte : des rappels indispensables pour comprendre"},"content":{"rendered":"<div class=\"wp-block-image is-style-default\">\n<figure class=\"alignleft size-full\"><img loading=\"lazy\" decoding=\"async\" width=\"380\" height=\"214\" src=\"https:\/\/www.ades-grenoble.org\/wordpress\/wp-content\/uploads\/2023\/04\/MayotteWuambushu.jpg\" alt=\"\" class=\"wp-image-21655\" srcset=\"https:\/\/www.ades-grenoble.org\/wordpress\/wp-content\/uploads\/2023\/04\/MayotteWuambushu.jpg 380w, https:\/\/www.ades-grenoble.org\/wordpress\/wp-content\/uploads\/2023\/04\/MayotteWuambushu-300x169.jpg 300w, https:\/\/www.ades-grenoble.org\/wordpress\/wp-content\/uploads\/2023\/04\/MayotteWuambushu-150x84.jpg 150w\" sizes=\"auto, (max-width: 380px) 100vw, 380px\" \/><\/figure>\n<\/div>\n\n\n<p>La d\u00e9monstration de force d\u00e9cid\u00e9e par Macron, pilot\u00e9e par G\u00e9rald Darmanin sur l\u2019\u00eele de Mayotte, a connu d\u00e8s son d\u00e9marrage des rat\u00e9s, bloqu\u00e9e par la justice et par le refus des Comores d\u2019accueillir les personnes expuls\u00e9es.<\/p>\n\n\n\n<p>Le juge des r\u00e9f\u00e9r\u00e9s du tribunal judiciaire \u00ab&nbsp;ordonne au pr\u00e9fet de Mayotte de cesser toute op\u00e9ration d&rsquo;\u00e9vacuation et de d\u00e9molition des habitats&nbsp;\u00bb \u00e0 Majicavo. Il consid\u00e8re que la&nbsp;destruction des habitations \u00ab&nbsp;met en p\u00e9ril&nbsp;la s\u00e9curit\u00e9&nbsp;\u00bb des habitants. Le vice-pr\u00e9sident du conseil d\u00e9partemental, interrog\u00e9 sur l\u2019op\u00e9ration sur Mayotte, a provoqu\u00e9 un toll\u00e9 en sugg\u00e9rant de \u00ab&nbsp;tuer&nbsp;\u00bb des d\u00e9linquants.<\/p>\n\n\n\n<p>Pour comprendre ce qui se passe \u00e0 Mayotte, <a rel=\"noreferrer noopener\" href=\"https:\/\/www.defenseurdesdroits.fr\/fr\/communique-de-presse\/2023\/04\/mayotte-la-defenseure-des-droits-accentue-ses-actions-pour-le-respect\" target=\"_blank\">un communiqu\u00e9 de la D\u00e9fenseure des droits <\/a>rappelle que la n\u00e9cessit\u00e9 de garantir l\u2019ordre public et la s\u00e9curit\u00e9 ne peut, en aucun cas, autoriser des atteintes aux droits et libert\u00e9s fondamentales des personnes.<\/p>\n\n\n\n<p><a href=\"https:\/\/www.cgt.fr\/comm-de-presse\/mayotte-contre-loperation-wuambushu-et-pour-un-reel-acces-aux-droits\" target=\"_blank\" rel=\"noreferrer noopener\">Un communiqu\u00e9 de l\u2019intersyndicale (CGT, FSU, Solidaires)<\/a> et <a href=\"https:\/\/www.mediapart.fr\/journal\/france\/250423\/mayotte-ile-de-la-cruaute\" target=\"_blank\" rel=\"noreferrer noopener\">une analyse d\u2019Edwy Plenel de M\u00e9diapart <\/a>apportent des \u00e9l\u00e9ments de r\u00e9flexion<s>s<\/s> pour prendre position contre cette op\u00e9ration typiquement d\u2019extr\u00eame droite.<\/p>\n\n\n\n<!--more-->\n\n\n\n<p>Voici un extrait&nbsp;du communiqu\u00e9 du 21 avril de l\u2019intersyndicale : <em>\u00ab&nbsp;Nos organisations syndicales CGT, FSU et l\u2019Union syndicale Solidaires s\u2019inqui\u00e8tent fortement de l\u2019op\u00e9ration Wuambushu, organis\u00e9e par G\u00e9rald Darmanin et valid\u00e9e par Emmanuel Macron, pr\u00e9vue \u00e0 Mayotte \u00e0 partir du 21&nbsp;avril<\/em><\/p>\n\n\n\n<p><em>Cette op\u00e9ration pr\u00e9voit de d\u00e9truire massivement des habitats pr\u00e9caires et de multiplier les arrestations et les expulsions quotidiennes jusqu\u2019\u00e0 plusieurs centaines de personnes migrantes issues des \u00eeles voisines. Les destructions visent 5&nbsp;000&nbsp;personnes dans 1&nbsp;000&nbsp;\u00ab&nbsp;bangas&nbsp;\u00bb, soit 10% des habitats en t\u00f4les dans lesquels vit la moiti\u00e9 de la population de Mayotte. Nous craignons, \u00e0 l\u2019instar de nombreuses organisations internationales et nationales (CNCDH, UNICEF, LDH notamment) la multiplication des violences et des atteintes aux droits.<\/em><\/p>\n\n\n\n<p><em>Or la situation \u00e0 Mayotte, d\u00e9partement fran\u00e7ais d\u2019environ 300&nbsp;000&nbsp;habitants est d\u00e9j\u00e0 catastrophique&nbsp;: 80% des habitant-es vivent sous le seuil de pauvret\u00e9 et de nombreuses mesures d\u2019exception sont la r\u00e8gle\u2026<\/em><\/p>\n\n\n\n<p><em>La CGT, la FSU et l\u2019Union syndicale Solidaires appellent le gouvernement \u00e0 arr\u00eater toutes les mesures r\u00e9pressives. Ce qu\u2019il faut \u00e0 Mayotte c\u2019est l\u2019\u00e9galit\u00e9 des droits (y compris pour les \u00e9trangers) et d\u2019acc\u00e8s aux services publics et de r\u00e9els moyens pour la sant\u00e9, l\u2019\u00e9ducation et le logement pour l\u2019ensemble de la population.\u00a0\u00bb<\/em><\/p>\n\n\n\n<p>Voici un extrait de l\u2019article d\u2019Edwy Plenel du 25 avril intitul\u00e9&nbsp;: \u00ab&nbsp;<em>Mayotte, \u00eele de la cruaut\u00e9<\/em>&nbsp;\u00bb<\/p>\n\n\n\n<p><em>\u00ab&nbsp;Devenue d\u00e9partement fran\u00e7ais depuis un r\u00e9f\u00e9rendum en 2009, Mayotte est le fruit d\u2019un rapt (lire&nbsp;<\/em><a href=\"https:\/\/afriquexxi.info\/Mayotte-chronique-d-une-colonisation-consentie\"><em>ce rappel historique de R\u00e9mi Carayol<\/em><\/a><em>&nbsp;sur AfriqueXXI). Violant la r\u00e8gle internationale de respect des fronti\u00e8res, la France l\u2019a arrach\u00e9e \u00e0 l\u2019archipel dont elle faisait partie, les Comores, lors de la d\u00e9colonisation de ce territoire en 1975. Cette annexion est ill\u00e9gale au regard du droit international, qu\u2019il s\u2019agisse des r\u00e9solutions de l\u2019ONU ou de celles de l\u2019Union africaine. De ce m\u00eame droit international que l\u2019on invoque, \u00e0 juste titre, pour combattre les annexions russes qui ont pr\u00e9c\u00e9d\u00e9 la guerre d\u2019invasion contre l\u2019Ukraine. La France qui vote \u00e0 l\u2019ONU les r\u00e9solutions condamnant la Russie en viole donc all\u00e8grement les principes.<\/em><\/p>\n\n\n\n<p><em>Les chantres de la souverainet\u00e9 fran\u00e7aise sur Mayotte opposent au droit international que cette annexion fut conforme \u00e0 la volont\u00e9 majoritaire des Mahorais, faisant fi des int\u00e9r\u00eats de quelques familles de notables qui y ont \u0153uvr\u00e9. En v\u00e9rit\u00e9, comme l\u2019illustr\u00e8rent longtemps les men\u00e9es barbouzardes de mercenaires, dont le fameux Bob Denard, dans cet archipel, il ne s\u2019est jamais agi pour la France de l\u2019int\u00e9r\u00eat des populations locales, mais \u00e9go\u00efstement des siens, dans une logique de puissance imp\u00e9riale au vu de la position strat\u00e9gique de Mayotte dans le canal du Mozambique.<\/em><\/p>\n\n\n\n<p><em>La meilleure preuve en est donn\u00e9e par l\u2019\u00e9tat lamentable dans lequel la France maintient la population de Mayotte et dont un rapport de 2022, r\u00e9dig\u00e9 par six minist\u00e8res et&nbsp;<\/em><a href=\"https:\/\/www.mediapart.fr\/journal\/france\/090323\/le-gouvernement-cache-un-rapport-explosif-sur-la-situation-tragique-de-mayotte\"><em>r\u00e9v\u00e9l\u00e9 par Mediapart<\/em><\/a><em>, dressait un inventaire exhaustif. D\u00e9partement pour la forme, Mayotte est rel\u00e9gu\u00e9e dans les bas-fonds de la R\u00e9publique fran\u00e7aise. Elle en est le d\u00e9partement le plus pauvre, avec 8 personnes sur 10 qui vivent au-dessous du seuil de pauvret\u00e9, un actif sur trois au ch\u00f4mage et une esp\u00e9rance de vie qui plafonne \u00e0 75 ans. Avec, surtout, une dotation par habitant trois \u00e0 quatre fois moins \u00e9lev\u00e9e que dans l\u2019Hexagone.<\/em><\/p>\n\n\n\n<p><em>C\u2019est une guerre aux pauvres qu\u2019a donc lanc\u00e9e G\u00e9rald Darmanin, et pas seulement aux migrants. Car les populations vis\u00e9es par cette op\u00e9ration spectaculaire sont les m\u00eames que celles qu\u2019elle pr\u00e9tend prot\u00e9ger. \u00c0 Mayotte, les Comoriens et Comoriennes que la France veut expulser de l\u2019\u00eele, en d\u00e9truisant d\u2019abord leurs habitations (<\/em><a href=\"https:\/\/www.mediapart.fr\/journal\/france\/240423\/mayotte-des-habitants-terrorises-l-idee-d-etre-expulses-demolissent-eux-memes-leur-maison\"><em>lire le reportage de Nejma Brahim<\/em><\/a><em>), puis en les parquant dans des camps, ne sont pas des \u00e9trangers. C\u2019est le m\u00eame peuple, la m\u00eame culture, la m\u00eame langue, la m\u00eame religion. Le gouvernement, rappelle l\u2019ethnologue&nbsp;<\/em><a href=\"https:\/\/www.lemonde.fr\/afrique\/article\/2023\/04\/25\/a-mayotte-les-comoriens-ne-sont-pas-des-etrangers_6170923_3212.html\"><em>Sophie Blanchy<\/em><\/a><em>,&nbsp;\u00ab&nbsp;a face \u00e0 lui une seule et m\u00eame population&nbsp;\u00bb.&nbsp;La seule distinction, c\u2019est que certains ont la nationalit\u00e9 fran\u00e7aise et d\u2019autres non.<\/em><\/p>\n\n\n\n<p><em>D\u00e8s lors, l\u2019on devine combien ce qui se joue l\u00e0-bas nous concerne ici. Cette grande rafle de Mayotte fait la promotion de la pire id\u00e9ologie d\u2019extr\u00eame droite,&nbsp;<\/em><a href=\"https:\/\/www.mediapart.fr\/journal\/international\/dossier\/le-grand-remplacement-ideologie-meurtriere\"><em>le \u00ab&nbsp;grand remplacement&nbsp;\u00bb<\/em><\/a><em>. Elle montre que l\u2019on peut faire le tri au sein d\u2019un m\u00eame peuple, apr\u00e8s avoir install\u00e9 l\u2019id\u00e9e monstrueuse d\u2019une occupation \u00e9trang\u00e8re qui l\u00e9gitimerait l\u2019expulsion des ind\u00e9sirables. \u00c0 la face du monde, la France des droits de l\u2019homme abdique ainsi sur l\u2019\u00e9galit\u00e9 des droits, donnant le feu vert \u00e0 tous les r\u00e9gimes autoritaires \u2013 et ils ne manquent pas, en Afrique m\u00eame, comme l\u2019a d\u00e9montr\u00e9 r\u00e9cemment&nbsp;<\/em><a href=\"https:\/\/www.courrierinternational.com\/article\/reportage-en-tunisie-le-poison-du-grand-remplacement-se-diffuse-aussi\"><em>l\u2019autocrate pr\u00e9sident tunisien<\/em><\/a><em>&nbsp;\u2013 qui feront la chasse aux humanit\u00e9s en mouvement pour ne pas avoir de comptes \u00e0 rendre \u00e0 leurs peuples.<\/em><\/p>\n\n\n\n<p><em>Dans la m\u00eame aire g\u00e9ographique, une autre puissance imp\u00e9riale a pris possession d\u2019un archipel afin d\u2019y d\u00e9fendre ses int\u00e9r\u00eats \u00e9go\u00efstes et d\u2019y installer ceux de ses alli\u00e9s&nbsp;: l\u2019archipel des Chagos est la derni\u00e8re colonie britannique dans l\u2019oc\u00e9an Indien, ce qui permet aux \u00c9tats-Unis d\u2019Am\u00e9rique d\u2019y avoir une base militaire, sur Diego Garcia, la plus grande \u00eele. Les Chagossiens, qui y demeuraient depuis le XVIII<sup>e<\/sup>&nbsp;si\u00e8cle, ont \u00e9t\u00e9 brutalement chass\u00e9s et contraints \u00e0 l\u2019exil. Avocat franco-britannique, Philippe Sands s\u2019est battu pour que cette injustice soit condamn\u00e9e par le droit international, jusqu\u2019\u00e0 \u00eatre reconnue et jug\u00e9e comme un crime contre l\u2019humanit\u00e9.<\/em><\/p>\n\n\n\n<p><em>De ce combat, il a fait un livre,\u00a0<\/em><a href=\"https:\/\/www.albin-michel.fr\/la-derniere-colonie-9782226473011\"><em>La Derni\u00e8re Colonie<\/em><\/a><em>, paru l\u2019an dernier (lire\u00a0<\/em><a href=\"https:\/\/www.mediapart.fr\/journal\/culture-idees\/060922\/philippe-sands-le-droit-peut-jouer-un-role-mais-ne-peut-pas-tout-regler\"><em>son entretien avec Joseph\u00a0Confavreux<\/em><\/a><em>). En \u00e9pilogue, il a simplement mis cette citation du po\u00e8te et homme politique martiniquais Aim\u00e9 C\u00e9saire, dans son\u00a0Discours sur le colonialisme\u00a0:\u00a0\u00ab\u00a0Une civilisation qui ruse avec ses principes est une civilisation moribonde.\u00a0\u00bb<\/em><\/p>\n","protected":false},"excerpt":{"rendered":"<p>La d\u00e9monstration de force d\u00e9cid\u00e9e par Macron, pilot\u00e9e par G\u00e9rald Darmanin sur l\u2019\u00eele de Mayotte, a connu d\u00e8s son d\u00e9marrage des rat\u00e9s, bloqu\u00e9e par la justice et par le refus des Comores d\u2019accueillir les personnes expuls\u00e9es. Le juge des r\u00e9f\u00e9r\u00e9s du tribunal judiciaire \u00ab&nbsp;ordonne au pr\u00e9fet de Mayotte de cesser toute op\u00e9ration d&rsquo;\u00e9vacuation et de [&hellip;]<\/p>\n","protected":false},"author":1,"featured_media":0,"comment_status":"closed","ping_status":"open","sticky":false,"template":"","format":"standard","meta":{"twitterCardType":"","cardImageID":0,"cardImage":"","cardTitle":"","cardDesc":"","cardImageAlt":"","cardPlayer":"","cardPlayerWidth":0,"cardPlayerHeight":0,"cardPlayerStream":"","cardPlayerCodec":"","footnotes":""},"categories":[62,11],"tags":[371,53,181,240,182],"class_list":["post-21653","post","type-post","status-publish","format-standard","hentry","category-le-rouge-le-vert-hebdo","category-politique-locale","tag-colonisation","tag-droits-des-etrangers","tag-precarite","tag-repression","tag-solidarite"],"_links":{"self":[{"href":"https:\/\/www.ades-grenoble.org\/wordpress\/wp-json\/wp\/v2\/posts\/21653","targetHints":{"allow":["GET"]}}],"collection":[{"href":"https:\/\/www.ades-grenoble.org\/wordpress\/wp-json\/wp\/v2\/posts"}],"about":[{"href":"https:\/\/www.ades-grenoble.org\/wordpress\/wp-json\/wp\/v2\/types\/post"}],"author":[{"embeddable":true,"href":"https:\/\/www.ades-grenoble.org\/wordpress\/wp-json\/wp\/v2\/users\/1"}],"replies":[{"embeddable":true,"href":"https:\/\/www.ades-grenoble.org\/wordpress\/wp-json\/wp\/v2\/comments?post=21653"}],"version-history":[{"count":2,"href":"https:\/\/www.ades-grenoble.org\/wordpress\/wp-json\/wp\/v2\/posts\/21653\/revisions"}],"predecessor-version":[{"id":21693,"href":"https:\/\/www.ades-grenoble.org\/wordpress\/wp-json\/wp\/v2\/posts\/21653\/revisions\/21693"}],"wp:attachment":[{"href":"https:\/\/www.ades-grenoble.org\/wordpress\/wp-json\/wp\/v2\/media?parent=21653"}],"wp:term":[{"taxonomy":"category","embeddable":true,"href":"https:\/\/www.ades-grenoble.org\/wordpress\/wp-json\/wp\/v2\/categories?post=21653"},{"taxonomy":"post_tag","embeddable":true,"href":"https:\/\/www.ades-grenoble.org\/wordpress\/wp-json\/wp\/v2\/tags?post=21653"}],"curies":[{"name":"wp","href":"https:\/\/api.w.org\/{rel}","templated":true}]}}