{"id":21701,"date":"2023-05-05T14:03:53","date_gmt":"2023-05-05T12:03:53","guid":{"rendered":"https:\/\/www.ades-grenoble.org\/wordpress\/?p=21701"},"modified":"2023-05-05T15:50:33","modified_gmt":"2023-05-05T13:50:33","slug":"pour-la-verite-et-la-justice-histoires-de-luttes-populaires","status":"publish","type":"post","link":"https:\/\/www.ades-grenoble.org\/wordpress\/2023\/05\/05\/pour-la-verite-et-la-justice-histoires-de-luttes-populaires\/","title":{"rendered":"Pour la v\u00e9rit\u00e9 et la justice. Histoires de luttes populaires"},"content":{"rendered":"<div class=\"wp-block-image is-style-default\">\n<figure class=\"alignleft size-full\"><img loading=\"lazy\" decoding=\"async\" width=\"300\" height=\"386\" src=\"https:\/\/www.ades-grenoble.org\/wordpress\/wp-content\/uploads\/2023\/05\/mine-en-proces.jpg\" alt=\"\" class=\"wp-image-21703\" srcset=\"https:\/\/www.ades-grenoble.org\/wordpress\/wp-content\/uploads\/2023\/05\/mine-en-proces.jpg 300w, https:\/\/www.ades-grenoble.org\/wordpress\/wp-content\/uploads\/2023\/05\/mine-en-proces-233x300.jpg 233w, https:\/\/www.ades-grenoble.org\/wordpress\/wp-content\/uploads\/2023\/05\/mine-en-proces-117x150.jpg 117w\" sizes=\"auto, (max-width: 300px) 100vw, 300px\" \/><\/figure>\n<\/div>\n\n\n<p>Philippe Arti\u00e8res, historien, directeur de recherche au CNRS, publie <em>\u00ab&nbsp;La mine en proc\u00e8s. Fouqui\u00e8res-l\u00e8s-Lens, 1970&nbsp;\u00bb<\/em>, \u00e9d. Anamosa, mars 2023, 255 p.<\/p>\n\n\n\n<p>Cet ouvrage rapporte l\u2019enqu\u00eate populaire men\u00e9e sur l\u2019explosion dans la mine de Fouqui\u00e8res-l\u00e8s-Lens qui a tu\u00e9 16 mineurs le 4 f\u00e9vrier 1970, et l\u2019organisation du tribunal populaire \u00e0 Lens le 10 d\u00e9cembre 1970, sous l\u2019autorit\u00e9 de Jean-Paul Sartre, pour lancer l\u2019alerte et r\u00e9v\u00e9ler les responsables.<\/p>\n\n\n\n<p>Parmi les nombreux documents d\u2019archives sur cette lutte, figure le <em>\u00ab\u00a0Journal d\u2019une veuve de mineur\u00a0\u00bb<\/em>, gard\u00e9 par la compagne de Jean-Pierre Antinori, mineur tu\u00e9 dans cette explosion, avec cette page de ce journal\u00a0:<\/p>\n\n\n\n<!--more-->\n\n\n<div class=\"wp-block-image is-style-default\">\n<figure class=\"aligncenter size-full\"><img loading=\"lazy\" decoding=\"async\" width=\"600\" height=\"447\" src=\"https:\/\/www.ades-grenoble.org\/wordpress\/wp-content\/uploads\/2023\/05\/Fouquieres.jpg\" alt=\"\" class=\"wp-image-21702\" srcset=\"https:\/\/www.ades-grenoble.org\/wordpress\/wp-content\/uploads\/2023\/05\/Fouquieres.jpg 600w, https:\/\/www.ades-grenoble.org\/wordpress\/wp-content\/uploads\/2023\/05\/Fouquieres-300x224.jpg 300w, https:\/\/www.ades-grenoble.org\/wordpress\/wp-content\/uploads\/2023\/05\/Fouquieres-150x112.jpg 150w\" sizes=\"auto, (max-width: 600px) 100vw, 600px\" \/><\/figure>\n<\/div>\n\n\n<p>Voici la pr\u00e9sentation du livre &nbsp;par l\u2019\u00e9diteur de cet ouvrage&nbsp;:<\/p>\n\n\n\n<p>\u00ab&nbsp;<em>Le 4 f\u00e9vrier 1970, une explosion dans la mine de Fouqui\u00e8res-l\u00e8s-Lens provoque la mort de 16 travailleurs. S\u2019ensuit une longue mobilisation des mineurs, des syndicats, de la Gauche prol\u00e9tarienne, d\u2019intellectuels, d\u2019artistes, d\u2019ing\u00e9nieurs et de m\u00e9decins\u2026 Dans l\u2019histoire de la mine, cet \u00e9pisode est aussi annonciateur de nouvelles modalit\u00e9s de luttes dont les soul\u00e8vements contemporains sont h\u00e9ritiers.<\/em><\/p>\n\n\n\n<p><em>Quelques jours apr\u00e8s la catastrophe, rapidement suivie des fun\u00e9railles, le 7 f\u00e9vrier, des mineurs morts tragiquement dans la fosse 6 de la mine de Fouqui\u00e8res-l\u00e8s-Lens, de jeunes militants mao\u00efstes lancent des cocktails Molotov sur les bureaux de la direction \u00e0 H\u00e9nin-Li\u00e9tard. S\u2019engage alors tout au long de l\u2019ann\u00e9e 1970 une s\u00e9rie de mobilisations, allant de l\u2019occupation sans pr\u00e9c\u00e9dent de l\u2019\u00c9cole des mines \u00e0 Paris par des \u00e9l\u00e8ves ing\u00e9nieurs, jusqu\u2019\u00e0 la tenue \u00e0 Lens d\u2019un tribunal populaire le 10 d\u00e9cembre, pr\u00e9sid\u00e9 par Sartre. En&nbsp; parall\u00e8le, des enqu\u00eates controvers\u00e9es sont men\u00e9es sur les responsabilit\u00e9s engag\u00e9es dans l\u2019accident, et des mouvements d\u2019extr\u00eame gauche&nbsp;subissent une forte r\u00e9pression.&nbsp; De leur c\u00f4t\u00e9, un collectif d\u2019artistes men\u00e9 par Merri Jolivet et les peintres Aillaud, Fromanger et Mathelin, con\u00e7oivent une exposition au profit des familles des victimes.<\/em><\/p>\n\n\n\n<p><em>Philippe Arti\u00e8res livre le r\u00e9cit et l\u2019analyse de cet \u00e9pisode m\u00e9connu. L\u2019accident, l\u2019\u00e9motion et le d\u00e9roulement des fun\u00e9railles ob\u00e9issent \u00e0 une sc\u00e9nographie bien connue, celle de la vieille histoire de la mine. Dans ses sites et ses moments rituels, ses figures et ses discours, les gestes d\u2019une longue g\u00e9n\u00e9alogie des catastrophes mini\u00e8res sont ici r\u00e9it\u00e9r\u00e9s. Mais le contexte historique est aussi celui de nouvelles modalit\u00e9s de contestation o\u00f9 se joignent aux mineurs, \u00e0 leurs d\u00e9fenseurs institutionnels \u2012 PCF et CGT \u2012, ou libertaires et r\u00e9volutionnaires \u2012 la GP et les maos \u2012,&nbsp; ceux que Michel Foucault appelait \u00ab&nbsp;intellectuels sp\u00e9cifiques&nbsp;\u00bb : ing\u00e9nieurs, m\u00e9decins et artistes. La narration tr\u00e8s incarn\u00e9e vise \u00e0 faire entendre la voix des diff\u00e9rents acteurs au plus pr\u00e8s, gr\u00e2ce \u00e0 la collection de documents largement in\u00e9dits. G\u00e9n\u00e9rations et cultures de luttes avec leurs r\u00e9f\u00e9rences propres s\u2019entrechoquent. Elles marquent un renouvellement majeur dans l\u2019histoire des luttes sociales dont la filiation avec les soul\u00e8vements et modes d\u2019actions tr\u00e8s contemporains est \u00e9vidente, des lanceurs d\u2019alerte aux jeunes \u00e9tudiants \u00ab&nbsp;bifurqueurs&nbsp;\u00bb.<\/em><\/p>\n","protected":false},"excerpt":{"rendered":"<p>Philippe Arti\u00e8res, historien, directeur de recherche au CNRS, publie \u00ab&nbsp;La mine en proc\u00e8s. Fouqui\u00e8res-l\u00e8s-Lens, 1970&nbsp;\u00bb, \u00e9d. Anamosa, mars 2023, 255 p. Cet ouvrage rapporte l\u2019enqu\u00eate populaire men\u00e9e sur l\u2019explosion dans la mine de Fouqui\u00e8res-l\u00e8s-Lens qui a tu\u00e9 16 mineurs le 4 f\u00e9vrier 1970, et l\u2019organisation du tribunal populaire \u00e0 Lens le 10 d\u00e9cembre 1970, sous [&hellip;]<\/p>\n","protected":false},"author":1,"featured_media":0,"comment_status":"closed","ping_status":"open","sticky":false,"template":"","format":"standard","meta":{"twitterCardType":"","cardImageID":0,"cardImage":"","cardTitle":"","cardDesc":"","cardImageAlt":"","cardPlayer":"","cardPlayerWidth":0,"cardPlayerHeight":0,"cardPlayerStream":"","cardPlayerCodec":"","footnotes":""},"categories":[62,11],"tags":[195,243,365],"class_list":["post-21701","post","type-post","status-publish","format-standard","hentry","category-le-rouge-le-vert-hebdo","category-politique-locale","tag-histoire","tag-justice","tag-luttes"],"_links":{"self":[{"href":"https:\/\/www.ades-grenoble.org\/wordpress\/wp-json\/wp\/v2\/posts\/21701","targetHints":{"allow":["GET"]}}],"collection":[{"href":"https:\/\/www.ades-grenoble.org\/wordpress\/wp-json\/wp\/v2\/posts"}],"about":[{"href":"https:\/\/www.ades-grenoble.org\/wordpress\/wp-json\/wp\/v2\/types\/post"}],"author":[{"embeddable":true,"href":"https:\/\/www.ades-grenoble.org\/wordpress\/wp-json\/wp\/v2\/users\/1"}],"replies":[{"embeddable":true,"href":"https:\/\/www.ades-grenoble.org\/wordpress\/wp-json\/wp\/v2\/comments?post=21701"}],"version-history":[{"count":1,"href":"https:\/\/www.ades-grenoble.org\/wordpress\/wp-json\/wp\/v2\/posts\/21701\/revisions"}],"predecessor-version":[{"id":21704,"href":"https:\/\/www.ades-grenoble.org\/wordpress\/wp-json\/wp\/v2\/posts\/21701\/revisions\/21704"}],"wp:attachment":[{"href":"https:\/\/www.ades-grenoble.org\/wordpress\/wp-json\/wp\/v2\/media?parent=21701"}],"wp:term":[{"taxonomy":"category","embeddable":true,"href":"https:\/\/www.ades-grenoble.org\/wordpress\/wp-json\/wp\/v2\/categories?post=21701"},{"taxonomy":"post_tag","embeddable":true,"href":"https:\/\/www.ades-grenoble.org\/wordpress\/wp-json\/wp\/v2\/tags?post=21701"}],"curies":[{"name":"wp","href":"https:\/\/api.w.org\/{rel}","templated":true}]}}