{"id":21715,"date":"2023-05-05T15:44:55","date_gmt":"2023-05-05T13:44:55","guid":{"rendered":"https:\/\/www.ades-grenoble.org\/wordpress\/?p=21715"},"modified":"2023-05-05T15:50:55","modified_gmt":"2023-05-05T13:50:55","slug":"les-conditions-de-travail-en-france-expliquent-lampleur-de-la-mobilisation-contre-le-recul-de-lage-de-la-retraite","status":"publish","type":"post","link":"https:\/\/www.ades-grenoble.org\/wordpress\/2023\/05\/05\/les-conditions-de-travail-en-france-expliquent-lampleur-de-la-mobilisation-contre-le-recul-de-lage-de-la-retraite\/","title":{"rendered":"Les conditions de travail en France expliquent l\u2019ampleur de la mobilisation contre le recul de l\u2019\u00e2ge de la retraite"},"content":{"rendered":"<div class=\"wp-block-image is-style-default\">\n<figure class=\"alignleft size-full\"><img loading=\"lazy\" decoding=\"async\" width=\"380\" height=\"258\" src=\"https:\/\/www.ades-grenoble.org\/wordpress\/wp-content\/uploads\/2023\/05\/conditions-travail-France.jpg\" alt=\"\" class=\"wp-image-21716\" srcset=\"https:\/\/www.ades-grenoble.org\/wordpress\/wp-content\/uploads\/2023\/05\/conditions-travail-France.jpg 380w, https:\/\/www.ades-grenoble.org\/wordpress\/wp-content\/uploads\/2023\/05\/conditions-travail-France-300x204.jpg 300w, https:\/\/www.ades-grenoble.org\/wordpress\/wp-content\/uploads\/2023\/05\/conditions-travail-France-150x102.jpg 150w\" sizes=\"auto, (max-width: 380px) 100vw, 380px\" \/><\/figure>\n<\/div>\n\n\n<p>Malgr\u00e9 le d\u00e9ni total dont fait preuve ce gouvernement &#8211; le plus dogmatiquement n\u00e9olib\u00e9ral et inf\u00e9od\u00e9 au CAC 40 que l\u2019on ait connu &#8211; la question des conditions de travail r\u00e9elles des Fran\u00e7ais.es \u00e9merge fortement dans le d\u00e9bat public. Enfin&nbsp;! Car pour les sp\u00e9cialistes, inspecteurs ou m\u00e9decins du travail ou syndicalistes, cela paraissait curieux de constater cette d\u00e9gradation forte des conditions de travail sans que ce sujet soit jamais d\u00e9battu.<\/p>\n\n\n\n<p>Les causes sont claires, elles sont dues aux ravages caus\u00e9s par la gestion lib\u00e9rale depuis des ann\u00e9es&nbsp;: pr\u00e9carisation des statuts des travailleurs (CDD, int\u00e9rim, travailleurs des plateformes, pseudos entrepreneurs \u00ab&nbsp;ind\u00e9pendants&nbsp;\u00bb,&#8230;), d\u00e9r\u00e9gulation des cadres protecteurs (code du travail, conventions collectives, normes sociales,\u2026) et diminution des agents charg\u00e9s de les faire respecter (sous Macron le nombre d\u2019inspecteurs du travail en poste a baiss\u00e9 \u00e0 1750 pour contr\u00f4ler 2 Millions d\u2019entreprises employant 20 millions de salari\u00e9s\u2026 la France a plong\u00e9 vers le bas du tableau europ\u00e9en en termes de ratio contr\u00f4leurs\/contr\u00f4l\u00e9s en droit social), p\u00e9nurie de m\u00e9decins du travail, impacts n\u00e9gatifs de la sous-traitance en cascade et des pratiques manag\u00e9riales productivistes, intensification des t\u00e2ches avec la num\u00e9risation mal orient\u00e9e,\u2026<\/p>\n\n\n\n<!--more-->\n\n\n\n<p>Le tout aboutit \u00e0 des r\u00e9sultats concr\u00e8tement mesurables h\u00e9las, la remont\u00e9e des taux d\u2019accidents du travail (visible malgr\u00e9 une sous-d\u00e9claration massive, plus de 800 morts par an, plus de 640 000 accidents du travail) bien point\u00e9e par des citoyens comme Mathieu L\u00e9pine sur son <a href=\"file:\/\/localhost\/C:\/Users\/meriauxpi\/Documents\/ADES\/@DuAccident\">compte twitter<\/a>. Et dans son <a href=\"https:\/\/www.francetvinfo.fr\/replay-radio\/c-est-mon-boulot\/sante-un-livre-leve-le-voile-sur-l-hecatombe-invisible-des-nombreux-accidents-du-travail-mortels-en-france_5683415.html\">livre<\/a> qui vient de sortir \u00ab&nbsp;l\u2019h\u00e9catombe invisible&nbsp;\u00bb. Sans compter l\u2019impact d\u00e9sastreux sur le respect des r\u00e8gles sociales vu l\u2019\u00e9tat de notre justice&nbsp;: dans une actualisation r\u00e9cente d\u2019une enqu\u00eate d\u00e9j\u00e0 faite il y a 15 ans le journal \u00ab&nbsp;<a href=\"https:\/\/www.sante-et-travail.fr\/securite-du-travail-justice-mode-relaxe\">Sant\u00e9 travail&nbsp;<\/a>\u00bb r\u00e9v\u00e8le que seuls un petit tiers d\u2019un \u00e9chantillon de PV de l\u2019inspection du travail a abouti \u00e0 un proc\u00e8s ou un traitement judiciaire&nbsp;! Les deux autres tiers sont class\u00e9s sans suite ou \u00ab&nbsp;en instruction&nbsp;\u00bb sans nouvelles c\u2019est-\u00e0-dire probablement empil\u00e9s sur un bureau \u00e0 prendre la poussi\u00e8re avant prescription\u2026<\/p>\n\n\n\n<p>Cette d\u00e9gradation nette des conditions de travail a \u00e9t\u00e9 aussi mesur\u00e9e par une enqu\u00eate europ\u00e9enne et un tr\u00e8s bon article d\u2019<a href=\"https:\/\/www.alternatives-economiques.fr\/dix-graphiques-comprendre-lampleur-de-crise-travail-france\/00106665\">Alternatives \u00e9conomiques<\/a> de Dominique M\u00e9da, Ma\u00eblezig Bigi et Agn\u00e8s Parent-Thirion.<\/p>\n\n\n\n<p>En 10 graphiques de comparaison avec l\u2019Allemagne, le Danemark et les Pays-Bas, aux niveaux de d\u00e9veloppement proches de la France tout est dit&nbsp; car la France de Macron est syst\u00e9matiquement mal plac\u00e9e :<\/p>\n\n\n\n<ul class=\"wp-block-list\"><li>pour 37&nbsp;% des actifs occup\u00e9s fran\u00e7ais, leur travail \u00e9tait \u00ab&nbsp;insoutenable&nbsp;\u00bb.<\/li><\/ul>\n\n\n\n<ul class=\"wp-block-list\"><li>alors que quatre crit\u00e8res de p\u00e9nibilit\u00e9 ont \u00e9t\u00e9 supprim\u00e9s en 2017 par les ordonnances Macron (port de charges lourdes, postures douloureuses, produits chimiques et vibrations), la France est \u00e0 la tra\u00eene en mati\u00e8re de contraintes physiques support\u00e9es au travail (66\u00a0% des salari\u00e9s ont des mouvements r\u00e9p\u00e9titifs !)<\/li><li>les contraintes \u00e9motionnelles sont particuli\u00e8rement fortes (24%) et des discriminations plus marqu\u00e9es (15%), notamment pour les femmes.<\/li><li>52\u00a0% travaillent dans l\u2019urgence (d\u00e9lais stricts ou courts)<\/li><li>36\u00a0% ont le soutien de leurs coll\u00e8gues (contre 55\u00a0% au Danemark)<\/li><li>51\u00a0% sont consult\u00e9s sur leur travail avant prise de d\u00e9cision<\/li><li>20\u00a0% travaillent sur leur temps libre et 37\u00a0% ont d\u00e9j\u00e0 travaill\u00e9 en \u00e9tant malades, on est loins de l\u2019image des \u00ab\u00a0flemmards\u00a0\u00bb colport\u00e9s par les ministres qui s\u2019\u00e9tonnent de voir des manifestants avec casseroles un apr\u00e8s-midi<\/li><li>38\u00a0% estiment que leur sant\u00e9 est menac\u00e9e par leur travail, on est loins du \u00ab\u00a0le travail c\u2019est la sant\u00e9\u00a0\u00bb que macron promeut.<\/li><li>49\u00a0% souffrent d\u2019anxi\u00e9t\u00e9 li\u00e9e au travail (contre 7\u00a0% au Danemark!)<\/li><li>45\u00a0% se d\u00e9clarent reconnus, bien pay\u00e9s pour leur travail (contre 68\u00a0% en Allemagne)<\/li><li>Enfin l\u2019index de qualit\u00e9 de l\u2019emploi qui synth\u00e9tise ces r\u00e9sultats, la France est en queue de peloton avec 39 % de Fran\u00e7ais dans un emploi \u00ab tendu \u00bb contre 22 % au Danemark, 22,7 % aux Pays-Bas, 23,9 % en Allemagne et 30,3 % dans l\u2019Union europ\u00e9enne \u00e0 27.<\/li><\/ul>\n\n\n\n<p>Bref les donn\u00e9es de la science (sociale l\u00e0) confortent, comme pour le climat, le diagnostic&nbsp;: il y a des raisons r\u00e9elles aux mobilisations en cours puisque le gouvernement nie ces r\u00e9alit\u00e9s pourtant objectiv\u00e9es. Tant qu\u2019il continuera dans cette voie il n\u2019y a aucune raison de voir la mobilisation faiblir. Et il faut se r\u00e9jouir de voir les syndicats regonfler leur nombre d\u2019 adh\u00e9rents. Car dans les pays de comparaison pr\u00e9cit\u00e9s l\u2019influence syndicale est autrement plus importante qu\u2019en France. De l\u00e0 \u00e0 dire qu\u2019il y a corr\u00e9lation entre bonnes conditions de travail et poids des syndicats\u2026 il n\u2019y a qu\u2019un pas.<\/p>\n","protected":false},"excerpt":{"rendered":"<p>Malgr\u00e9 le d\u00e9ni total dont fait preuve ce gouvernement &#8211; le plus dogmatiquement n\u00e9olib\u00e9ral et inf\u00e9od\u00e9 au CAC 40 que l\u2019on ait connu &#8211; la question des conditions de travail r\u00e9elles des Fran\u00e7ais.es \u00e9merge fortement dans le d\u00e9bat public. Enfin&nbsp;! Car pour les sp\u00e9cialistes, inspecteurs ou m\u00e9decins du travail ou syndicalistes, cela paraissait curieux de [&hellip;]<\/p>\n","protected":false},"author":1,"featured_media":0,"comment_status":"closed","ping_status":"open","sticky":false,"template":"","format":"standard","meta":{"twitterCardType":"","cardImageID":0,"cardImage":"","cardTitle":"","cardDesc":"","cardImageAlt":"","cardPlayer":"","cardPlayerWidth":0,"cardPlayerHeight":0,"cardPlayerStream":"","cardPlayerCodec":"","footnotes":""},"categories":[62,11],"tags":[298,397,99,342],"class_list":["post-21715","post","type-post","status-publish","format-standard","hentry","category-le-rouge-le-vert-hebdo","category-politique-locale","tag-france","tag-retraite","tag-sante","tag-travail"],"_links":{"self":[{"href":"https:\/\/www.ades-grenoble.org\/wordpress\/wp-json\/wp\/v2\/posts\/21715","targetHints":{"allow":["GET"]}}],"collection":[{"href":"https:\/\/www.ades-grenoble.org\/wordpress\/wp-json\/wp\/v2\/posts"}],"about":[{"href":"https:\/\/www.ades-grenoble.org\/wordpress\/wp-json\/wp\/v2\/types\/post"}],"author":[{"embeddable":true,"href":"https:\/\/www.ades-grenoble.org\/wordpress\/wp-json\/wp\/v2\/users\/1"}],"replies":[{"embeddable":true,"href":"https:\/\/www.ades-grenoble.org\/wordpress\/wp-json\/wp\/v2\/comments?post=21715"}],"version-history":[{"count":1,"href":"https:\/\/www.ades-grenoble.org\/wordpress\/wp-json\/wp\/v2\/posts\/21715\/revisions"}],"predecessor-version":[{"id":21717,"href":"https:\/\/www.ades-grenoble.org\/wordpress\/wp-json\/wp\/v2\/posts\/21715\/revisions\/21717"}],"wp:attachment":[{"href":"https:\/\/www.ades-grenoble.org\/wordpress\/wp-json\/wp\/v2\/media?parent=21715"}],"wp:term":[{"taxonomy":"category","embeddable":true,"href":"https:\/\/www.ades-grenoble.org\/wordpress\/wp-json\/wp\/v2\/categories?post=21715"},{"taxonomy":"post_tag","embeddable":true,"href":"https:\/\/www.ades-grenoble.org\/wordpress\/wp-json\/wp\/v2\/tags?post=21715"}],"curies":[{"name":"wp","href":"https:\/\/api.w.org\/{rel}","templated":true}]}}