{"id":21734,"date":"2023-05-12T16:36:08","date_gmt":"2023-05-12T14:36:08","guid":{"rendered":"https:\/\/www.ades-grenoble.org\/wordpress\/?p=21734"},"modified":"2023-05-12T17:16:34","modified_gmt":"2023-05-12T15:16:34","slug":"mixite-sociale-au-college-premiers-resultats-des-experimentations-menees-en-france","status":"publish","type":"post","link":"https:\/\/www.ades-grenoble.org\/wordpress\/2023\/05\/12\/mixite-sociale-au-college-premiers-resultats-des-experimentations-menees-en-france\/","title":{"rendered":"Mixit\u00e9 sociale au coll\u00e8ge : premiers r\u00e9sultats des exp\u00e9rimentations men\u00e9es en France"},"content":{"rendered":"<div class=\"wp-block-image is-style-default\">\n<figure class=\"alignleft size-full\"><img loading=\"lazy\" decoding=\"async\" width=\"380\" height=\"300\" src=\"https:\/\/www.ades-grenoble.org\/wordpress\/wp-content\/uploads\/2023\/05\/MENJ.jpg\" alt=\"\" class=\"wp-image-21735\" srcset=\"https:\/\/www.ades-grenoble.org\/wordpress\/wp-content\/uploads\/2023\/05\/MENJ.jpg 380w, https:\/\/www.ades-grenoble.org\/wordpress\/wp-content\/uploads\/2023\/05\/MENJ-300x237.jpg 300w, https:\/\/www.ades-grenoble.org\/wordpress\/wp-content\/uploads\/2023\/05\/MENJ-150x118.jpg 150w\" sizes=\"auto, (max-width: 380px) 100vw, 380px\" \/><\/figure>\n<\/div>\n\n\n<p>Dans <a href=\"https:\/\/www.reseau-canope.fr\/fileadmin\/user_upload\/Projets\/conseil_scientifique_education_nationale\/Note_CSEN_2023_09.pdf\" target=\"_blank\" rel=\"noreferrer noopener\">une note d\u2019avril 2023<\/a>, le Conseil scientifique de l\u2019\u00e9ducation national (CSEN) montre qu\u2019en moyenne la mixit\u00e9 sociale dans les coll\u00e8ges n\u2019a pas de cons\u00e9quences sur les r\u00e9sultats scolaires et \u00ab\u00a0entra\u00eene en revanche des effets positifs sur le plan du bien-\u00eatre personnel et du bien-\u00eatre social, pour les \u00e9l\u00e8ves de milieu d\u00e9favoris\u00e9 comme pour ceux de milieu favoris\u00e9\u00a0\u00bb.<\/p>\n\n\n\n<p>R\u00e9sum\u00e9 de l\u2019\u00e9tude\u00a0:<br><em>\u00ab\u00a0La s\u00e9gr\u00e9gation sociale entre \u00e9tablissements scolaires est importante et pourrait avoir des cons\u00e9quences sur les performances scolaires et le bien-\u00eatre des \u00e9l\u00e8ves, ainsi qu\u2019\u00e0 plus long terme sur la coh\u00e9sion sociale. Une initiative a \u00e9t\u00e9 lanc\u00e9e en 2015 par le minist\u00e8re de l\u2019\u00c9ducation nationale pour favoriser une plus grande mixit\u00e9 sociale au coll\u00e8ge. En comparant les \u00e9l\u00e8ves des coll\u00e8ges engag\u00e9s dans cette initiative (\u00ab coll\u00e8ges pilotes \u00bb) avec les \u00e9l\u00e8ves de coll\u00e8ges similaires non engag\u00e9s (\u00abcoll\u00e8ges t\u00e9moins \u00bb), nous analysons les effets des actions engag\u00e9es sur la composition des coll\u00e8ges impliqu\u00e9s ainsi que sur les r\u00e9sultats scolaires, le bien-\u00eatre personnel, et le bien-\u00eatre social des \u00e9l\u00e8ves. <\/em><\/p>\n\n\n\n<!--more-->\n\n\n\n<p><em>Les r\u00e9sultats montrent que :<\/em><\/p>\n\n\n\n<ul class=\"wp-block-list\"><li><em>les actions engag\u00e9es en faveur de la mixit\u00e9 sociale n\u2019ont pas provoqu\u00e9 un surcro\u00eet d\u2019\u00e9vitement vers<\/em> <em>le secteur d\u2019enseignement priv\u00e9 ;<\/em><\/li><li><em>les \u00e9l\u00e8ves scolaris\u00e9s dans un coll\u00e8ge o\u00f9 la mixit\u00e9 sociale a substantiellement progress\u00e9 n\u2019ont pas vu leurs r\u00e9sultats scolaires \u00e9voluer de mani\u00e8re significative par rapport aux \u00e9l\u00e8ves des coll\u00e8ges t\u00e9moins, quel que soit le milieu social des \u00e9l\u00e8ves, indiquant une absence d\u2019effet positif comme n\u00e9gatif de cette politique sur les apprentissages ;<\/em><\/li><li><em>une plus grande mixit\u00e9 sociale entra\u00eene en revanche des effets positifs sur le plan du bien-\u00eatre personnel et du bien-\u00eatre social, pour les \u00e9l\u00e8ves de milieu d\u00e9favoris\u00e9 comme pour ceux de milieu favoris\u00e9\u00a0\u00bb<\/em><\/li><\/ul>\n","protected":false},"excerpt":{"rendered":"<p>Dans une note d\u2019avril 2023, le Conseil scientifique de l\u2019\u00e9ducation national (CSEN) montre qu\u2019en moyenne la mixit\u00e9 sociale dans les coll\u00e8ges n\u2019a pas de cons\u00e9quences sur les r\u00e9sultats scolaires et \u00ab\u00a0entra\u00eene en revanche des effets positifs sur le plan du bien-\u00eatre personnel et du bien-\u00eatre social, pour les \u00e9l\u00e8ves de milieu d\u00e9favoris\u00e9 comme pour ceux [&hellip;]<\/p>\n","protected":false},"author":1,"featured_media":0,"comment_status":"closed","ping_status":"open","sticky":false,"template":"","format":"standard","meta":{"twitterCardType":"","cardImageID":0,"cardImage":"","cardTitle":"","cardDesc":"","cardImageAlt":"","cardPlayer":"","cardPlayerWidth":0,"cardPlayerHeight":0,"cardPlayerStream":"","cardPlayerCodec":"","footnotes":""},"categories":[62,11],"tags":[40,159,33],"class_list":["post-21734","post","type-post","status-publish","format-standard","hentry","category-le-rouge-le-vert-hebdo","category-politique-locale","tag-education","tag-quartiers-prioritaires","tag-social"],"_links":{"self":[{"href":"https:\/\/www.ades-grenoble.org\/wordpress\/wp-json\/wp\/v2\/posts\/21734","targetHints":{"allow":["GET"]}}],"collection":[{"href":"https:\/\/www.ades-grenoble.org\/wordpress\/wp-json\/wp\/v2\/posts"}],"about":[{"href":"https:\/\/www.ades-grenoble.org\/wordpress\/wp-json\/wp\/v2\/types\/post"}],"author":[{"embeddable":true,"href":"https:\/\/www.ades-grenoble.org\/wordpress\/wp-json\/wp\/v2\/users\/1"}],"replies":[{"embeddable":true,"href":"https:\/\/www.ades-grenoble.org\/wordpress\/wp-json\/wp\/v2\/comments?post=21734"}],"version-history":[{"count":1,"href":"https:\/\/www.ades-grenoble.org\/wordpress\/wp-json\/wp\/v2\/posts\/21734\/revisions"}],"predecessor-version":[{"id":21736,"href":"https:\/\/www.ades-grenoble.org\/wordpress\/wp-json\/wp\/v2\/posts\/21734\/revisions\/21736"}],"wp:attachment":[{"href":"https:\/\/www.ades-grenoble.org\/wordpress\/wp-json\/wp\/v2\/media?parent=21734"}],"wp:term":[{"taxonomy":"category","embeddable":true,"href":"https:\/\/www.ades-grenoble.org\/wordpress\/wp-json\/wp\/v2\/categories?post=21734"},{"taxonomy":"post_tag","embeddable":true,"href":"https:\/\/www.ades-grenoble.org\/wordpress\/wp-json\/wp\/v2\/tags?post=21734"}],"curies":[{"name":"wp","href":"https:\/\/api.w.org\/{rel}","templated":true}]}}