{"id":21743,"date":"2023-05-12T16:51:27","date_gmt":"2023-05-12T14:51:27","guid":{"rendered":"https:\/\/www.ades-grenoble.org\/wordpress\/?p=21743"},"modified":"2023-05-12T17:16:44","modified_gmt":"2023-05-12T15:16:44","slug":"la-saison-du-moustique-tigre-est-ouverte-dans-71-departements","status":"publish","type":"post","link":"https:\/\/www.ades-grenoble.org\/wordpress\/2023\/05\/12\/la-saison-du-moustique-tigre-est-ouverte-dans-71-departements\/","title":{"rendered":"La saison du moustique tigre est ouverte dans 71 d\u00e9partements"},"content":{"rendered":"<div class=\"wp-block-image is-style-default\">\n<figure class=\"alignleft size-full\"><img loading=\"lazy\" decoding=\"async\" width=\"280\" height=\"212\" src=\"https:\/\/www.ades-grenoble.org\/wordpress\/wp-content\/uploads\/2017\/05\/moustique-tigre.jpg\" alt=\"\" class=\"wp-image-12949\" srcset=\"https:\/\/www.ades-grenoble.org\/wordpress\/wp-content\/uploads\/2017\/05\/moustique-tigre.jpg 280w, https:\/\/www.ades-grenoble.org\/wordpress\/wp-content\/uploads\/2017\/05\/moustique-tigre-150x114.jpg 150w\" sizes=\"auto, (max-width: 280px) 100vw, 280px\" \/><\/figure>\n<\/div>\n\n\n<p>Pour les sp\u00e9cialistes le changement climatique va accentuer son accroissement\u00a0: plus\u00a0il fait chaud, plus le cycle de d\u00e9veloppement du moustique se raccourcit. La vitesse de multiplication du virus \u00e0 l&rsquo;int\u00e9rieur de l&rsquo;insecte est aussi augment\u00e9e sous l&rsquo;effet de la temp\u00e9rature. Plus\u00a0il fait chaud, plus le cycle de d\u00e9veloppement du moustique se raccourcit. La vitesse de multiplication du virus \u00e0 l&rsquo;int\u00e9rieur de l&rsquo;insecte est aussi augment\u00e9e sous l&rsquo;effet de la temp\u00e9rature. Plus il fait chaud, plus vite il peut transmettre une infection.<\/p>\n\n\n\n<p><a href=\"https:\/\/medias.vie-publique.fr\/data_storage_s3\/rapport\/pdf\/288920.pdf\" target=\"_blank\" rel=\"noreferrer noopener\">Un avis du Comit\u00e9 de Veille et d\u2019Anticipation des Risques Sanitaires (COVARS)<\/a> fait des recommandations aux pouvoirs publics pour am\u00e9liorer la gestion de la situation dans la m\u00e9tropole\u00a0: <\/p>\n\n\n\n<!--more-->\n\n\n\n<p><em>\u00ab\u00a0Le constat global est celui d\u2019une pr\u00e9paration et des capacit\u00e9s de gestion satisfaisantes dans les TUM (territoires ultra marins), gr\u00e2ce \u00e0 une exp\u00e9rience r\u00e9currente de ces risques sanitaires, contrastant avec une pr\u00e9paration moindre en m\u00e9tropole et des capacit\u00e9s de gestion, de pr\u00e9vention et d\u2019anticipation y requ\u00e9rant un renforcement important et rapide pour \u00eatre en capacit\u00e9 de faire face \u00e0 l\u2019accroissement vraisemblable de cas autochtones dans les ann\u00e9es \u00e0 venir.\u00a0\u00bb\u00a0<\/em><\/p>\n\n\n\n<p>Localtis info fait un article d\u00e9taill\u00e9 \u00e0 ce sujet le 27 avril\u00a0: <strong><em><a rel=\"noreferrer noopener\" href=\"https:\/\/www.banquedesterritoires.fr\/la-saison-du-moustique-tigre-bientot-ouverte-dans-lhexagone\" target=\"_blank\">La \u00ab\u00a0saison\u00a0\u00bb du moustique tigre bient\u00f4t ouverte dans l&rsquo;Hexagone<\/a><\/em><\/strong>.<\/p>\n\n\n\n<p><em>Install\u00e9 depuis de nombreuses ann\u00e9es dans les outre-mer, le moustique tigre ou Aedes albopictus &#8211; son nom scientifique &#8211; ne cesse, depuis 2004, d&rsquo;\u00e9tendre son installation sur le territoire m\u00e9tropolitain, conduisant les autorit\u00e9s sanitaires \u00e0 d\u00e9clencher une surveillance renforc\u00e9e pendant sa p\u00e9riode d&rsquo;activit\u00e9, en raison des virus qu&rsquo;il propage.<\/em><\/p>\n\n\n\n<p><em>Du 1er mai au 30 novembre, qui correspond \u00e0 sa principale p\u00e9riode d&rsquo;activit\u00e9, la pr\u00e9sence de l&rsquo;insecte, reconnaissable gr\u00e2ce \u00e0 ses rayures noires et blanches, sera tout particuli\u00e8rement scrut\u00e9e, les messages de sensibilisation vont se multiplier et d&rsquo;\u00e9ventuelles op\u00e9rations de d\u00e9moustication pourront \u00eatre d\u00e9clench\u00e9es.Car l&rsquo;\u00e9t\u00e9 dernier, le moustique tigre a laiss\u00e9 un mauvais souvenir. Au 1er janvier 2023, il avait colonis\u00e9 quatre d\u00e9partements suppl\u00e9mentaires (l&rsquo;Allier, l&rsquo;Ille-et-Vilaine, le Loir-et-Cher et la Haute-Loire), portant \u00e0 71 le nombre de d\u00e9partements o\u00f9 il est d\u00e9sormais implant\u00e9.<\/em><\/p>\n\n\n\n<p><em>L&rsquo;insecte, qui pique plut\u00f4t le matin et le soir, a \u00e9t\u00e9 \u00e0 l&rsquo;origine de 65 \u00ab\u00a0cas autochtones\u00a0\u00bb de dengue, concentr\u00e9s dans le sud de la France : le terme d\u00e9signe des patients qui n&rsquo;ont pas voyag\u00e9 dans des zones o\u00f9 le virus circule largement comme les Antilles, mais ont \u00e9t\u00e9 piqu\u00e9s par un moustique s&rsquo;\u00e9tant lui-m\u00eame infect\u00e9 au contact d&rsquo;un voyageur contamin\u00e9.<\/em><\/p>\n\n\n\n<p><em>\u00ab\u00a065 cas, \u00e7a peut para\u00eetre peu, mais cela t\u00e9moigne d&rsquo;une dynamique, c&rsquo;est un signal pour l&rsquo;avenir\u00a0\u00bb, pr\u00e9vient Marie-Claire Paty, coordinatrice de la surveillance des maladies vectorielles \u00e0 Sant\u00e9 publique France. De fait, depuis 2010, le nombre de d\u00e9partements m\u00e9tropolitains colonis\u00e9s par le moustique tigre a \u00e9t\u00e9 multipli\u00e9 par dix. \u00ab\u00a0On est persuad\u00e9 que c&rsquo;est un risque qui va aller en s&rsquo;intensifiant\u00a0\u00bb, insiste Marie-Claire Paty.<\/em><\/p>\n\n\n\n<p><em>C&rsquo;est aussi le message qu&rsquo;a fait passer le Comit\u00e9 de veille et d&rsquo;anticipation des risques sanitaires (Covars), l&rsquo;ex-conseil scientifique, dans un <\/em><a href=\"https:\/\/medias.vie-publique.fr\/data_storage_s3\/rapport\/pdf\/288920.pdf\"><em>r\u00e9cent avis<\/em><\/a><em>. Il faut s&rsquo;attendre, dans les ann\u00e9es \u00e0 venir, \u00e0 une hausse des cas de dengue, Zika et chikungunya, maladies transmises par des moustiques \u00ab\u00a0vecteurs\u00a0\u00bb d\u00e9sormais largement implant\u00e9s sur le territoire national, a-t-il averti. Des maladies virales qui \u00ab\u00a0pourraient devenir des probl\u00e8mes de sant\u00e9 publique\u00a0\u00bb. Si, en m\u00e9tropole, il n&rsquo;a pas \u00e9t\u00e9 observ\u00e9 \u00e0 ce jour de forme grave, des complications sont toujours possibles, pouvant entra\u00eener des r\u00e9animations voire des d\u00e9c\u00e8s, rappelle Marie-Claire Paty.<\/em><\/p>\n\n\n\n<p><em>En Ile-de-France, il est d\u00e9sormais d\u00e9finitivement implant\u00e9 dans une centaine de communes. \u00ab\u00a0Son extension est in\u00e9luctable\u00a0\u00bb, d\u00e9clare l&rsquo;entomologiste Didier Fontenille. \u00ab\u00a0C&rsquo;est un insecte urbain, qui se d\u00e9place dans les voitures et pond ses oeufs dans les collections d&rsquo;eau\u00a0\u00bb laiss\u00e9es par les gens &#8211; des g\u00eetes larvaires &#8211; comme des pots, des soucoupes, des r\u00e9cup\u00e9rateurs d&rsquo;eau. \u00ab\u00a0Il aime le sang humain, ce qui en ville, ne manque pas\u00a0\u00bb, poursuit-il.<\/em><\/p>\n\n\n\n<p><em>Pour ne rien arranger, le r\u00e9chauffement climatique a des effets indirects sur son accroissement : plus il fait chaud, plus le cycle de d\u00e9veloppement du moustique se raccourcit. La vitesse de multiplication du virus \u00e0 l&rsquo;int\u00e9rieur de l&rsquo;insecte est aussi augment\u00e9e sous l&rsquo;effet de la temp\u00e9rature. \u00ab\u00a0Donc plus il fait chaud, plus vite il peut transmettre une infection\u00a0\u00bb, explique Anna-Bella Failloux, sp\u00e9cialiste des maladies li\u00e9es aux moustiques \u00e0 l&rsquo;Institut Pasteur.<\/em><\/p>\n\n\n\n<p><em>Son expansion reste toutefois essentiellement favoris\u00e9e par les voyages et les comportements humains. Les autorit\u00e9s sanitaires redoutent ainsi l&rsquo;organisation prochaine de grands \u00e9v\u00e8nements sportifs internationaux en m\u00e9tropole &#8211; notamment les JO 2024 -, qui donneront lieu \u00e0 d&rsquo;importants mouvements de populations venues du monde entier.<\/em><\/p>\n\n\n\n<p><em>\u00ab\u00a0Si dans les territoires ultra-marins le moustique tigre transmet beaucoup de virus, il reste pour le moment en m\u00e9tropole un insecte essentiellement nuisant. Mais cela pourrait changer dans les ann\u00e9es qui viennent\u00a0\u00bb, avise Didier Fontenille. Pour limiter les risques, \u00ab\u00a0la premi\u00e8re chose \u00e0 faire est de lui rendre la vie difficile\u00a0\u00bb, conseille ce directeur de recherche \u00e0 l&rsquo;Institut de recherche pour le d\u00e9veloppement (IRD) \u00e0 Montpellier.<\/em><\/p>\n\n\n\n<p><em>\u00ab\u00a0En outre-mer, le moustique fait d\u00e9j\u00e0 partie du quotidien. En Hexagone il va maintenant falloir apprendre \u00e0 vivre avec\u00a0\u00bb, r\u00e9sume Anna-Bella Failloux. \u00c9liminer tous les endroits o\u00f9 l&rsquo;eau peut stagner, vider les r\u00e9cipients, couvrir les r\u00e9servoirs et les piscines lorsqu&rsquo;elles ne sont pas utilis\u00e9es&#8230; sont autant de gestes \u00e0 adopter, \u00e0 la fois par les particuliers et les agents territoriaux. Certains produits r\u00e9pulsifs peuvent aussi s&rsquo;av\u00e9rer utiles, mais tous ne sont pas d&rsquo;une efficacit\u00e9 optimale contre le moustique tigre.&nbsp;<\/em><\/p>\n\n\n\n<p><em>La surveillance de la pr\u00e9sence de l&rsquo;insecte repose aussi \u00ab\u00a0sur le signalement citoyen\u00a0\u00bb, a pr\u00f4n\u00e9 le minist\u00e8re de la Sant\u00e9 dans un communiqu\u00e9 ce 27 avril, appelant les particuliers \u00e0 signaler son implantation dans leur commune sur le portail \u00ab\u00a0<\/em><a href=\"https:\/\/signalement-moustique.anses.fr\/signalement_albopictus\/\"><em>signalement-moustique.anses.fr<\/em><\/a><em>\u00ab\u00a0.\u00a0Pour \u00e9viter la mise en place d&rsquo;un cycle de transmission autochtone de maladies li\u00e9es au moustique tigre, \u00ab\u00a0une enqu\u00eate est r\u00e9alis\u00e9e autour de chaque cas humain recens\u00e9 dans un d\u00e9partement\u00a0\u00bb o\u00f9 il est install\u00e9, rappelle-t-il.<\/em><\/p>\n","protected":false},"excerpt":{"rendered":"<p>Pour les sp\u00e9cialistes le changement climatique va accentuer son accroissement\u00a0: plus\u00a0il fait chaud, plus le cycle de d\u00e9veloppement du moustique se raccourcit. La vitesse de multiplication du virus \u00e0 l&rsquo;int\u00e9rieur de l&rsquo;insecte est aussi augment\u00e9e sous l&rsquo;effet de la temp\u00e9rature. Plus\u00a0il fait chaud, plus le cycle de d\u00e9veloppement du moustique se raccourcit. La vitesse de [&hellip;]<\/p>\n","protected":false},"author":1,"featured_media":0,"comment_status":"closed","ping_status":"open","sticky":false,"template":"","format":"standard","meta":{"twitterCardType":"","cardImageID":0,"cardImage":"","cardTitle":"","cardDesc":"","cardImageAlt":"","cardPlayer":"","cardPlayerWidth":0,"cardPlayerHeight":0,"cardPlayerStream":"","cardPlayerCodec":"","footnotes":""},"categories":[62,11],"tags":[280,256,99],"class_list":["post-21743","post","type-post","status-publish","format-standard","hentry","category-le-rouge-le-vert-hebdo","category-politique-locale","tag-metropole","tag-prevention","tag-sante"],"_links":{"self":[{"href":"https:\/\/www.ades-grenoble.org\/wordpress\/wp-json\/wp\/v2\/posts\/21743","targetHints":{"allow":["GET"]}}],"collection":[{"href":"https:\/\/www.ades-grenoble.org\/wordpress\/wp-json\/wp\/v2\/posts"}],"about":[{"href":"https:\/\/www.ades-grenoble.org\/wordpress\/wp-json\/wp\/v2\/types\/post"}],"author":[{"embeddable":true,"href":"https:\/\/www.ades-grenoble.org\/wordpress\/wp-json\/wp\/v2\/users\/1"}],"replies":[{"embeddable":true,"href":"https:\/\/www.ades-grenoble.org\/wordpress\/wp-json\/wp\/v2\/comments?post=21743"}],"version-history":[{"count":1,"href":"https:\/\/www.ades-grenoble.org\/wordpress\/wp-json\/wp\/v2\/posts\/21743\/revisions"}],"predecessor-version":[{"id":21744,"href":"https:\/\/www.ades-grenoble.org\/wordpress\/wp-json\/wp\/v2\/posts\/21743\/revisions\/21744"}],"wp:attachment":[{"href":"https:\/\/www.ades-grenoble.org\/wordpress\/wp-json\/wp\/v2\/media?parent=21743"}],"wp:term":[{"taxonomy":"category","embeddable":true,"href":"https:\/\/www.ades-grenoble.org\/wordpress\/wp-json\/wp\/v2\/categories?post=21743"},{"taxonomy":"post_tag","embeddable":true,"href":"https:\/\/www.ades-grenoble.org\/wordpress\/wp-json\/wp\/v2\/tags?post=21743"}],"curies":[{"name":"wp","href":"https:\/\/api.w.org\/{rel}","templated":true}]}}