{"id":21755,"date":"2023-05-12T17:11:44","date_gmt":"2023-05-12T15:11:44","guid":{"rendered":"https:\/\/www.ades-grenoble.org\/wordpress\/?p=21755"},"modified":"2023-05-12T17:17:07","modified_gmt":"2023-05-12T15:17:07","slug":"un-peu-de-lecture-pour-un-week-end-studieux-7","status":"publish","type":"post","link":"https:\/\/www.ades-grenoble.org\/wordpress\/2023\/05\/12\/un-peu-de-lecture-pour-un-week-end-studieux-7\/","title":{"rendered":"Un peu de lecture pour un week-end studieux :"},"content":{"rendered":"<div class=\"wp-block-image is-style-default\">\n<figure class=\"alignleft size-full\"><img loading=\"lazy\" decoding=\"async\" width=\"280\" height=\"373\" src=\"https:\/\/www.ades-grenoble.org\/wordpress\/wp-content\/uploads\/2023\/04\/lecture.jpg\" alt=\"\" class=\"wp-image-21619\" srcset=\"https:\/\/www.ades-grenoble.org\/wordpress\/wp-content\/uploads\/2023\/04\/lecture.jpg 280w, https:\/\/www.ades-grenoble.org\/wordpress\/wp-content\/uploads\/2023\/04\/lecture-225x300.jpg 225w, https:\/\/www.ades-grenoble.org\/wordpress\/wp-content\/uploads\/2023\/04\/lecture-113x150.jpg 113w\" sizes=\"auto, (max-width: 280px) 100vw, 280px\" \/><\/figure>\n<\/div>\n\n\n<p><strong>Le parcours du combattant&nbsp;: <\/strong>Exp\u00e9riences plurielles de la demande d\u2019asile en France, Nicolas Chambon et Collectif, Ed. Rhizome (revue) 12 euros.<\/p>\n\n\n\n<p><strong>Les ing\u00e9nieurs du chaos<\/strong>&nbsp;: Big data et fascisation par la propagande num\u00e9rique, Giuliano Da Empoli, Ed. Folio coll. Actuel, 8,10 euros<\/p>\n\n\n\n<p><strong>D\u00e9plastifier sa vie<\/strong>&nbsp;: \u00e9cologie du quotidien, Nelly Pons, Ed. Actes Sud, 10 euros.<\/p>\n\n\n\n<p><strong>Le travail, enjeu des retraites<\/strong>&nbsp;: Bernard Friot, Ed. La Dispute, 4,72 euros.<\/p>\n","protected":false},"excerpt":{"rendered":"<p>Le parcours du combattant&nbsp;: Exp\u00e9riences plurielles de la demande d\u2019asile en France, Nicolas Chambon et Collectif, Ed. Rhizome (revue) 12 euros. Les ing\u00e9nieurs du chaos&nbsp;: Big data et fascisation par la propagande num\u00e9rique, Giuliano Da Empoli, Ed. Folio coll. Actuel, 8,10 euros D\u00e9plastifier sa vie&nbsp;: \u00e9cologie du quotidien, Nelly Pons, Ed. Actes Sud, 10 euros. [&hellip;]<\/p>\n","protected":false},"author":1,"featured_media":0,"comment_status":"closed","ping_status":"open","sticky":false,"template":"","format":"standard","meta":{"twitterCardType":"","cardImageID":0,"cardImage":"","cardTitle":"","cardDesc":"","cardImageAlt":"","cardPlayer":"","cardPlayerWidth":0,"cardPlayerHeight":0,"cardPlayerStream":"","cardPlayerCodec":"","footnotes":""},"categories":[62,11],"tags":[353],"class_list":["post-21755","post","type-post","status-publish","format-standard","hentry","category-le-rouge-le-vert-hebdo","category-politique-locale","tag-lecture"],"_links":{"self":[{"href":"https:\/\/www.ades-grenoble.org\/wordpress\/wp-json\/wp\/v2\/posts\/21755","targetHints":{"allow":["GET"]}}],"collection":[{"href":"https:\/\/www.ades-grenoble.org\/wordpress\/wp-json\/wp\/v2\/posts"}],"about":[{"href":"https:\/\/www.ades-grenoble.org\/wordpress\/wp-json\/wp\/v2\/types\/post"}],"author":[{"embeddable":true,"href":"https:\/\/www.ades-grenoble.org\/wordpress\/wp-json\/wp\/v2\/users\/1"}],"replies":[{"embeddable":true,"href":"https:\/\/www.ades-grenoble.org\/wordpress\/wp-json\/wp\/v2\/comments?post=21755"}],"version-history":[{"count":1,"href":"https:\/\/www.ades-grenoble.org\/wordpress\/wp-json\/wp\/v2\/posts\/21755\/revisions"}],"predecessor-version":[{"id":21756,"href":"https:\/\/www.ades-grenoble.org\/wordpress\/wp-json\/wp\/v2\/posts\/21755\/revisions\/21756"}],"wp:attachment":[{"href":"https:\/\/www.ades-grenoble.org\/wordpress\/wp-json\/wp\/v2\/media?parent=21755"}],"wp:term":[{"taxonomy":"category","embeddable":true,"href":"https:\/\/www.ades-grenoble.org\/wordpress\/wp-json\/wp\/v2\/categories?post=21755"},{"taxonomy":"post_tag","embeddable":true,"href":"https:\/\/www.ades-grenoble.org\/wordpress\/wp-json\/wp\/v2\/tags?post=21755"}],"curies":[{"name":"wp","href":"https:\/\/api.w.org\/{rel}","templated":true}]}}