{"id":21780,"date":"2023-05-19T15:20:49","date_gmt":"2023-05-19T13:20:49","guid":{"rendered":"https:\/\/www.ades-grenoble.org\/wordpress\/?p=21780"},"modified":"2023-05-19T15:52:23","modified_gmt":"2023-05-19T13:52:23","slug":"politique-politicienne-294","status":"publish","type":"post","link":"https:\/\/www.ades-grenoble.org\/wordpress\/2023\/05\/19\/politique-politicienne-294\/","title":{"rendered":"Politique politicienne"},"content":{"rendered":"<div class=\"wp-block-image is-style-default\">\n<figure class=\"alignleft size-full\"><img loading=\"lazy\" decoding=\"async\" width=\"200\" height=\"234\" src=\"https:\/\/www.ades-grenoble.org\/wordpress\/wp-content\/uploads\/2015\/01\/fou1.png\" alt=\"fou\" class=\"wp-image-9634\" srcset=\"https:\/\/www.ades-grenoble.org\/wordpress\/wp-content\/uploads\/2015\/01\/fou1.png 200w, https:\/\/www.ades-grenoble.org\/wordpress\/wp-content\/uploads\/2015\/01\/fou1-128x150.png 128w\" sizes=\"auto, (max-width: 200px) 100vw, 200px\" \/><\/figure>\n<\/div>\n\n\n<p>Lors du conseil municipal, M. Carignon adepte des infox ou des Fake News, a fait une intervention qui essayait de le d\u00e9douaner d\u2019avoir vendu par corruption le service de l\u2019eau et de l\u2019assainissement de Grenoble en 1989 \u00e0 la Lyonnaise des Eaux, en expliquant que la majorit\u00e9 de gauche et \u00e9cologiste aurait fait pire que lui en c\u00e9dant la propri\u00e9t\u00e9 des champs de captages de Rochefort \u00e0 la m\u00e9tropole. Lui n\u2019aurait vendu que la gestion mais pas la propri\u00e9t\u00e9 du service&nbsp;!!!<\/p>\n\n\n\n<p>M. Carignon devrait s\u2019astreindre \u00e0 s\u2019inscrire \u00e0 des formations sur les lois et r\u00e8glements de notre R\u00e9publique, ce qui lui \u00e9viterait de raconter n\u2019importe quoi.<\/p>\n\n\n\n<p>Que dit la loi lorsqu\u2019il y a transfert de comp\u00e9tence pour un service public&nbsp;?&nbsp;: <em>\u00ab&nbsp;Le transfert d&rsquo;une comp\u00e9tence entra\u00eene de plein droit la mise \u00e0 la disposition de la collectivit\u00e9 b\u00e9n\u00e9ficiaire des biens meubles et immeubles utilis\u00e9s, \u00e0 la date de ce transfert, pour l&rsquo;exercice de cette comp\u00e9tence (article L1321-1 du CGCT)\u2026<\/em><\/p>\n\n\n\n<p><em>Lorsque la collectivit\u00e9 ant\u00e9rieurement comp\u00e9tente \u00e9tait propri\u00e9taire des biens mis \u00e0 disposition, la remise de ces biens a lieu \u00e0 titre gratuit (article L1321-2 du CGCT)&nbsp;\u00bb.<\/em><\/p>\n\n\n\n<p>La conclusion est simple et claire, la m\u00e9tropole ayant, de par la loi, la comp\u00e9tence eau potable au 1<sup>er<\/sup> janvier 2015, il y a eu transfert gratuitement de la propri\u00e9t\u00e9 des biens des services de l\u2019eau des 49 communes \u00e0 la M\u00e9tro. C\u2019est ainsi que les champs de captages de Rochefort appartiennent en toute propri\u00e9t\u00e9 \u00e0 la M\u00e9tro.<\/p>\n\n\n\n<p>Conclusion, z\u00e9ro point\u00e9 pour l\u2019ancien maire corrompu\u2026 Il n\u2019y a pas eu vente d\u2019un patrimoine, mais remise de ce patrimoine \u00e0 la m\u00e9tropole.<\/p>\n","protected":false},"excerpt":{"rendered":"<p>Lors du conseil municipal, M. Carignon adepte des infox ou des Fake News, a fait une intervention qui essayait de le d\u00e9douaner d\u2019avoir vendu par corruption le service de l\u2019eau et de l\u2019assainissement de Grenoble en 1989 \u00e0 la Lyonnaise des Eaux, en expliquant que la majorit\u00e9 de gauche et \u00e9cologiste aurait fait pire que [&hellip;]<\/p>\n","protected":false},"author":1,"featured_media":0,"comment_status":"closed","ping_status":"open","sticky":false,"template":"","format":"standard","meta":{"twitterCardType":"","cardImageID":0,"cardImage":"","cardTitle":"","cardDesc":"","cardImageAlt":"","cardPlayer":"","cardPlayerWidth":0,"cardPlayerHeight":0,"cardPlayerStream":"","cardPlayerCodec":"","footnotes":""},"categories":[62,11],"tags":[30,54],"class_list":["post-21780","post","type-post","status-publish","format-standard","hentry","category-le-rouge-le-vert-hebdo","category-politique-locale","tag-corrompu","tag-politique-droite-gauche"],"_links":{"self":[{"href":"https:\/\/www.ades-grenoble.org\/wordpress\/wp-json\/wp\/v2\/posts\/21780","targetHints":{"allow":["GET"]}}],"collection":[{"href":"https:\/\/www.ades-grenoble.org\/wordpress\/wp-json\/wp\/v2\/posts"}],"about":[{"href":"https:\/\/www.ades-grenoble.org\/wordpress\/wp-json\/wp\/v2\/types\/post"}],"author":[{"embeddable":true,"href":"https:\/\/www.ades-grenoble.org\/wordpress\/wp-json\/wp\/v2\/users\/1"}],"replies":[{"embeddable":true,"href":"https:\/\/www.ades-grenoble.org\/wordpress\/wp-json\/wp\/v2\/comments?post=21780"}],"version-history":[{"count":1,"href":"https:\/\/www.ades-grenoble.org\/wordpress\/wp-json\/wp\/v2\/posts\/21780\/revisions"}],"predecessor-version":[{"id":21781,"href":"https:\/\/www.ades-grenoble.org\/wordpress\/wp-json\/wp\/v2\/posts\/21780\/revisions\/21781"}],"wp:attachment":[{"href":"https:\/\/www.ades-grenoble.org\/wordpress\/wp-json\/wp\/v2\/media?parent=21780"}],"wp:term":[{"taxonomy":"category","embeddable":true,"href":"https:\/\/www.ades-grenoble.org\/wordpress\/wp-json\/wp\/v2\/categories?post=21780"},{"taxonomy":"post_tag","embeddable":true,"href":"https:\/\/www.ades-grenoble.org\/wordpress\/wp-json\/wp\/v2\/tags?post=21780"}],"curies":[{"name":"wp","href":"https:\/\/api.w.org\/{rel}","templated":true}]}}