{"id":21822,"date":"2023-06-02T12:08:48","date_gmt":"2023-06-02T10:08:48","guid":{"rendered":"https:\/\/www.ades-grenoble.org\/wordpress\/?p=21822"},"modified":"2023-06-02T13:41:58","modified_gmt":"2023-06-02T11:41:58","slug":"combien-va-couter-la-transition-climatique","status":"publish","type":"post","link":"https:\/\/www.ades-grenoble.org\/wordpress\/2023\/06\/02\/combien-va-couter-la-transition-climatique\/","title":{"rendered":"Combien va co\u00fbter la transition climatique ?"},"content":{"rendered":"<div class=\"wp-block-image is-style-default\">\n<figure class=\"alignleft size-full\"><img loading=\"lazy\" decoding=\"async\" width=\"380\" height=\"111\" src=\"https:\/\/www.ades-grenoble.org\/wordpress\/wp-content\/uploads\/2021\/03\/I4CE.jpg\" alt=\"\" class=\"wp-image-18520\" srcset=\"https:\/\/www.ades-grenoble.org\/wordpress\/wp-content\/uploads\/2021\/03\/I4CE.jpg 380w, https:\/\/www.ades-grenoble.org\/wordpress\/wp-content\/uploads\/2021\/03\/I4CE-150x44.jpg 150w, https:\/\/www.ades-grenoble.org\/wordpress\/wp-content\/uploads\/2021\/03\/I4CE-300x88.jpg 300w\" sizes=\"auto, (max-width: 380px) 100vw, 380px\" \/><\/figure>\n<\/div>\n\n\n<p>Diverses \u00e9tudes d\u00e9montrent que le respect de la trajectoire d\u00e9finie par la loi pour arriver \u00e0 la neutralit\u00e9 carbone en 2050, exige des suppl\u00e9ments d\u2019investissements colossaux durant les ann\u00e9es qui viennent. Les pouvoirs publics (Etat et collectivit\u00e9s) sont en premi\u00e8re ligne pour permettre la grande partie de ces investissements. <a rel=\"noreferrer noopener\" href=\"https:\/\/www.i4ce.org\/financement-climat-paves-dans-mare\/\" target=\"_blank\">Le site I4CE (Institut de l\u2019\u00c9conomie pour le Climat<\/a><a href=\"https:\/\/www.i4ce.org\/financement-climat-paves-dans-mare\/\" target=\"_blank\" rel=\"noreferrer noopener\">)<\/a> analyse <a rel=\"noreferrer noopener\" href=\"https:\/\/www.strategie.gouv.fr\/sites\/strategie.gouv.fr\/files\/atoms\/files\/2023-incidences-economiques-transition-climat-rapport-de-synthese.pdf\" target=\"_blank\">le dernier rapport pr\u00e9sent\u00e9 par M. Pisani-Ferry<\/a> qui propose d\u2019utiliser d\u00e8s maintenant le levier fiscal sur les plus riches pour all\u00e9ger l\u2019augmentation in\u00e9luctable de la dette publique. Cette proposition tr\u00e8s raisonnable a imm\u00e9diatement \u00e9t\u00e9 refus\u00e9e par le pr\u00e9sident des riches, d\u00e9montrant encore une fois pour qui il gouverne.<\/p>\n\n\n\n<p>Voici l\u2019\u00e9ditorial du site I4CE sur ce rapport&nbsp;:<\/p>\n\n\n\n<!--more-->\n\n\n\n<p><em>\u00ab&nbsp;Le rapport Pisani-Ferry a jet\u00e9 un premier pav\u00e9 dans la mare en estimant \u00e0 environ 30 milliards d\u2019euros par an le besoin suppl\u00e9mentaire de d\u00e9penses publiques pour faire la transition climatique. Et un second pav\u00e9 en explorant diff\u00e9rentes options pour d\u00e9gager une telle somme, telles que l\u2019endettement et \u2013 ce qui a \u00e9videmment beaucoup fait parler \u2013 la hausse de la fiscalit\u00e9 sur les m\u00e9nages ais\u00e9s. Les membres du gouvernement qui ont r\u00e9agi au rapport ont, malheureusement, omis de commenter le chiffre de 30 milliards. Mais ils ont largement comment\u00e9, et rejet\u00e9, la hausse de l\u2019endettement et de la fiscalit\u00e9 pour financer ces d\u00e9penses.<\/em><\/p>\n\n\n\n<p><em>L\u2019option privil\u00e9gi\u00e9e par le gouvernement est claire : les \u00e9conomies budg\u00e9taires et en particulier la r\u00e9forme des niches fiscales identifi\u00e9es comme d\u00e9favorables au climat. Ces taux r\u00e9duits de taxation sur l\u2019\u00e9nergie pour de nombreux secteurs \u00e9conomiques co\u00fbteraient plus de 7 milliards par an \u00e0 l\u2019Etat selon le gouvernement. Jusqu\u2019\u00e0 trois fois plus avec d\u2019autres m\u00e9thodes, comme l\u2019avait montr\u00e9 I4CE dans une \u00e9tude \u00e0 red\u00e9couvrir dans cette newsletter. R\u00e9former ces niches a tout de la bonne id\u00e9e, et il est heureux que le gouvernement s\u2019y attelle \u00e0 nouveau. Soyons lucides n\u00e9anmoins : l\u2019histoire r\u00e9cente nous enseigne que cette r\u00e9forme prendra du temps et ne permettra pas de r\u00e9cup\u00e9rer tout l\u2019argent que co\u00fbtent ces niches. Et pas seulement parce que devant chaque niche il y a un chien qui aboie.<\/em><\/p>\n\n\n\n<p><em>Il n\u2019y a pas de baguette magique pour financer la transition et c\u2019est pourquoi il est sain d\u2019explorer et de d\u00e9battre de toutes les options. Le gouvernement fait n\u00e9anmoins le pari, aujourd\u2019hui, de miser uniquement sur les \u00e9conomies budg\u00e9taires. Il doit d\u00e8s lors pr\u00e9ciser combien il esp\u00e8re \u00e9conomiser pour la transition, d\u00e8s 2024 et pour les ann\u00e9es qui suivent. Et, si les \u00e9conomies possibles ne collent pas avec les besoins identifi\u00e9s par le rapport Pisani-Ferry, il doit expliquer comment il compte faire la transition avec moins d\u2019argent public. Et donc, qui paiera si ce n\u2019est pas l\u2019Etat.&nbsp;\u00bb<\/em><\/p>\n","protected":false},"excerpt":{"rendered":"<p>Diverses \u00e9tudes d\u00e9montrent que le respect de la trajectoire d\u00e9finie par la loi pour arriver \u00e0 la neutralit\u00e9 carbone en 2050, exige des suppl\u00e9ments d\u2019investissements colossaux durant les ann\u00e9es qui viennent. Les pouvoirs publics (Etat et collectivit\u00e9s) sont en premi\u00e8re ligne pour permettre la grande partie de ces investissements. Le site I4CE (Institut de l\u2019\u00c9conomie [&hellip;]<\/p>\n","protected":false},"author":1,"featured_media":0,"comment_status":"closed","ping_status":"open","sticky":false,"template":"","format":"standard","meta":{"twitterCardType":"","cardImageID":0,"cardImage":"","cardTitle":"","cardDesc":"","cardImageAlt":"","cardPlayer":"","cardPlayerWidth":0,"cardPlayerHeight":0,"cardPlayerStream":"","cardPlayerCodec":"","footnotes":""},"categories":[62,11],"tags":[223,138,380],"class_list":["post-21822","post","type-post","status-publish","format-standard","hentry","category-le-rouge-le-vert-hebdo","category-politique-locale","tag-climat","tag-finances","tag-transitions"],"_links":{"self":[{"href":"https:\/\/www.ades-grenoble.org\/wordpress\/wp-json\/wp\/v2\/posts\/21822","targetHints":{"allow":["GET"]}}],"collection":[{"href":"https:\/\/www.ades-grenoble.org\/wordpress\/wp-json\/wp\/v2\/posts"}],"about":[{"href":"https:\/\/www.ades-grenoble.org\/wordpress\/wp-json\/wp\/v2\/types\/post"}],"author":[{"embeddable":true,"href":"https:\/\/www.ades-grenoble.org\/wordpress\/wp-json\/wp\/v2\/users\/1"}],"replies":[{"embeddable":true,"href":"https:\/\/www.ades-grenoble.org\/wordpress\/wp-json\/wp\/v2\/comments?post=21822"}],"version-history":[{"count":1,"href":"https:\/\/www.ades-grenoble.org\/wordpress\/wp-json\/wp\/v2\/posts\/21822\/revisions"}],"predecessor-version":[{"id":21823,"href":"https:\/\/www.ades-grenoble.org\/wordpress\/wp-json\/wp\/v2\/posts\/21822\/revisions\/21823"}],"wp:attachment":[{"href":"https:\/\/www.ades-grenoble.org\/wordpress\/wp-json\/wp\/v2\/media?parent=21822"}],"wp:term":[{"taxonomy":"category","embeddable":true,"href":"https:\/\/www.ades-grenoble.org\/wordpress\/wp-json\/wp\/v2\/categories?post=21822"},{"taxonomy":"post_tag","embeddable":true,"href":"https:\/\/www.ades-grenoble.org\/wordpress\/wp-json\/wp\/v2\/tags?post=21822"}],"curies":[{"name":"wp","href":"https:\/\/api.w.org\/{rel}","templated":true}]}}