{"id":2184,"date":"2010-09-08T18:55:41","date_gmt":"2010-09-08T16:55:41","guid":{"rendered":"http:\/\/www.ades-grenoble.org\/wordpress\/?p=2184"},"modified":"2010-10-23T19:34:34","modified_gmt":"2010-10-23T17:34:34","slug":"la-nouvelle-politique-de-la-majorite-pour-le-logement-social-a-droite-toute","status":"publish","type":"post","link":"https:\/\/www.ades-grenoble.org\/wordpress\/2010\/09\/08\/la-nouvelle-politique-de-la-majorite-pour-le-logement-social-a-droite-toute\/","title":{"rendered":"La nouvelle politique de la majorit\u00e9 pour le logement social, \u00e0 droite toute !"},"content":{"rendered":"<p>Le bailleur social ACTIS projetait la construction de 34 logements rue Marbeuf, pr\u00e8s de l\u2019\u00e9cole Painlev\u00e9 dans le quartier des Eaux Claires \u00e0 la place du petit immeuble  de logement de fonction des instituteurs. Les opposants \u00e0 ce projet ont r\u00e9unis 1400 signatures sur une p\u00e9tition.<\/p>\n<p>Le 24 juin 2010 s\u2019est tenue une r\u00e9union publique \u00e0 l\u2019initiative de la mairie pour d\u00e9battre de cette question, et face \u00e0 l\u2019hostilit\u00e9 des participants, l\u2019adjoint \u00e0 l\u2019urbanisme -qui est surtout l\u2019adjoint \u00e0 l\u2019immobilier- a d\u00e9cid\u00e9 de suspendre le projet. Pour conclure et se d\u00e9fausser,  il a demand\u00e9 aux associations oppos\u00e9es au projet de lui faire des propositions pour une autre solution\u00a0!<\/p>\n<p>Plusieurs le\u00e7ons peuvent \u00eatre tir\u00e9es\u00a0:<\/p>\n<ul>\n<li>La \tmajorit\u00e9 montre une fois de plus son incapacit\u00e9 \u00e0 \u00e9laborer des \tprojets avec une concertation v\u00e9ritable ou une co-\u00e9laboration avec \tles habitants en amont des d\u00e9cisions, cr\u00e9ant ainsi les conditions \td\u2019une opposition radicale et souvent fond\u00e9e. La majorit\u00e9 \tpr\u00e9sente ses projets les uns derri\u00e8re les autres sans strat\u00e9gie \tglobale pour un quartier. Elle est incapable d\u2019une vision \tcoh\u00e9rente sur le moyen terme, ce qui emp\u00eache un vrai d\u00e9bat \tcitoyen sur diff\u00e9rentes options. Au fil des mois on ne peut que \tconstater que la charte de la d\u00e9mocratie locale n\u2019est qu\u2019un \tchiffon de papier.<\/li>\n<li>Il \tn\u2019est pas sain que le vice-pr\u00e9sident du CCS3 soit en m\u00eame temps \tle pr\u00e9sident de l\u2019Union de quartier et de plus proche du maire. \tCette absence de pluralisme nuit \u00e0 la qualit\u00e9 du d\u00e9bat citoyen.<\/li>\n<li>La \tposition de la majorit\u00e9 municipale montre bien quelles sont ses \tpriorit\u00e9s sociales. Quand il s\u2019agit de logements priv\u00e9s, \tl\u2019adjoint \u00e0 l\u2019immobilier les d\u00e9fend  bec et ongle, m\u00eame face \t\u00e0 une forte opposition des habitants (voir l\u2019op\u00e9ration sur le \tterrain Schneider \u00e0 Jean Mac\u00e9 ou l\u2019h\u00f4tel 4 \u00e9toiles au quartier \tde Bonne), d\u00e9fendant les profits des promoteurs ; par contre quand \til s\u2019agit de logement social, c\u2019est laiss\u00e9 \u00e0 l\u2019appr\u00e9ciation \tdes habitants. Les bons terrains sont promis aux op\u00e9rations priv\u00e9es \tet ACTIS doit se contenter des bas morceaux. N\u2019y a-t-il plus que \tles cours d\u2019\u00e9coles pour implanter du logement social dans la \tville\u00a0?<\/li>\n<\/ul>\n<p>C\u2019est bien le symbole de cette majorit\u00e9 droite-gauche, \u00e0 gauche en parole, \u00e0 droite dans les actes.<\/p>\n","protected":false},"excerpt":{"rendered":"<p>Le bailleur social ACTIS projetait la construction de 34 logements rue Marbeuf, pr\u00e8s de l\u2019\u00e9cole Painlev\u00e9 dans le quartier des Eaux Claires \u00e0 la place du petit immeuble de logement de fonction des instituteurs. Les opposants \u00e0 ce projet ont r\u00e9unis 1400 signatures sur une p\u00e9tition. Le 24 juin 2010 s\u2019est tenue une r\u00e9union publique [&hellip;]<\/p>\n","protected":false},"author":1,"featured_media":0,"comment_status":"closed","ping_status":"open","sticky":false,"template":"","format":"standard","meta":{"twitterCardType":"","cardImageID":0,"cardImage":"","cardTitle":"","cardDesc":"","cardImageAlt":"","cardPlayer":"","cardPlayerWidth":0,"cardPlayerHeight":0,"cardPlayerStream":"","cardPlayerCodec":"","footnotes":""},"categories":[62,11],"tags":[66,54],"class_list":["post-2184","post","type-post","status-publish","format-standard","hentry","category-le-rouge-le-vert-hebdo","category-politique-locale","tag-logement","tag-politique-droite-gauche"],"_links":{"self":[{"href":"https:\/\/www.ades-grenoble.org\/wordpress\/wp-json\/wp\/v2\/posts\/2184","targetHints":{"allow":["GET"]}}],"collection":[{"href":"https:\/\/www.ades-grenoble.org\/wordpress\/wp-json\/wp\/v2\/posts"}],"about":[{"href":"https:\/\/www.ades-grenoble.org\/wordpress\/wp-json\/wp\/v2\/types\/post"}],"author":[{"embeddable":true,"href":"https:\/\/www.ades-grenoble.org\/wordpress\/wp-json\/wp\/v2\/users\/1"}],"replies":[{"embeddable":true,"href":"https:\/\/www.ades-grenoble.org\/wordpress\/wp-json\/wp\/v2\/comments?post=2184"}],"version-history":[{"count":4,"href":"https:\/\/www.ades-grenoble.org\/wordpress\/wp-json\/wp\/v2\/posts\/2184\/revisions"}],"predecessor-version":[{"id":2506,"href":"https:\/\/www.ades-grenoble.org\/wordpress\/wp-json\/wp\/v2\/posts\/2184\/revisions\/2506"}],"wp:attachment":[{"href":"https:\/\/www.ades-grenoble.org\/wordpress\/wp-json\/wp\/v2\/media?parent=2184"}],"wp:term":[{"taxonomy":"category","embeddable":true,"href":"https:\/\/www.ades-grenoble.org\/wordpress\/wp-json\/wp\/v2\/categories?post=2184"},{"taxonomy":"post_tag","embeddable":true,"href":"https:\/\/www.ades-grenoble.org\/wordpress\/wp-json\/wp\/v2\/tags?post=2184"}],"curies":[{"name":"wp","href":"https:\/\/api.w.org\/{rel}","templated":true}]}}