{"id":21858,"date":"2023-06-09T14:24:51","date_gmt":"2023-06-09T12:24:51","guid":{"rendered":"https:\/\/www.ades-grenoble.org\/wordpress\/?p=21858"},"modified":"2023-06-09T15:00:33","modified_gmt":"2023-06-09T13:00:33","slug":"un-coup-darret-au-developpement-anarchique-de-la-maurienne","status":"publish","type":"post","link":"https:\/\/www.ades-grenoble.org\/wordpress\/2023\/06\/09\/un-coup-darret-au-developpement-anarchique-de-la-maurienne\/","title":{"rendered":"Un coup d\u2019arr\u00eat au d\u00e9veloppement anarchique de la Maurienne"},"content":{"rendered":"<div class=\"wp-block-image is-style-default\">\n<figure class=\"alignleft size-full\"><img loading=\"lazy\" decoding=\"async\" width=\"380\" height=\"234\" src=\"https:\/\/www.ades-grenoble.org\/wordpress\/wp-content\/uploads\/2023\/06\/Maurienne-2023.jpg\" alt=\"\" class=\"wp-image-21859\" srcset=\"https:\/\/www.ades-grenoble.org\/wordpress\/wp-content\/uploads\/2023\/06\/Maurienne-2023.jpg 380w, https:\/\/www.ades-grenoble.org\/wordpress\/wp-content\/uploads\/2023\/06\/Maurienne-2023-300x185.jpg 300w, https:\/\/www.ades-grenoble.org\/wordpress\/wp-content\/uploads\/2023\/06\/Maurienne-2023-150x92.jpg 150w\" sizes=\"auto, (max-width: 380px) 100vw, 380px\" \/><\/figure>\n<\/div>\n\n\n<p>Le comit\u00e9 syndical du Pays de Maurienne avait approuv\u00e9 le Sch\u00e9ma de\u00a0Coh\u00e9rence Territoriale (SCoT)\u00a0le 25 f\u00e9vrier 2020, apr\u00e8s un <a rel=\"noreferrer noopener\" href=\"https:\/\/www.mrae.developpement-durable.gouv.fr\/IMG\/pdf\/190820_aara157_scot_paysdemaurienne_73.pdf\" target=\"_blank\">avis tr\u00e8s critique de l\u2019autorit\u00e9 environnementale du 22 ao\u00fbt 2019.<\/a><\/p>\n\n\n\n<p><em>\u00ab&nbsp;L&rsquo;Autorit\u00e9 environnementale rel\u00e8ve, en premier lieu, que l&rsquo;\u00e9valuation environnementale du SCoT n&rsquo;interroge pas, pour les \u00e9l\u00e9ments essentiels que constituent le d\u00e9veloppement des stations de montagne et la cr\u00e9ation d&rsquo;unit\u00e9s touristiques nouvelles (UTN), le contenu du projet au regard de ses incidences sur l\u2019environnement. Les sc\u00e9narios de d\u00e9veloppement, auquel le rapport de pr\u00e9sentation fait r\u00e9f\u00e9rence, n\u2019ouvrent sur aucune alternative prenant en compte la protection et la valorisation de l\u2019environnement\u2026<\/em><\/p>\n\n\n\n<!--more-->\n\n\n\n<p><em>Cette lacune m\u00e9thodologique grave fait que le projet de SCoT d\u00e9finit des UTN dont les impacts \u00e9cologique et paysager pr\u00e9visibles seront consid\u00e9rables sans pour autant qu&rsquo;ils fassent l&rsquo;objet d&rsquo;une analyse d\u00e9taill\u00e9e. Les mesures de d\u00e9rogation, que pr\u00e9voit le document d&rsquo;orientations et d&rsquo;objectifs (DOO), qui permettent d&rsquo;exon\u00e9rer les UTN des obligations d&rsquo;inconstructibilit\u00e9 s&rsquo;appliquant aux sites et espaces paysagers remarquables sont exorbitantes et traduisent l&rsquo;absence totale d&rsquo;attention du SCoT \u00e0 la grande qualit\u00e9 des paysages remarquables qui constituent pourtant l&rsquo;un des facteurs majeurs d&rsquo;attractivit\u00e9 du Pays de Maurienne\u2026&nbsp;\u00bb<\/em><\/p>\n\n\n\n<p>Rappel&nbsp;: L\u2019UTN est une proc\u00e9dure de r\u00e9alisation des plus importants projets touristiques en montagne. Elle permet aussi de d\u00e9roger au principe de construction en continuit\u00e9 de l\u2019urbanisation existante.<\/p>\n\n\n\n<p>Suite \u00e0 un r\u00e9f\u00e9r\u00e9 suspension, une ordonnance du 9 avril 2021 du juge des r\u00e9f\u00e9r\u00e9s du tribunal administratif de Grenoble avait suspendu la majeure partie des nouvelles UTN du SCOT (une premi\u00e8re nationale).<\/p>\n\n\n\n<p>Suite au recours d\u2019associations environnementales (France Nature Environnement (FNE) Auvergne-Rh\u00f4ne-Alpes, FNE Savoie, Mountain Wilderness et Valloire Avenir) le 30 mai 2023, le Tribunal administratif de Grenoble annule le SCOT.<\/p>\n\n\n\n<p>L\u2019Etablissement public du SCOT va-t-il faire appel, (qui n\u2019est pas suspensif)&nbsp;?<\/p>\n\n\n\n<p><a href=\"https:\/\/www.fne-aura.org\/communiques\/region\/coup-darret-au-developpement-anarchique-de-la-maurienne\/\" target=\"_blank\" rel=\"noreferrer noopener\">Communiqu\u00e9 du 30 mai 2023<\/a>\u00a0: <em>\u00ab\u00a0FNE AURA (France Nature Environnement Auvergne-Rh\u00f4ne-Alpes) et FNE Savoie se f\u00e9licitent que le tribunal administratif de Grenoble ait donn\u00e9 ce jour, mardi 30 mai 2023, des suites favorables \u00e0 la requ\u00eate d\u2019annulation du SCoT (Sch\u00e9ma de Coh\u00e9rence Territorial) du Pays de Maurienne faite par FNE AURA et FNE Savoie.<\/em><\/p>\n\n\n\n<p><em>Ce jugement, faisant suite \u00e0 la suspension des UTN (Unit\u00e9s Touristiques Nouvelles) du SCoT prononc\u00e9e en 2021, d\u00e9montre la flagrante insuffisance de justification des nouvelles destructions d\u2019espaces naturels \u00e0 haute valeur \u00e9cologique et d\u2019accaparement des maigres ressources en eau existantes par les am\u00e9nagements projet\u00e9s par les stations de sports d\u2019hiver. En effet, l\u2019artificialisation des sols d\u00e9vore les espaces naturels et agricoles de notre pays \u00e0 un rythme effr\u00e9n\u00e9. Le SCoT du Pays de Maurienne faisait comme si de rien n\u2019\u00e9tait. Ce jugement pointe \u00e9galement l\u2019absence de projet de territoire, qui se r\u00e9sumait \u00e0 la juxtaposition de projets d\u2019extensions de stations de ski, l\u2019absence de mesures concr\u00e8tes pour remettre en location les logements peu ou pas utilis\u00e9s (lits froids), la flagrante insuffisance des \u00e9tudes environnementales pr\u00e9alables aux projets de construction et de terrassement et l\u2019absence de prise en compte du r\u00e9chauffement climatique, dont les influences sont sous-estim\u00e9es.<\/em><\/p>\n\n\n\n<p><em>La vall\u00e9e de la Maurienne, dont la biodiversit\u00e9 et la beaut\u00e9 sont in\u00e9galables, devrait \u00eatre \u00e9pargn\u00e9e de projets port\u00e9s par une vision pass\u00e9iste de l\u2019am\u00e9nagement du territoire et n\u00e9gationniste du r\u00e9chauffement climatique et des limites impos\u00e9es par les ressources naturelles.\u00a0\u00bb<\/em><\/p>\n","protected":false},"excerpt":{"rendered":"<p>Le comit\u00e9 syndical du Pays de Maurienne avait approuv\u00e9 le Sch\u00e9ma de\u00a0Coh\u00e9rence Territoriale (SCoT)\u00a0le 25 f\u00e9vrier 2020, apr\u00e8s un avis tr\u00e8s critique de l\u2019autorit\u00e9 environnementale du 22 ao\u00fbt 2019. \u00ab&nbsp;L&rsquo;Autorit\u00e9 environnementale rel\u00e8ve, en premier lieu, que l&rsquo;\u00e9valuation environnementale du SCoT n&rsquo;interroge pas, pour les \u00e9l\u00e9ments essentiels que constituent le d\u00e9veloppement des stations de montagne et [&hellip;]<\/p>\n","protected":false},"author":1,"featured_media":0,"comment_status":"closed","ping_status":"open","sticky":false,"template":"","format":"standard","meta":{"twitterCardType":"","cardImageID":0,"cardImage":"","cardTitle":"","cardDesc":"","cardImageAlt":"","cardPlayer":"","cardPlayerWidth":0,"cardPlayerHeight":0,"cardPlayerStream":"","cardPlayerCodec":"","footnotes":""},"categories":[62,11],"tags":[175,12,185,106],"class_list":["post-21858","post","type-post","status-publish","format-standard","hentry","category-le-rouge-le-vert-hebdo","category-politique-locale","tag-environnement","tag-mobilisations","tag-montagne","tag-scot"],"_links":{"self":[{"href":"https:\/\/www.ades-grenoble.org\/wordpress\/wp-json\/wp\/v2\/posts\/21858","targetHints":{"allow":["GET"]}}],"collection":[{"href":"https:\/\/www.ades-grenoble.org\/wordpress\/wp-json\/wp\/v2\/posts"}],"about":[{"href":"https:\/\/www.ades-grenoble.org\/wordpress\/wp-json\/wp\/v2\/types\/post"}],"author":[{"embeddable":true,"href":"https:\/\/www.ades-grenoble.org\/wordpress\/wp-json\/wp\/v2\/users\/1"}],"replies":[{"embeddable":true,"href":"https:\/\/www.ades-grenoble.org\/wordpress\/wp-json\/wp\/v2\/comments?post=21858"}],"version-history":[{"count":1,"href":"https:\/\/www.ades-grenoble.org\/wordpress\/wp-json\/wp\/v2\/posts\/21858\/revisions"}],"predecessor-version":[{"id":21860,"href":"https:\/\/www.ades-grenoble.org\/wordpress\/wp-json\/wp\/v2\/posts\/21858\/revisions\/21860"}],"wp:attachment":[{"href":"https:\/\/www.ades-grenoble.org\/wordpress\/wp-json\/wp\/v2\/media?parent=21858"}],"wp:term":[{"taxonomy":"category","embeddable":true,"href":"https:\/\/www.ades-grenoble.org\/wordpress\/wp-json\/wp\/v2\/categories?post=21858"},{"taxonomy":"post_tag","embeddable":true,"href":"https:\/\/www.ades-grenoble.org\/wordpress\/wp-json\/wp\/v2\/tags?post=21858"}],"curies":[{"name":"wp","href":"https:\/\/api.w.org\/{rel}","templated":true}]}}