{"id":21914,"date":"2023-06-23T12:30:51","date_gmt":"2023-06-23T10:30:51","guid":{"rendered":"https:\/\/www.ades-grenoble.org\/wordpress\/?p=21914"},"modified":"2023-06-23T13:58:19","modified_gmt":"2023-06-23T11:58:19","slug":"inquietude-sur-les-niveaux-de-deux-tiers-des-nappes-phreatiques-en-france","status":"publish","type":"post","link":"https:\/\/www.ades-grenoble.org\/wordpress\/2023\/06\/23\/inquietude-sur-les-niveaux-de-deux-tiers-des-nappes-phreatiques-en-france\/","title":{"rendered":"Inqui\u00e9tude sur les niveaux de deux tiers des nappes phr\u00e9atiques en France"},"content":{"rendered":"<div class=\"wp-block-image is-style-default\">\n<figure class=\"alignleft size-full\"><img loading=\"lazy\" decoding=\"async\" width=\"380\" height=\"143\" src=\"https:\/\/www.ades-grenoble.org\/wordpress\/wp-content\/uploads\/2023\/03\/BRGM.jpg\" alt=\"\" class=\"wp-image-21464\" srcset=\"https:\/\/www.ades-grenoble.org\/wordpress\/wp-content\/uploads\/2023\/03\/BRGM.jpg 380w, https:\/\/www.ades-grenoble.org\/wordpress\/wp-content\/uploads\/2023\/03\/BRGM-300x113.jpg 300w, https:\/\/www.ades-grenoble.org\/wordpress\/wp-content\/uploads\/2023\/03\/BRGM-150x56.jpg 150w\" sizes=\"auto, (max-width: 380px) 100vw, 380px\" \/><\/figure>\n<\/div>\n\n\n<p>Le BRGM dans<a rel=\"noreferrer noopener\" href=\"https:\/\/www.brgm.fr\/sites\/default\/files\/documents\/2023-06\/communique-nappes-eau-souterraine-2023-06-note.pdf\" target=\"_blank\"> son bulletin de situation hydrog\u00e9ologique au 1er juin 2023<\/a> indique que 66 % des niveaux des nappes restent sous les normales mensuelles. Malgr\u00e9 les pluies et orages la s\u00e9cheresse reste tr\u00e8s pr\u00e9sente dans l\u2019hexagone. R\u00e9gionalement, les niveaux des nappes du couloir Rh\u00f4ne-Sa\u00f4ne sont pr\u00e9occupants, de bas \u00e0 tr\u00e8s bas. Des minima historiques sont observ\u00e9s sur plusieurs secteurs du Dijonnais, de la Bresse, de la Dombes, de l\u2019Est-Lyonnais et du Dauphin\u00e9. Les nappes inertielles du Dijonnais au Bas-Dauphin\u00e9 affichent des niveaux bas \u00e0 tr\u00e8s bas, du fait de plusieurs recharges hivernales successives peu intenses.<\/p>\n\n\n\n<p>En ce qui concerne les nappes qui alimentent majoritairement l\u2019eau potable de la m\u00e9tropole grenobloise, il n\u2019y a pas d\u2019inqui\u00e9tude quantitative \u00e0 court et moyen terme puisqu\u2019elles sont r\u00e9aliment\u00e9es en continu par le Drac et la Romanche.<\/p>\n\n\n\n<p>La SPL Eaux de Grenoble-Alpes surveille journali\u00e8rement le niveau de ces nappes, durant la s\u00e9cheresse pass\u00e9e elles ont montr\u00e9 une diminution du niveau normal.<\/p>\n\n\n\n<!--more-->\n\n\n\n<p>Entre Janvier 2022 et octobre 2022, la nappe de Rochefort (Drac) a diminu\u00e9 son niveau de 40 cm et a repris d\u00e8s d\u00e9cembre un niveau habituel et se retrouve dans la moyenne des ann\u00e9es 1997 \u00e0 2021.<\/p>\n\n\n\n<p>Cot\u00e9 Romanche \u00e0 Saint Pierre de M\u00e9sage entre janvier et octobre 2022, le niveau de la nappe a baiss\u00e9 de 2 m\u00e8tres et depuis elle est remont\u00e9e avec un l\u00e9ger d\u00e9ficit (50 cm) par rapport \u00e0 la moyenne 1997-2021.<\/p>\n\n\n\n<p>R\u00e9sum\u00e9 du bulletin du BRGM&nbsp;:<\/p>\n\n\n\n<p><em>\u00ab&nbsp;Les pr\u00e9cipitations du d\u00e9but printemps ont permis de ralentir la vidange des nappes sur les secteurs les plus arros\u00e9s. En mai, les pr\u00e9cipitations sont rest\u00e9es insuffisantes pour engendrer des \u00e9pisodes de recharge et am\u00e9liorer l\u2019\u00e9tat des nappes. Les niveaux sont majoritairement en baisse.<\/em><\/p>\n\n\n\n<p><em>La situation demeure peu satisfaisante sur une grande partie du pays : 66% des niveaux des nappes restent sous les normales mensuelles en mai (68% en avril 2023) avec de nombreux secteurs affichant des niveaux bas \u00e0 tr\u00e8s bas.<\/em><\/p>\n\n\n\n<p><em>En juin et pour le prochain trimestre, les niveaux des nappes devraient rester en baisse. Les \u00e9pisodes de recharge devraient rester ponctuels et peu intenses et impacter uniquement les nappes r\u00e9actives, sauf \u00e9v\u00e9nements pluviom\u00e9triques exceptionnels. L\u2019\u00e9volution de la situation des nappes d\u00e9pendra de leur r\u00e9activit\u00e9, des cumuls pluviom\u00e9triques locaux, de l\u2019\u00e9vapotranspiration et des demandes en eau. La situation devra \u00eatre particuli\u00e8rement surveill\u00e9e sur les nappes qui affichent actuellement des niveaux bas \u00e0 tr\u00e8s bas ainsi que sur les secteurs fortement sollicit\u00e9s par des pr\u00e9l\u00e8vements.&nbsp;\u00bb<\/em><\/p>\n","protected":false},"excerpt":{"rendered":"<p>Le BRGM dans son bulletin de situation hydrog\u00e9ologique au 1er juin 2023 indique que 66 % des niveaux des nappes restent sous les normales mensuelles. Malgr\u00e9 les pluies et orages la s\u00e9cheresse reste tr\u00e8s pr\u00e9sente dans l\u2019hexagone. R\u00e9gionalement, les niveaux des nappes du couloir Rh\u00f4ne-Sa\u00f4ne sont pr\u00e9occupants, de bas \u00e0 tr\u00e8s bas. Des minima historiques [&hellip;]<\/p>\n","protected":false},"author":1,"featured_media":0,"comment_status":"closed","ping_status":"open","sticky":false,"template":"","format":"standard","meta":{"twitterCardType":"","cardImageID":0,"cardImage":"","cardTitle":"","cardDesc":"","cardImageAlt":"","cardPlayer":"","cardPlayerWidth":0,"cardPlayerHeight":0,"cardPlayerStream":"","cardPlayerCodec":"","footnotes":""},"categories":[62,11],"tags":[232,153,256],"class_list":["post-21914","post","type-post","status-publish","format-standard","hentry","category-le-rouge-le-vert-hebdo","category-politique-locale","tag-eau","tag-ecologie","tag-prevention"],"_links":{"self":[{"href":"https:\/\/www.ades-grenoble.org\/wordpress\/wp-json\/wp\/v2\/posts\/21914","targetHints":{"allow":["GET"]}}],"collection":[{"href":"https:\/\/www.ades-grenoble.org\/wordpress\/wp-json\/wp\/v2\/posts"}],"about":[{"href":"https:\/\/www.ades-grenoble.org\/wordpress\/wp-json\/wp\/v2\/types\/post"}],"author":[{"embeddable":true,"href":"https:\/\/www.ades-grenoble.org\/wordpress\/wp-json\/wp\/v2\/users\/1"}],"replies":[{"embeddable":true,"href":"https:\/\/www.ades-grenoble.org\/wordpress\/wp-json\/wp\/v2\/comments?post=21914"}],"version-history":[{"count":1,"href":"https:\/\/www.ades-grenoble.org\/wordpress\/wp-json\/wp\/v2\/posts\/21914\/revisions"}],"predecessor-version":[{"id":21915,"href":"https:\/\/www.ades-grenoble.org\/wordpress\/wp-json\/wp\/v2\/posts\/21914\/revisions\/21915"}],"wp:attachment":[{"href":"https:\/\/www.ades-grenoble.org\/wordpress\/wp-json\/wp\/v2\/media?parent=21914"}],"wp:term":[{"taxonomy":"category","embeddable":true,"href":"https:\/\/www.ades-grenoble.org\/wordpress\/wp-json\/wp\/v2\/categories?post=21914"},{"taxonomy":"post_tag","embeddable":true,"href":"https:\/\/www.ades-grenoble.org\/wordpress\/wp-json\/wp\/v2\/tags?post=21914"}],"curies":[{"name":"wp","href":"https:\/\/api.w.org\/{rel}","templated":true}]}}