{"id":22087,"date":"2023-08-25T17:41:22","date_gmt":"2023-08-25T15:41:22","guid":{"rendered":"https:\/\/www.ades-grenoble.org\/wordpress\/?p=22087"},"modified":"2023-08-25T17:42:48","modified_gmt":"2023-08-25T15:42:48","slug":"le-maire-de-grenoble-interdit-ce-23-aout-par-arrete-le-spectacle-de-dieudonne-prevu-le-27-aout-a-grenoble","status":"publish","type":"post","link":"https:\/\/www.ades-grenoble.org\/wordpress\/2023\/08\/25\/le-maire-de-grenoble-interdit-ce-23-aout-par-arrete-le-spectacle-de-dieudonne-prevu-le-27-aout-a-grenoble\/","title":{"rendered":"Le maire de Grenoble interdit ce 23 ao\u00fbt par arr\u00eat\u00e9 le spectacle de Dieudonn\u00e9 pr\u00e9vu le 27 ao\u00fbt \u00e0 Grenoble"},"content":{"rendered":"<div class=\"wp-block-image is-style-default\">\n<figure class=\"alignleft size-full\"><img loading=\"lazy\" decoding=\"async\" width=\"380\" height=\"267\" src=\"https:\/\/www.ades-grenoble.org\/wordpress\/wp-content\/uploads\/2020\/07\/EricPiolleMaire.jpg\" alt=\"\" class=\"wp-image-17605\" srcset=\"https:\/\/www.ades-grenoble.org\/wordpress\/wp-content\/uploads\/2020\/07\/EricPiolleMaire.jpg 380w, https:\/\/www.ades-grenoble.org\/wordpress\/wp-content\/uploads\/2020\/07\/EricPiolleMaire-150x105.jpg 150w, https:\/\/www.ades-grenoble.org\/wordpress\/wp-content\/uploads\/2020\/07\/EricPiolleMaire-300x211.jpg 300w\" sizes=\"auto, (max-width: 380px) 100vw, 380px\" \/><\/figure>\n<\/div>\n\n\n<p>La repr\u00e9sentation et ou la diffusion du spectacle \u00ab <em>Sous bracelet : un spectacle hors du commun<\/em> \u00bb par Dieudonn\u00e9 pr\u00e9vue dimanche 27 ao\u00fbt 2023 \u00e0 18h est interdite sur l&rsquo;ensemble du territoire de la commune de Grenoble.<\/p>\n\n\n\n<p>Voici les consid\u00e9rants principaux de l\u2019arr\u00eat\u00e9 du maire&nbsp;:<\/p>\n\n\n\n<ul class=\"wp-block-list\">\n<li><em>Consid\u00e9rant que les pouvoirs de police municipale ont pour but d&rsquo;assurer le bon ordre, la s\u00e9curit\u00e9 et la salubrit\u00e9 publique ; qu&rsquo;il appartient notamment au Maire, sous peine d&rsquo;engager le cas \u00e9ch\u00e9ant sa responsabilit\u00e9, de pr\u00e9venir par des pr\u00e9cautions convenables les risques d&rsquo;atteinte \u00e0 la s\u00e9curit\u00e9, la salubrit\u00e9 publique et la tranquillit\u00e9 publique ainsi qu&rsquo;\u00e0 la dignit\u00e9 humaine ;<\/em><\/li>\n\n\n\n<li><em>Consid\u00e9rant que Monsieur Dieudonn\u00e9 M&rsquo;Bala M&rsquo;Bala et la SARL les Productions de la Plume ont pr\u00e9vu la repr\u00e9sentation d&rsquo;un spectacle intitul\u00e9 \u00ab Sous bracelet : un spectacle hors du Commun \u00bb le dimanche 27 ao\u00fbt 2023 \u00e0 18h sur le territoire de la commune de Grenoble en un lieu inconnu du territoire communal\u2026<\/em><\/li>\n\n\n\n<li><em>Consid\u00e9rant que Monsieur Dieudonn\u00e9 M&rsquo;Bala M&rsquo;Bala a fait l&rsquo;objet de nombreuses condamnations p\u00e9nales en raison de propos injurieux, incitant \u00e0 la haine raciale, n\u00e9gationnistes ou faisant l&rsquo;apologie d&rsquo;actes de terrorisme;<\/em><\/li>\n<\/ul>\n\n\n\n<!--more-->\n\n\n\n<ul class=\"wp-block-list\">\n<li><em>Consid\u00e9rant que la billetterie de la repr\u00e9sentation dudit spectacle pr\u00e9cise que le lieu exact de celle-ci sera communiqu\u00e9 par SMS aux d\u00e9tenteurs de billets au plus tard quelques heures avant la repr\u00e9sentation ;<\/em><\/li>\n\n\n\n<li><em>Consid\u00e9rant que l&rsquo;absence de transparence de cette organisation ne permet pas aux autorit\u00e9s municipale et pr\u00e9fectorale comp\u00e9tentes de prendre les mesures adapt\u00e9es au maintien de l&rsquo;ordre public, de la s\u00e9curit\u00e9 publique, et de la tranquillit\u00e9 publique, ces derniers \u00e9tant menac\u00e9s de troubles av\u00e9r\u00e9s en cas de tenue de la repr\u00e9sentation du spectacle :\u00abSous bracelet: un spectacle hors du commun \u00bb de Monsieur Dieudonn\u00e9 M&rsquo;Bala M&rsquo;Bal<\/em>a.<\/li>\n<\/ul>\n","protected":false},"excerpt":{"rendered":"<p>La repr\u00e9sentation et ou la diffusion du spectacle \u00ab Sous bracelet : un spectacle hors du commun \u00bb par Dieudonn\u00e9 pr\u00e9vue dimanche 27 ao\u00fbt 2023 \u00e0 18h est interdite sur l&rsquo;ensemble du territoire de la commune de Grenoble. Voici les consid\u00e9rants principaux de l\u2019arr\u00eat\u00e9 du maire&nbsp;:<\/p>\n","protected":false},"author":1,"featured_media":0,"comment_status":"closed","ping_status":"open","sticky":false,"template":"","format":"standard","meta":{"twitterCardType":"","cardImageID":0,"cardImage":"","cardTitle":"","cardDesc":"","cardImageAlt":"","cardPlayer":"","cardPlayerWidth":0,"cardPlayerHeight":0,"cardPlayerStream":"","cardPlayerCodec":"","footnotes":""},"categories":[62,11],"tags":[180,215,252],"class_list":["post-22087","post","type-post","status-publish","format-standard","hentry","category-le-rouge-le-vert-hebdo","category-politique-locale","tag-discriminations","tag-grenoble","tag-maire"],"_links":{"self":[{"href":"https:\/\/www.ades-grenoble.org\/wordpress\/wp-json\/wp\/v2\/posts\/22087","targetHints":{"allow":["GET"]}}],"collection":[{"href":"https:\/\/www.ades-grenoble.org\/wordpress\/wp-json\/wp\/v2\/posts"}],"about":[{"href":"https:\/\/www.ades-grenoble.org\/wordpress\/wp-json\/wp\/v2\/types\/post"}],"author":[{"embeddable":true,"href":"https:\/\/www.ades-grenoble.org\/wordpress\/wp-json\/wp\/v2\/users\/1"}],"replies":[{"embeddable":true,"href":"https:\/\/www.ades-grenoble.org\/wordpress\/wp-json\/wp\/v2\/comments?post=22087"}],"version-history":[{"count":1,"href":"https:\/\/www.ades-grenoble.org\/wordpress\/wp-json\/wp\/v2\/posts\/22087\/revisions"}],"predecessor-version":[{"id":22088,"href":"https:\/\/www.ades-grenoble.org\/wordpress\/wp-json\/wp\/v2\/posts\/22087\/revisions\/22088"}],"wp:attachment":[{"href":"https:\/\/www.ades-grenoble.org\/wordpress\/wp-json\/wp\/v2\/media?parent=22087"}],"wp:term":[{"taxonomy":"category","embeddable":true,"href":"https:\/\/www.ades-grenoble.org\/wordpress\/wp-json\/wp\/v2\/categories?post=22087"},{"taxonomy":"post_tag","embeddable":true,"href":"https:\/\/www.ades-grenoble.org\/wordpress\/wp-json\/wp\/v2\/tags?post=22087"}],"curies":[{"name":"wp","href":"https:\/\/api.w.org\/{rel}","templated":true}]}}