{"id":22146,"date":"2023-09-16T21:12:45","date_gmt":"2023-09-16T19:12:45","guid":{"rendered":"https:\/\/www.ades-grenoble.org\/wordpress\/?p=22146"},"modified":"2023-09-16T22:19:44","modified_gmt":"2023-09-16T20:19:44","slug":"la-politique-de-larbre-a-grenoble","status":"publish","type":"post","link":"https:\/\/www.ades-grenoble.org\/wordpress\/2023\/09\/16\/la-politique-de-larbre-a-grenoble\/","title":{"rendered":"La politique de l\u2019arbre \u00e0 Grenoble"},"content":{"rendered":"<div class=\"wp-block-image is-style-default\">\n<figure class=\"alignleft size-full\"><img loading=\"lazy\" decoding=\"async\" width=\"380\" height=\"274\" src=\"https:\/\/www.ades-grenoble.org\/wordpress\/wp-content\/uploads\/2023\/09\/ArbreGrenoble.jpg\" alt=\"\" class=\"wp-image-22149\" srcset=\"https:\/\/www.ades-grenoble.org\/wordpress\/wp-content\/uploads\/2023\/09\/ArbreGrenoble.jpg 380w, https:\/\/www.ades-grenoble.org\/wordpress\/wp-content\/uploads\/2023\/09\/ArbreGrenoble-300x216.jpg 300w, https:\/\/www.ades-grenoble.org\/wordpress\/wp-content\/uploads\/2023\/09\/ArbreGrenoble-150x108.jpg 150w\" sizes=\"auto, (max-width: 380px) 100vw, 380px\" \/><\/figure>\n<\/div>\n\n\n<p>Les arbres matures en milieu urbain rendent de multiples services : am\u00e9lioration de la qualit\u00e9 de l\u2019air, puits \u00e0 carbone, refuges pour la biodiversit\u00e9, climatisation naturelle, bien \u00eatre psychologique. A Grenoble depuis 2014, jamais on n&rsquo;avait autant pris soin des arbres, jamais aussi peu d&rsquo;arbres n&rsquo;ont \u00e9t\u00e9 coup\u00e9s, jamais autant n&rsquo;ont \u00e9t\u00e9 plant\u00e9s, le solde naturel (plantation moins abattage) est largement positif chaque ann\u00e9e et les plantations se sont acc\u00e9l\u00e9r\u00e9es depuis 2021. Il y a 36\u00a0000 arbres \u00e0 Grenoble et l&rsquo;objectif de planter 15 000 arbres suppl\u00e9mentaires d\u2019ici 2030 sera largement d\u00e9pass\u00e9.<\/p>\n\n\n\n<p>L\u2019adjoint au maire Gilles Namur explique \u00ab\u00a0<em>Quand nous coupons des arbres dans l&rsquo;espace public, c&rsquo;est soit parce qu&rsquo;ils sont malades, soit parce qu&rsquo;ils sont dangereux pour les habitants&#8230; La plupart du temps, il est impossible de juger de l&rsquo;\u00e9tat sanitaire d&rsquo;un arbre par simple observation&#8230; A Grenoble, ce sont des experts ind\u00e9pendants qui analysent l&rsquo;\u00e9tat des arbres et pr\u00e9conisent ou non d&rsquo;abattre certains sujets.<\/em> \u00bb<\/p>\n\n\n\n<!--more-->\n\n\n\n<p>Sans avoir consult\u00e9 la ville de Grenoble, la M\u00e9tropole propose de mani\u00e8re unilat\u00e9rale, au prochain conseil m\u00e9tropolitain du 29 septembre, de mettre fin au service commun de l\u2019arbre qui g\u00e8re les arbres d\u2019alignement uniquement sur le territoire communal de Grenoble, sans reprendre les agents de la ville qui s&rsquo;en occupaient. Quelle sera la politique de confortement apr\u00e8s plantation, quel est le projet d&rsquo;organisation et de r\u00e9ponse op\u00e9rationnelle ? Quelle gestion du quotidien ? La m\u00e9tropole n&rsquo;a pas, pour le moment en tout cas, les ressources humaines pour g\u00e9rer ces 16 000 arbres m\u00e9tropolitains, et il est \u00e0 craindre qu&rsquo;une privatisation soit mise en \u0153uvre sur ces arbres avec tous les effets d\u00e9l\u00e9t\u00e8res que cela pourrait entrainer sur ceux-ci sans parler du manque de r\u00e9activit\u00e9 pour toutes les actions de proximit\u00e9, d&rsquo;urgence, de crise, de mise en s\u00e9curit\u00e9, de lien avec les habitants qui vont forc\u00e9ment se d\u00e9grader.<\/p>\n\n\n\n<p>Sur le territoire de Grenoble l\u2019espace public arbor\u00e9 est divis\u00e9 en deux\u00a0: les arbres sur les trottoirs \u00e9tant de propri\u00e9t\u00e9 M\u00e9tro comme les accessoires de voirie, les arbres dans les espaces verts de propri\u00e9t\u00e9 ville. Il y a \u00e0 peu pr\u00e8s autant d\u2019arbres \u00ab\u00a0<em>M\u00e9tro<\/em>\u00a0\u00bb que d\u2019arbres \u00ab\u00a0<em>ville<\/em>\u00a0\u00bb. Il est souhaitable que la M\u00e9tro passe un contrat, avec la ville de Grenoble (et pas \u00e0 un priv\u00e9) pour que le service de la ville qui est tr\u00e8s comp\u00e9tent agisse pour le compte de la M\u00e9tro sur les arbres sur voirie. Il en va de la qualit\u00e9 du service rendu.<\/p>\n\n\n\n<p>Pour tout savoir sur les arbres en ville\u00a0: <a href=\"https:\/\/www.grenoble.fr\/2127-les-arbres-a-grenoble.htm\">Les arbres \u00e0 Grenoble &#8211; Grenoble.fr<\/a><\/p>\n\n\n<div class=\"wp-block-image is-style-default\">\n<figure class=\"aligncenter size-full\"><img loading=\"lazy\" decoding=\"async\" width=\"800\" height=\"466\" src=\"https:\/\/www.ades-grenoble.org\/wordpress\/wp-content\/uploads\/2023\/09\/ArbresGrenoble.jpg\" alt=\"\" class=\"wp-image-22147\" srcset=\"https:\/\/www.ades-grenoble.org\/wordpress\/wp-content\/uploads\/2023\/09\/ArbresGrenoble.jpg 800w, https:\/\/www.ades-grenoble.org\/wordpress\/wp-content\/uploads\/2023\/09\/ArbresGrenoble-300x175.jpg 300w, https:\/\/www.ades-grenoble.org\/wordpress\/wp-content\/uploads\/2023\/09\/ArbresGrenoble-150x87.jpg 150w, https:\/\/www.ades-grenoble.org\/wordpress\/wp-content\/uploads\/2023\/09\/ArbresGrenoble-768x447.jpg 768w, https:\/\/www.ades-grenoble.org\/wordpress\/wp-content\/uploads\/2023\/09\/ArbresGrenoble-600x350.jpg 600w\" sizes=\"auto, (max-width: 800px) 100vw, 800px\" \/><\/figure>\n<\/div>\n\n\n<p>L\u2019adjoint au maire nous donne les pr\u00e9cisions suivantes sur la politique suivie \u00e0 Grenoble&nbsp;:<\/p>\n\n\n\n<p><em>\u00ab La Ville de Grenoble prend soin de ses 36 000 arbres. La strat\u00e9gie autour de l&rsquo;arbre men\u00e9e par la ville se d\u00e9cline autour de deux volets : la pr\u00e9servation et l&rsquo;intensification du patrimoine arbor\u00e9. 11 actions prioritaires visant \u00e0 prot\u00e9ger les arbres dans le PLUI, soigner et s\u00e9curiser les arbres, valoriser pour prot\u00e9ger les arbres, tailler naturellement les arbres, reconnaitre les services \u00e9cosyst\u00e9miques des arbres, cr\u00e9er des bosquets bois\u00e9s, augmenter les plantations, impliquer les habitant-es via le don d&rsquo;arbres, d\u00e9min\u00e9raliser la ville, adapter et diversifier la palette v\u00e9g\u00e9tale, et recourir \u00e0 l&rsquo;urbanisme tactique pour valoriser la vacance des surfaces en amont des travaux d&rsquo;am\u00e9nagements urbains<\/em>.<\/p>\n\n\n\n<p><em>Concr\u00e8tement, plus de 1000 arbres publics et priv\u00e9s ont \u00e9t\u00e9 ajout\u00e9 dans les modifications r\u00e9centes et \u00e0 venir du PLUi afin de les prot\u00e9ger. Un inventaire et un classement des arbres remarquables de la ville a \u00e9t\u00e9 r\u00e9alis\u00e9 pour donner un statut juridique de protection \u00e0 ces arbres.<\/em><\/p>\n\n\n\n<p><em>La Ville de Grenoble a \u00e9galement adopt\u00e9 <a href=\"http:\/\/baremedelarbre.fr\">le bar\u00e8me national de l&rsquo;arbre<\/a> VIE-BED pour mieux prot\u00e9ger juridiquement ses arbres. Ce bar\u00e8me permettra de calculer le montant de l&rsquo;indemnit\u00e9 de d\u00e9dommagement qui pourra \u00eatre r\u00e9clam\u00e9e en cas de d\u00e9g\u00e2ts caus\u00e9s aux arbres.<\/em><\/p>\n\n\n\n<p><em>Et parce que l&rsquo;abattage d&rsquo;un arbre mature ne se compense pas, m\u00eame par de nombreux jeunes arbres, \u00e0 Grenoble, sur l&rsquo;espace public, nous ne coupons des arbres que s&rsquo;ils sont morts, malades ou repr\u00e9sentent un danger pour les habitant-es.<\/em><\/p>\n\n\n\n<p><em>Cependant, la s\u00e9curit\u00e9 des habitant-es prime avant tout, chaque ann\u00e9e 6 000 arbres sont diagnostiqu\u00e9s et en cas de doute, le diagnostic est approfondi par des experts.<\/em><\/p>\n\n\n\n<p><em>Mais m\u00eame avant de les abattre, tout est fait pour les pr\u00e9server. Par exemple, lorsque des vieux arbres sont en difficult\u00e9, on commence d&rsquo;abord par essayer de les pr\u00e9server le plus longtemps possible en les s\u00e9curisant par haubanage pour \u00e9viter de potentielles chutes de grosses branches.<\/em><\/p>\n\n\n\n<p><em>Ou encore, si l&rsquo;arbre est terriblement fragilis\u00e9, malade, nous n&rsquo;h\u00e9sitons pas \u00e0 d\u00e9ployer des moyens importants pour le pr\u00e9server lorsqu&rsquo;il est possible de l&rsquo;isoler afin de prot\u00e9ger les gens. Ceci a \u00e9t\u00e9 concr\u00e8tement mis en \u0153uvre derni\u00e8rement sur le remarquable h\u00eatre pleureur du parc Paul Mistral.<\/em><\/p>\n\n\n\n<p><em>Sur l&#8217;embl\u00e9matique place Victor Hugo, si certains arbres ont d\u00fb \u00eatre coup\u00e9s pour raison sanitaire ou de s\u00e9curit\u00e9, la totalit\u00e9 des all\u00e9es (4450 m\u00b2) ont \u00e9t\u00e9 perm\u00e9abilis\u00e9es, plus d&rsquo;arbres ont \u00e9t\u00e9 replant\u00e9s. Cette place sera \u00e0 terme plus ombrag\u00e9e qu\u2019elle ne le l\u2019a jamais \u00e9t\u00e9.<\/em><\/p>\n\n\n\n<p><em>La moiti\u00e9 des espaces verts \u00e0 Grenoble sont du domaine priv\u00e9. Nous sensibilisons donc aussi les Grenoblois-es sur le sujet de l&rsquo;arbre \u00e0 travers diff\u00e9rentes manifestations : journ\u00e9es de l\u2019arbre professionnelles et citoyennes, semaine de l&rsquo;arbre, &#8230; Nous les incitons \u00e9galement \u00e0 planter des arbres chez eux et pour les aider, les inciter \u00e0 le faire, depuis 3 ans, nous donnons des arbres, de diff\u00e9rentes essences, adapt\u00e9es au changement climatique, aux Grenoblois-es (600 arbres disponibles chaque ann\u00e9e gratuitement). \u00bb<\/em><\/p>\n\n\n\n<p><strong>Informations et ressources compl\u00e9mentaires sur les arbres \u00e0 Grenoble :<\/strong><\/p>\n\n\n\n<p>36 000 arbres \u00e0 Grenoble dont 32 000 en milieu urbain.<br>16 000 de ces arbres sont sur le domaine m\u00e9tropolitain.<br><strong>Plantations :<\/strong><br>&#8211; Durant le mandat pr\u00e9c\u00e9dent (2014-2019) : 5 000 plantations avec un solde sup\u00e9rieur \u00e0 3000.<br>&#8211; Depuis 2020, d\u00e9j\u00e0 plus de 4 500 plantations sans compter les tr\u00e8s nombreux jeunes arbres plant\u00e9s dans les for\u00eats urbaines de Mistral (5 500 + 1 500 jeunes arbres y ont \u00e9t\u00e9 plant\u00e9s). <\/p>\n\n\n\n<p>&#8211; <a href=\"https:\/\/grenoble.fr\/uploads\/Externe\/56\/1555_544_DP-L-arbre-en-ville.pdf\" data-type=\"link\" data-id=\"https:\/\/grenoble.fr\/uploads\/Externe\/56\/1555_544_DP-L-arbre-en-ville.pdf\">Strat\u00e9gie arbre men\u00e9e par la Ville<\/a> : 11 actions de pr\u00e9servation et d\u2019intensification du patrimoine arbor\u00e9. <br>&#8211; <a href=\"https:\/\/grenoble.fr\/cms_viewFile.php?idtf=21897&amp;path=Charte-de-l-arbre.pdf\" data-type=\"link\" data-id=\"https:\/\/grenoble.fr\/cms_viewFile.php?idtf=21897&amp;path=Charte-de-l-arbre.pdf\">Charte de l&rsquo;arbre \u00e0 Grenoble Alpes M\u00e9tropole<\/a><\/p>\n","protected":false},"excerpt":{"rendered":"<p>Les arbres matures en milieu urbain rendent de multiples services : am\u00e9lioration de la qualit\u00e9 de l\u2019air, puits \u00e0 carbone, refuges pour la biodiversit\u00e9, climatisation naturelle, bien \u00eatre psychologique. A Grenoble depuis 2014, jamais on n&rsquo;avait autant pris soin des arbres, jamais aussi peu d&rsquo;arbres n&rsquo;ont \u00e9t\u00e9 coup\u00e9s, jamais autant n&rsquo;ont \u00e9t\u00e9 plant\u00e9s, le solde [&hellip;]<\/p>\n","protected":false},"author":1,"featured_media":0,"comment_status":"closed","ping_status":"open","sticky":false,"template":"","format":"standard","meta":{"twitterCardType":"","cardImageID":0,"cardImage":"","cardTitle":"","cardDesc":"","cardImageAlt":"","cardPlayer":"","cardPlayerWidth":0,"cardPlayerHeight":0,"cardPlayerStream":"","cardPlayerCodec":"","footnotes":""},"categories":[62,11],"tags":[215,32,144],"class_list":["post-22146","post","type-post","status-publish","format-standard","hentry","category-le-rouge-le-vert-hebdo","category-politique-locale","tag-grenoble","tag-metro","tag-nature"],"_links":{"self":[{"href":"https:\/\/www.ades-grenoble.org\/wordpress\/wp-json\/wp\/v2\/posts\/22146","targetHints":{"allow":["GET"]}}],"collection":[{"href":"https:\/\/www.ades-grenoble.org\/wordpress\/wp-json\/wp\/v2\/posts"}],"about":[{"href":"https:\/\/www.ades-grenoble.org\/wordpress\/wp-json\/wp\/v2\/types\/post"}],"author":[{"embeddable":true,"href":"https:\/\/www.ades-grenoble.org\/wordpress\/wp-json\/wp\/v2\/users\/1"}],"replies":[{"embeddable":true,"href":"https:\/\/www.ades-grenoble.org\/wordpress\/wp-json\/wp\/v2\/comments?post=22146"}],"version-history":[{"count":2,"href":"https:\/\/www.ades-grenoble.org\/wordpress\/wp-json\/wp\/v2\/posts\/22146\/revisions"}],"predecessor-version":[{"id":22150,"href":"https:\/\/www.ades-grenoble.org\/wordpress\/wp-json\/wp\/v2\/posts\/22146\/revisions\/22150"}],"wp:attachment":[{"href":"https:\/\/www.ades-grenoble.org\/wordpress\/wp-json\/wp\/v2\/media?parent=22146"}],"wp:term":[{"taxonomy":"category","embeddable":true,"href":"https:\/\/www.ades-grenoble.org\/wordpress\/wp-json\/wp\/v2\/categories?post=22146"},{"taxonomy":"post_tag","embeddable":true,"href":"https:\/\/www.ades-grenoble.org\/wordpress\/wp-json\/wp\/v2\/tags?post=22146"}],"curies":[{"name":"wp","href":"https:\/\/api.w.org\/{rel}","templated":true}]}}