{"id":22158,"date":"2023-09-16T22:09:29","date_gmt":"2023-09-16T20:09:29","guid":{"rendered":"https:\/\/www.ades-grenoble.org\/wordpress\/?p=22158"},"modified":"2023-09-16T22:20:09","modified_gmt":"2023-09-16T20:20:09","slug":"gratuite-des-transports-en-commun-et-rer-grenoblois","status":"publish","type":"post","link":"https:\/\/www.ades-grenoble.org\/wordpress\/2023\/09\/16\/gratuite-des-transports-en-commun-et-rer-grenoblois\/","title":{"rendered":"Gratuit\u00e9 des transports en commun et RER grenoblois"},"content":{"rendered":"<div class=\"wp-block-image is-style-default\">\n<figure class=\"alignleft size-full\"><img loading=\"lazy\" decoding=\"async\" width=\"300\" height=\"209\" src=\"https:\/\/www.ades-grenoble.org\/wordpress\/wp-content\/uploads\/2015\/02\/Gratuite-logo.jpg\" alt=\"\" class=\"wp-image-9777\" srcset=\"https:\/\/www.ades-grenoble.org\/wordpress\/wp-content\/uploads\/2015\/02\/Gratuite-logo.jpg 300w, https:\/\/www.ades-grenoble.org\/wordpress\/wp-content\/uploads\/2015\/02\/Gratuite-logo-150x105.jpg 150w\" sizes=\"auto, (max-width: 300px) 100vw, 300px\" \/><\/figure>\n<\/div>\n\n\n<p>Depuis des mois le Collectif pour la gratuit\u00e9 des transports publics de l\u2019Agglom\u00e9ration Grenobloise, Grenoble Citoyenne et Alternatiba Grenoble, se mobilisent pour acc\u00e9l\u00e9rer la cr\u00e9ation d\u2019un RER m\u00e9tropolitain qui seule permettrait d\u2019offrir une alternative efficace aux p\u00e9riurbains qui utilisent leur voiture, notamment pour les trajets domicile-travail et pour que l\u2019autorit\u00e9 de transport mette en place la gratuit\u00e9 des transports en commun dans l\u2019agglom\u00e9ration. Il nous faut diminuer fortement l\u2019utilisation des voitures et la pollution atmosph\u00e9rique, un grand probl\u00e8me de sant\u00e9 publique qui s\u2019aggrave avec le changement climatique. Voir par exemple <a href=\"https:\/\/www.banquedesterritoires.fr\/la-gratuite-des-transports-publics-fait-son-retour?pk_campaign=newsletter_quotidienne&amp;pk_kwd=2023-09-13&amp;pk_source=Actualit%C3%A9s_Localtis&amp;pk_medium=newsletter_quotidienne\" data-type=\"link\" data-id=\"https:\/\/www.banquedesterritoires.fr\/la-gratuite-des-transports-publics-fait-son-retour?pk_campaign=newsletter_quotidienne&amp;pk_kwd=2023-09-13&amp;pk_source=Actualit%C3%A9s_Localtis&amp;pk_medium=newsletter_quotidienne\">l\u2019article de Localtis info<\/a><a href=\"https:\/\/www.banquedesterritoires.fr\/la-gratuite-des-transports-publics-fait-son-retour?pk_campaign=newsletter_quotidienne&amp;pk_kwd=2023-09-13&amp;pk_source=Actualit%C3%A9s_Localtis&amp;pk_medium=newsletter_quotidienne\">.<\/a><\/p>\n\n\n\n<p>Pour cela les trois collectifs demandent aux candidats \u00e0 l\u2019\u00e9lection s\u00e9natoriale du 24 septembre leurs positions sur ces questions tr\u00e8s importantes.<\/p>\n\n\n\n<p>Pour permettre une r\u00e9alisation rapide de la gratuit\u00e9, l\u2019augmentation de 2 \u00e0 3% du versement mobilit\u00e9 serait la meilleure solution en apportant plus de 60 millions d\u2019euros en recettes suppl\u00e9mentaires au SMMAG et permettrait de compenser l\u2019absence de l\u2019apport des usagers et acc\u00e9l\u00e9rer des investissements pour am\u00e9liorer l\u2019offre de transport.<\/p>\n\n\n\n<!--more-->\n\n\n\n<p>Pour cela il faut modifier une loi qui limite (hors de l\u2019Ile de France) le taux de ce versement \u00e0 2%, c\u2019est pourquoi les trois mouvements interrogent les t\u00eates de liste candidats aux s\u00e9natoriales pour connaitre leurs positions sur ces questions essentielles&nbsp;:<\/p>\n\n\n\n<p><strong><em>\u00ab&nbsp;Etes-vous favorables au d\u00e9veloppement et \u00e0 la gratuit\u00e9 des transports publics&nbsp;?<\/em><\/strong><\/p>\n\n\n\n<p><em>Nous sommes trois collectifs d\u2019organisations et de citoyen(ne)s du bassin de vie grenoblois qui nous mobilisons depuis plusieurs mois pour promouvoir la gratuit\u00e9 des transports collectifs sur le territoire du SMMAG, voire au-del\u00e0 et la cr\u00e9ation dans les meilleurs d\u00e9lais d\u2019un RER m\u00e9tropolitain.<\/em><\/p>\n\n\n\n<p><em>Au cours de ce printemps, nous avons distribu\u00e9 plus de 16 000 documents \u2013 4 pages \u2013 et propos\u00e9 la signature d\u2019une p\u00e9tition qui a recueilli plus de 2100 signatures sur le territoire m\u00e9tropolitain. Notre intervention a contribu\u00e9 \u00e0 amplifier le d\u00e9bat public sur la question des mobilit\u00e9s.<\/em><\/p>\n\n\n\n<p><em>Les citoyens sont confront\u00e9s \u00e0 l\u2019urgence climatique, sanitaire et sociale, il devient essentiel de leur proposer le d\u00e9veloppement des transports publics, en particulier dans les zones p\u00e9riurbaines et rurales, ce qui n\u00e9cessite d\u2019importants investissements. Il est \u00e9galement n\u00e9cessaire d\u2019inciter fortement les habitants \u00e0 adopter ces modes de transport, de les red\u00e9finir comme un bien commun et une nouvelle norme sociale. La COP 21 exigeait d\u2019ailleurs des \u00e9tats et territoires que la part modale des d\u00e9placements en transports collectifs ait doubl\u00e9 d\u2019ici 2030.<\/em><\/p>\n\n\n\n<p><em>Le d\u00e9veloppement massif et la gratuit\u00e9 des d\u00e9placements urbains et p\u00e9riurbains sont des mesures volontaristes qui permettront d\u2019agir contre le d\u00e9r\u00e8glement climatique, de lutter contre la pollution, d\u2019am\u00e9liorer la qualit\u00e9 de l\u2019air, d\u2019abaisser les d\u00e9penses des familles tout en limitant l\u2019encombrement de l\u2019espace public en r\u00e9duisant l\u2019usage de la voiture individuelle.<\/em><\/p>\n\n\n\n<p><em>De nombreuses collectivit\u00e9s et \u00e9tablissements publics intercommunaux ont d\u2019ores et d\u00e9j\u00e0 fait le choix de la gratuit\u00e9, soit partielle (le samedi, le week-end, en fonction de l\u2019\u00e2ge) soit totale.<\/em><\/p>\n\n\n\n<p><em>Au niveau local, la g\u00e9n\u00e9ralisation du versement mobilit\u00e9 des entreprises \u00e0 2% de leur masse salariale \u2013 \u00e0 partir de 11 salari\u00e9s &#8211; sur l\u2019ensemble du territoire du SMMAG serait un geste significatif de la part du Gr\u00e9sivaudan et du Voironnais pour faire face \u00e0 l\u2019urgence climatique et sociale.<\/em><\/p>\n\n\n\n<p><em>Au niveau national, les parlementaires pourraient voter le taux plafond du versement mobilit\u00e9 \u00e0 3% de la masse salariale comme il est d\u00e9j\u00e0 instaur\u00e9 en Ile de France. Une partie significative de la TICPE pourrait \u00eatre affect\u00e9e au financement des investissements n\u00e9cessaires au d\u00e9veloppement des transports collectifs. Le co\u00fbt de la gratuit\u00e9 totale tout en garantissant le d\u00e9veloppement de l\u2019offre deviendrait alors supportable pour les collectivit\u00e9s publiques. Pour les entreprises et administrations, la gratuit\u00e9 annulerait de fait leur contribution aux abonnements de leurs salari\u00e9s et agents et le versement d\u2019indemnit\u00e9s kilom\u00e9triques.<\/em><\/p>\n\n\n\n<p><em>Candidat(e)s aux \u00e9lections s\u00e9natoriales du 24 septembre 2023 dans le d\u00e9partement de l\u2019Is\u00e8re,<\/em><\/p>\n\n\n\n<ul class=\"wp-block-list\">\n<li><strong><em>Etes-vous favorables \u00e0 l\u2019instauration de la gratuit\u00e9 des transports collectifs urbains et p\u00e9riurbains en Is\u00e8re&nbsp;?<\/em><\/strong><\/li>\n\n\n\n<li><strong><em>Etes-vous d\u2019accord pour agir aupr\u00e8s des \u00e9lu(e)s is\u00e9rois et en particulier m\u00e9tropolitains afin d\u2019obtenir l\u2019instauration de la gratuit\u00e9, d\u2019abord partielle puis totale&nbsp;?<\/em><\/strong><\/li>\n\n\n\n<li><strong><em>Etes-vous pr\u00eats \u00e0 vous mobiliser pour acc\u00e9l\u00e9rer la cr\u00e9ation d\u2019un RER sur l\u2019aire urbaine grenobloise&nbsp;?<\/em><\/strong><\/li>\n\n\n\n<li><strong><em>Si vous \u00eates \u00e9lu(e)s le 24 septembre, \u00eates-vous dispos\u00e9(e)s \u00e0 promouvoir la gratuit\u00e9 des transports collectifs et \u00e0 voter la hausse \u00e0 3% de la masse salariale du plafond du versement mobilit\u00e9s\u00a0?\u00a0\u00bb<\/em><\/strong><\/li>\n<\/ul>\n","protected":false},"excerpt":{"rendered":"<p>Depuis des mois le Collectif pour la gratuit\u00e9 des transports publics de l\u2019Agglom\u00e9ration Grenobloise, Grenoble Citoyenne et Alternatiba Grenoble, se mobilisent pour acc\u00e9l\u00e9rer la cr\u00e9ation d\u2019un RER m\u00e9tropolitain qui seule permettrait d\u2019offrir une alternative efficace aux p\u00e9riurbains qui utilisent leur voiture, notamment pour les trajets domicile-travail et pour que l\u2019autorit\u00e9 de transport mette en place [&hellip;]<\/p>\n","protected":false},"author":1,"featured_media":0,"comment_status":"closed","ping_status":"open","sticky":false,"template":"","format":"standard","meta":{"twitterCardType":"","cardImageID":0,"cardImage":"","cardTitle":"","cardDesc":"","cardImageAlt":"","cardPlayer":"","cardPlayerWidth":0,"cardPlayerHeight":0,"cardPlayerStream":"","cardPlayerCodec":"","footnotes":""},"categories":[62,11],"tags":[97,44,50],"class_list":["post-22158","post","type-post","status-publish","format-standard","hentry","category-le-rouge-le-vert-hebdo","category-politique-locale","tag-senatoriales","tag-services-publics","tag-transports-en-commun"],"_links":{"self":[{"href":"https:\/\/www.ades-grenoble.org\/wordpress\/wp-json\/wp\/v2\/posts\/22158","targetHints":{"allow":["GET"]}}],"collection":[{"href":"https:\/\/www.ades-grenoble.org\/wordpress\/wp-json\/wp\/v2\/posts"}],"about":[{"href":"https:\/\/www.ades-grenoble.org\/wordpress\/wp-json\/wp\/v2\/types\/post"}],"author":[{"embeddable":true,"href":"https:\/\/www.ades-grenoble.org\/wordpress\/wp-json\/wp\/v2\/users\/1"}],"replies":[{"embeddable":true,"href":"https:\/\/www.ades-grenoble.org\/wordpress\/wp-json\/wp\/v2\/comments?post=22158"}],"version-history":[{"count":1,"href":"https:\/\/www.ades-grenoble.org\/wordpress\/wp-json\/wp\/v2\/posts\/22158\/revisions"}],"predecessor-version":[{"id":22159,"href":"https:\/\/www.ades-grenoble.org\/wordpress\/wp-json\/wp\/v2\/posts\/22158\/revisions\/22159"}],"wp:attachment":[{"href":"https:\/\/www.ades-grenoble.org\/wordpress\/wp-json\/wp\/v2\/media?parent=22158"}],"wp:term":[{"taxonomy":"category","embeddable":true,"href":"https:\/\/www.ades-grenoble.org\/wordpress\/wp-json\/wp\/v2\/categories?post=22158"},{"taxonomy":"post_tag","embeddable":true,"href":"https:\/\/www.ades-grenoble.org\/wordpress\/wp-json\/wp\/v2\/tags?post=22158"}],"curies":[{"name":"wp","href":"https:\/\/api.w.org\/{rel}","templated":true}]}}