{"id":22171,"date":"2023-09-22T20:59:47","date_gmt":"2023-09-22T18:59:47","guid":{"rendered":"https:\/\/www.ades-grenoble.org\/wordpress\/?p=22171"},"modified":"2023-09-22T21:56:04","modified_gmt":"2023-09-22T19:56:04","slug":"situation-des-nappes-phreatiques-au-1er-septembre-2023","status":"publish","type":"post","link":"https:\/\/www.ades-grenoble.org\/wordpress\/2023\/09\/22\/situation-des-nappes-phreatiques-au-1er-septembre-2023\/","title":{"rendered":"Situation des nappes phr\u00e9atiques au 1er septembre 2023"},"content":{"rendered":"<div class=\"wp-block-image is-style-default\">\n<figure class=\"alignleft size-full\"><img loading=\"lazy\" decoding=\"async\" width=\"380\" height=\"143\" src=\"https:\/\/www.ades-grenoble.org\/wordpress\/wp-content\/uploads\/2023\/03\/BRGM.jpg\" alt=\"\" class=\"wp-image-21464\" srcset=\"https:\/\/www.ades-grenoble.org\/wordpress\/wp-content\/uploads\/2023\/03\/BRGM.jpg 380w, https:\/\/www.ades-grenoble.org\/wordpress\/wp-content\/uploads\/2023\/03\/BRGM-300x113.jpg 300w, https:\/\/www.ades-grenoble.org\/wordpress\/wp-content\/uploads\/2023\/03\/BRGM-150x56.jpg 150w\" sizes=\"auto, (max-width: 380px) 100vw, 380px\" \/><\/figure>\n<\/div>\n\n\n<p>Un l\u00e9ger mieux en ao\u00fbt mais la vigilance doit rester tr\u00e8s pr\u00e9sente. Le BRGM (Bureau de recherches g\u00e9ologiques et mini\u00e8res) communique au 1<sup>er<\/sup> septembre l\u2019\u00e9tat des nappes en France.<\/p>\n\n\n\n<p>Courant ao\u00fbt, la vidange se poursuit sur l\u2019ensemble des nappes et les niveaux sont g\u00e9n\u00e9ralement en baisse (73%). Sur le tiers nord du territoire, les pr\u00e9cipitations de juillet et d\u2019ao\u00fbt ont toutefois permis de maintenir les niveaux ou d\u2019enregistrer des \u00e9pisodes de recharge.<\/p>\n\n\n\n<p>La situation s\u2019am\u00e9liore entre juillet et ao\u00fbt : 62% des niveaux des nappes sont sous les normales mensuelles en ao\u00fbt alors que 72% \u00e9taient constat\u00e9s en juillet 2023.<\/p>\n\n\n\n<p>La situation s\u2019am\u00e9liore principalement sur les nappes du tiers nord du territoire. Cependant cet \u00e9tat demeure sous les normales de saison sur une grande partie du pays, notamment sur le pourtour m\u00e9diterran\u00e9en, le couloir Rh\u00f4ne Sa\u00f4ne et le sud de l\u2019Alsace.<\/p>\n\n\n\n<!--more-->\n\n\n\n<p>Cette tendance des nappes devraient rester orient\u00e9es \u00e0 la baisse jusqu\u2019\u00e0 la p\u00e9riode d\u2019\u00e9tiage (basses eaux), qui s\u2019observe habituellement entre mi-octobre et novembre. En septembre, l\u2019\u00e9tat des nappes d\u00e9pendra essentiellement de l\u2019efficacit\u00e9 des pluies locales et de la sensibilit\u00e9 de la nappe. Sur les deux-tiers sud, des pluies efficaces vont tout d\u2019abord permettre d\u2019humidifier les sols et b\u00e9n\u00e9ficier \u00e0 la v\u00e9g\u00e9tation, avant de r\u00e9ussir \u00e0 s\u2019infiltrer en profondeur.<\/p>\n\n\n\n<p>L\u2019\u00e9tiage 2023 devrait \u00eatre particuli\u00e8rement s\u00e9v\u00e8re sur les nappes du couloir Rh\u00f4ne-Sa\u00f4ne et du pourtour m\u00e9diterran\u00e9en. La situation devra \u00eatre particuli\u00e8rement surveill\u00e9e sur les nappes qui affichent actuellement des niveaux sous les normales mensuelles ainsi que sur les secteurs fortement sollicit\u00e9s par des pr\u00e9l\u00e8vements agricoles et industriels. De nombreuses nappes connaissent des situations peu favorables avec des niveaux tr\u00e8s bas par rapport \u00e0 tous les mois d&rsquo;ao\u00fbt des ann\u00e9es pr\u00e9c\u00e9dentes, en particulier celles du <strong>Sundgau (sud de l&rsquo;Alsace), du Dijonnais, de la Bresse, de la Dombes, du Nord Is\u00e8re et du Bas-Dauphin\u00e9<\/strong> qui affichent des niveaux bas \u00e0 tr\u00e8s bas, du fait de plusieurs recharges hivernales successives peu intenses et d\u2019un comportement tr\u00e8s inertiel.<\/p>\n\n\n<div class=\"wp-block-image is-style-default\">\n<figure class=\"aligncenter size-full\"><img loading=\"lazy\" decoding=\"async\" width=\"800\" height=\"572\" src=\"https:\/\/www.ades-grenoble.org\/wordpress\/wp-content\/uploads\/2023\/09\/Nappes010923.jpg\" alt=\"\" class=\"wp-image-22172\" srcset=\"https:\/\/www.ades-grenoble.org\/wordpress\/wp-content\/uploads\/2023\/09\/Nappes010923.jpg 800w, https:\/\/www.ades-grenoble.org\/wordpress\/wp-content\/uploads\/2023\/09\/Nappes010923-300x215.jpg 300w, https:\/\/www.ades-grenoble.org\/wordpress\/wp-content\/uploads\/2023\/09\/Nappes010923-150x107.jpg 150w, https:\/\/www.ades-grenoble.org\/wordpress\/wp-content\/uploads\/2023\/09\/Nappes010923-768x549.jpg 768w, https:\/\/www.ades-grenoble.org\/wordpress\/wp-content\/uploads\/2023\/09\/Nappes010923-600x429.jpg 600w\" sizes=\"auto, (max-width: 800px) 100vw, 800px\" \/><\/figure>\n<\/div>\n\n\n<p>Concernant les pr\u00e9visions&nbsp;notamment dans notre r\u00e9gion&nbsp;:<\/p>\n\n\n\n<p>Sur les deux tiers sud du territoire, les \u00e9pisodes pluviom\u00e9triques ne devraient pas engendrer une recharge significative des nappes. En effet, les \u00e9pisodes c\u00e9venoles, fr\u00e9quents en septembre, et les orages de fin d\u2019\u00e9t\u00e9 favorisent le ruissellement. De plus, les pluies r\u00e9ussissant \u00e0 s\u2019infiltrer devraient dans un premier temps seulement humidifier les sols, actuellement tr\u00e8s secs, et b\u00e9n\u00e9ficier \u00e0 la v\u00e9g\u00e9tation.<\/p>\n\n\n\n<p>Sur les nappes r\u00e9actives, l\u2019infiltration des pluies en profondeur devrait donc rest\u00e9e tr\u00e8s limit\u00e9e et la vidange devrait th\u00e9oriquement se poursuivre en septembre. La situation devrait continuer \u00e0 se d\u00e9grader rapidement sur les nappes r\u00e9actives non soutenues par de petits \u00e9pisodes de recharge et sur celles les plus sollicit\u00e9es par des pr\u00e9l\u00e8vements. En cas de pluies locales cons\u00e9quentes, la situation pourrait cependant s\u2019am\u00e9liorer momentan\u00e9ment.<\/p>\n\n\n\n<p>Concernant les nappes inertielles du Sundgau (sud Alsace) et du couloir Rh\u00f4ne-Sa\u00f4ne, aucun \u00e9pisode de recharge ne devrait s\u2019observer avant l\u2019automne, avec la mise en dormance de la v\u00e9g\u00e9tation et la reprise des pluies. La situation devrait se d\u00e9grader plus ou moins lentement selon les volumes pr\u00e9lev\u00e9s dans les eaux souterraines.<\/p>\n","protected":false},"excerpt":{"rendered":"<p>Un l\u00e9ger mieux en ao\u00fbt mais la vigilance doit rester tr\u00e8s pr\u00e9sente. Le BRGM (Bureau de recherches g\u00e9ologiques et mini\u00e8res) communique au 1er septembre l\u2019\u00e9tat des nappes en France. Courant ao\u00fbt, la vidange se poursuit sur l\u2019ensemble des nappes et les niveaux sont g\u00e9n\u00e9ralement en baisse (73%). Sur le tiers nord du territoire, les pr\u00e9cipitations [&hellip;]<\/p>\n","protected":false},"author":1,"featured_media":0,"comment_status":"closed","ping_status":"open","sticky":false,"template":"","format":"standard","meta":{"twitterCardType":"","cardImageID":0,"cardImage":"","cardTitle":"","cardDesc":"","cardImageAlt":"","cardPlayer":"","cardPlayerWidth":0,"cardPlayerHeight":0,"cardPlayerStream":"","cardPlayerCodec":"","footnotes":""},"categories":[62,11],"tags":[224,223,232],"class_list":["post-22171","post","type-post","status-publish","format-standard","hentry","category-le-rouge-le-vert-hebdo","category-politique-locale","tag-agriculture","tag-climat","tag-eau"],"_links":{"self":[{"href":"https:\/\/www.ades-grenoble.org\/wordpress\/wp-json\/wp\/v2\/posts\/22171","targetHints":{"allow":["GET"]}}],"collection":[{"href":"https:\/\/www.ades-grenoble.org\/wordpress\/wp-json\/wp\/v2\/posts"}],"about":[{"href":"https:\/\/www.ades-grenoble.org\/wordpress\/wp-json\/wp\/v2\/types\/post"}],"author":[{"embeddable":true,"href":"https:\/\/www.ades-grenoble.org\/wordpress\/wp-json\/wp\/v2\/users\/1"}],"replies":[{"embeddable":true,"href":"https:\/\/www.ades-grenoble.org\/wordpress\/wp-json\/wp\/v2\/comments?post=22171"}],"version-history":[{"count":1,"href":"https:\/\/www.ades-grenoble.org\/wordpress\/wp-json\/wp\/v2\/posts\/22171\/revisions"}],"predecessor-version":[{"id":22173,"href":"https:\/\/www.ades-grenoble.org\/wordpress\/wp-json\/wp\/v2\/posts\/22171\/revisions\/22173"}],"wp:attachment":[{"href":"https:\/\/www.ades-grenoble.org\/wordpress\/wp-json\/wp\/v2\/media?parent=22171"}],"wp:term":[{"taxonomy":"category","embeddable":true,"href":"https:\/\/www.ades-grenoble.org\/wordpress\/wp-json\/wp\/v2\/categories?post=22171"},{"taxonomy":"post_tag","embeddable":true,"href":"https:\/\/www.ades-grenoble.org\/wordpress\/wp-json\/wp\/v2\/tags?post=22171"}],"curies":[{"name":"wp","href":"https:\/\/api.w.org\/{rel}","templated":true}]}}