{"id":22174,"date":"2023-09-22T21:04:35","date_gmt":"2023-09-22T19:04:35","guid":{"rendered":"https:\/\/www.ades-grenoble.org\/wordpress\/?p=22174"},"modified":"2023-09-22T21:56:09","modified_gmt":"2023-09-22T19:56:09","slug":"les-elections-municipales-influencent-elles-la-segregation-des-immigres","status":"publish","type":"post","link":"https:\/\/www.ades-grenoble.org\/wordpress\/2023\/09\/22\/les-elections-municipales-influencent-elles-la-segregation-des-immigres\/","title":{"rendered":"Les \u00e9lections municipales influencent-elles la s\u00e9gr\u00e9gation des immigr\u00e9s ?"},"content":{"rendered":"<div class=\"wp-block-image is-style-default\">\n<figure class=\"alignleft size-full\"><img loading=\"lazy\" decoding=\"async\" width=\"214\" height=\"87\" src=\"https:\/\/www.ades-grenoble.org\/wordpress\/wp-content\/uploads\/2015\/10\/ofce.jpg\" alt=\"\" class=\"wp-image-10874\" srcset=\"https:\/\/www.ades-grenoble.org\/wordpress\/wp-content\/uploads\/2015\/10\/ofce.jpg 214w, https:\/\/www.ades-grenoble.org\/wordpress\/wp-content\/uploads\/2015\/10\/ofce-150x61.jpg 150w\" sizes=\"auto, (max-width: 214px) 100vw, 214px\" \/><\/figure>\n<\/div>\n\n\n<p><a href=\"https:\/\/www.ofce.sciences-po.fr\/blog\/les-elections-municipales-influencent-elles-la-segregation-des-immigres\/\" data-type=\"link\" data-id=\"https:\/\/www.ofce.sciences-po.fr\/blog\/les-elections-municipales-influencent-elles-la-segregation-des-immigres\/\">Une \u00e9tude de G. Verdugo de l\u2019OFCE (Observatoire Fran\u00e7ais des Conjonctures Economiques)<\/a> tente de r\u00e9pondre \u00e0 cette question.<\/p>\n\n\n\n<p>La s\u00e9gr\u00e9gation spatiale des immigr\u00e9s a augment\u00e9 ces derni\u00e8res d\u00e9cennies, que ce soit en France ou dans la plupart des pays de l\u2019OCDE. Si on explique souvent la s\u00e9gr\u00e9gation par des mod\u00e8les d\u2019interactions sociales o\u00f9 elle na\u00eet de l\u2019agr\u00e9gation de choix individuels, des travaux plus r\u00e9cents sugg\u00e8rent que la s\u00e9gr\u00e9gation peut \u00e9galement \u00eatre influenc\u00e9e par les processus de choix collectifs, en particulier par le r\u00e9sultat des \u00e9lections locales. En effet, si les maires de gauche et de droite mettent en place des politiques syst\u00e9matiquement diff\u00e9rentes, et que ces politiques incitent relativement plus les immigr\u00e9s que les natifs \u00e0 s\u2019installer dans certaines municipalit\u00e9s, les r\u00e9sultats des \u00e9lections municipales pourraient influencer la distribution des immigr\u00e9s entre municipalit\u00e9s.<\/p>\n\n\n\n<p>L\u2019auteur teste cette hypoth\u00e8se en s\u2019appuyant sur les donn\u00e9es des municipalit\u00e9s fran\u00e7aises.<\/p>\n\n\n\n<!--more-->\n\n\n\n<p>L\u2019\u00e9tude combine les r\u00e9sultats des \u00e9lections municipales depuis 1983 dans plus de 800&nbsp;communes de plus de 9&nbsp;000 habitants avec les \u00e9volutions d\u00e9mographiques de la population de ces municipalit\u00e9s mesur\u00e9es dans les recensements successifs.<\/p>\n\n\n\n<p>Voici la fin de cet article&nbsp;:<\/p>\n\n\n\n<p><em>\u00ab&nbsp;Nous trouvons, en revanche, que l\u2019arriv\u00e9e plus importante d\u2019immigr\u00e9s dans les mairies de gauche s\u2019explique par des diff\u00e9rences de construction et de composition de la population dans le logement social. Les nouvelles constructions de logement sociaux sont plus importantes apr\u00e8s les \u00e9lections dans les villes ayant \u00e9lu un maire de de gauche. L\u2019\u00e9lection d\u2019un maire de gauche est ainsi associ\u00e9e \u00e0 une hausse de 2 p.p. plus rapide des m\u00e9nages en logements sociaux dans la population 6 ans apr\u00e8s l\u2019\u00e9lection initiale et de 4 p.p. apr\u00e8s 12 ans. En raison de la plus forte pr\u00e9sence d\u2019immigr\u00e9s dans les logements sociaux, qui refl\u00e8te notamment le poids des discriminations subies dans le logement priv\u00e9 <\/em><a href=\"https:\/\/doi.org\/10.1016\/j.jue.2016.07.003\"><em>(Acolin, Bostic, et Painter 2016)<\/em><\/a><em>, ces nouvelles constructions contribuent pour un tiers \u00e0 l\u2019augmentation plus rapide de la part des immigr\u00e9s dans le logement social de la commune. Enfin, si les maires de gauche tendent \u00e0 construire relativement plus de logements sociaux, nous ne trouvons pas de diff\u00e9rences significatives sur les constructions de logement priv\u00e9. Les diff\u00e9rences entre maires de gauche et de droite dans la construction de logement social semblent aussi s\u2019\u00eatre att\u00e9nu\u00e9es suite au passage de la loi SRU apr\u00e8s 2001, m\u00eame si ces r\u00e9sultats doivent \u00eatre interpr\u00e9t\u00e9s avec pr\u00e9caution car les \u00e9lections serr\u00e9es sont relativement rares dans les communes dont la part de logements sociaux est en dessous du seuil de la loi SRU.<\/em><\/p>\n\n\n\n<p><em>&nbsp;&nbsp;&nbsp;&nbsp;&nbsp;&nbsp;&nbsp;&nbsp;&nbsp;&nbsp;&nbsp;&nbsp;&nbsp;&nbsp; Nos r\u00e9sultats s\u2019expliquent \u00e9galement par le fait que la part d\u2019immigr\u00e9s dans les logements sociaux d\u00e9j\u00e0 construits augmente plus rapidement dans les villes de gauche. Ainsi, m\u00eame si les logements sociaux ne repr\u00e9sentent que 25% des logements dans notre \u00e9chantillon, l\u2019augmentation de la part des immigr\u00e9s qui vivent dans les logements sociaux explique la moiti\u00e9 de l\u2019effet des \u00e9lections sur la part des immigr\u00e9s dans la population.<\/em><\/p>\n\n\n\n<p><em>&nbsp;&nbsp;&nbsp;&nbsp;&nbsp;&nbsp;&nbsp;&nbsp;&nbsp;&nbsp;&nbsp;&nbsp;&nbsp;&nbsp; Nous trouvons \u00e9galement que la plupart de nos r\u00e9sultats proviennent d\u2019\u00e9lections serr\u00e9es s\u2019\u00e9tant produites dans des municipalit\u00e9s initialement plus attirantes pour les immigr\u00e9s o\u00f9 la part d\u2019immigr\u00e9s \u00e9tait d\u00e9j\u00e0 importante au d\u00e9but des ann\u00e9es 1980 et le parc de logement HLM relativement plus abondant. Nos r\u00e9sultats proviennent donc en grande partie de la r\u00e9action des maires face \u00e0 des arriv\u00e9es plus importantes d\u2019immigr\u00e9s \u00e0 partir des ann\u00e9es 1980.<\/em><\/p>\n\n\n\n<p><em>&nbsp;&nbsp;&nbsp;&nbsp;&nbsp;&nbsp;&nbsp;&nbsp;&nbsp;&nbsp;&nbsp;&nbsp;&nbsp;&nbsp; Des telles diff\u00e9rences entre maires de droites et de gauche sur le logement social confirment les travaux r\u00e9cents de <\/em><a href=\"https:\/\/www.cairn.info\/villes-de-gauche-villes-de-droite--9782724616651.htm\"><em>Nadeau et al. (2018)<\/em><\/a><em> qui d\u00e9montrent que l\u2019importance du parc social d\u2019une municipalit\u00e9 permet de pr\u00e9dire sa trajectoire \u00e9lectorale au cours des derni\u00e8res d\u00e9cennies. Comme eux, nous trouvons que l\u2019arriv\u00e9e d\u2019immigr\u00e9s n\u2019appara\u00eet pas d\u00e9favorable au maire \u00e9lu car les chances de r\u00e9\u00e9lection d\u2019un maire de gauche semblent en moyenne plus favorables dans les municipalit\u00e9s poss\u00e9dant plus de logements sociaux et qui ont en cons\u00e9quence accueilli plus d\u2019immigr\u00e9s.&nbsp;\u00bb<\/em><\/p>\n","protected":false},"excerpt":{"rendered":"<p>Une \u00e9tude de G. Verdugo de l\u2019OFCE (Observatoire Fran\u00e7ais des Conjonctures Economiques) tente de r\u00e9pondre \u00e0 cette question. La s\u00e9gr\u00e9gation spatiale des immigr\u00e9s a augment\u00e9 ces derni\u00e8res d\u00e9cennies, que ce soit en France ou dans la plupart des pays de l\u2019OCDE. Si on explique souvent la s\u00e9gr\u00e9gation par des mod\u00e8les d\u2019interactions sociales o\u00f9 elle na\u00eet [&hellip;]<\/p>\n","protected":false},"author":1,"featured_media":0,"comment_status":"closed","ping_status":"open","sticky":false,"template":"","format":"standard","meta":{"twitterCardType":"","cardImageID":0,"cardImage":"","cardTitle":"","cardDesc":"","cardImageAlt":"","cardPlayer":"","cardPlayerWidth":0,"cardPlayerHeight":0,"cardPlayerStream":"","cardPlayerCodec":"","footnotes":""},"categories":[62,11],"tags":[67,192],"class_list":["post-22174","post","type-post","status-publish","format-standard","hentry","category-le-rouge-le-vert-hebdo","category-politique-locale","tag-conseil-municipal","tag-immigration"],"_links":{"self":[{"href":"https:\/\/www.ades-grenoble.org\/wordpress\/wp-json\/wp\/v2\/posts\/22174","targetHints":{"allow":["GET"]}}],"collection":[{"href":"https:\/\/www.ades-grenoble.org\/wordpress\/wp-json\/wp\/v2\/posts"}],"about":[{"href":"https:\/\/www.ades-grenoble.org\/wordpress\/wp-json\/wp\/v2\/types\/post"}],"author":[{"embeddable":true,"href":"https:\/\/www.ades-grenoble.org\/wordpress\/wp-json\/wp\/v2\/users\/1"}],"replies":[{"embeddable":true,"href":"https:\/\/www.ades-grenoble.org\/wordpress\/wp-json\/wp\/v2\/comments?post=22174"}],"version-history":[{"count":1,"href":"https:\/\/www.ades-grenoble.org\/wordpress\/wp-json\/wp\/v2\/posts\/22174\/revisions"}],"predecessor-version":[{"id":22175,"href":"https:\/\/www.ades-grenoble.org\/wordpress\/wp-json\/wp\/v2\/posts\/22174\/revisions\/22175"}],"wp:attachment":[{"href":"https:\/\/www.ades-grenoble.org\/wordpress\/wp-json\/wp\/v2\/media?parent=22174"}],"wp:term":[{"taxonomy":"category","embeddable":true,"href":"https:\/\/www.ades-grenoble.org\/wordpress\/wp-json\/wp\/v2\/categories?post=22174"},{"taxonomy":"post_tag","embeddable":true,"href":"https:\/\/www.ades-grenoble.org\/wordpress\/wp-json\/wp\/v2\/tags?post=22174"}],"curies":[{"name":"wp","href":"https:\/\/api.w.org\/{rel}","templated":true}]}}