{"id":22176,"date":"2023-09-22T21:16:36","date_gmt":"2023-09-22T19:16:36","guid":{"rendered":"https:\/\/www.ades-grenoble.org\/wordpress\/?p=22176"},"modified":"2023-09-22T21:56:15","modified_gmt":"2023-09-22T19:56:15","slug":"la-crise-du-logement-samplifie","status":"publish","type":"post","link":"https:\/\/www.ades-grenoble.org\/wordpress\/2023\/09\/22\/la-crise-du-logement-samplifie\/","title":{"rendered":"La crise du logement s\u2019amplifie"},"content":{"rendered":"<div class=\"wp-block-image is-style-default\">\n<figure class=\"alignleft size-full\"><img loading=\"lazy\" decoding=\"async\" width=\"380\" height=\"314\" src=\"https:\/\/www.ades-grenoble.org\/wordpress\/wp-content\/uploads\/2023\/09\/Stat-logement.jpg\" alt=\"\" class=\"wp-image-22178\" srcset=\"https:\/\/www.ades-grenoble.org\/wordpress\/wp-content\/uploads\/2023\/09\/Stat-logement.jpg 380w, https:\/\/www.ades-grenoble.org\/wordpress\/wp-content\/uploads\/2023\/09\/Stat-logement-300x248.jpg 300w, https:\/\/www.ades-grenoble.org\/wordpress\/wp-content\/uploads\/2023\/09\/Stat-logement-150x124.jpg 150w\" sizes=\"auto, (max-width: 380px) 100vw, 380px\" \/><\/figure>\n<\/div>\n\n\n<p>Il y a toujours <a href=\"https:\/\/www.statistiques.developpement-durable.gouv.fr\/publicationweb\/577\" data-type=\"link\" data-id=\"https:\/\/www.statistiques.developpement-durable.gouv.fr\/publicationweb\/577\">une grande diff\u00e9rence entre le nombre de logements autoris\u00e9s (qui ont un permis de construire) et le nombre de logements mis \u00e0 la construction<\/a>.<\/p>\n\n\n\n<p>En juillet 2023, les autorisations de logements augmentent un peu et s\u2019\u00e9tablissent \u00e0 32 400 (+\u00a02\u00a0% par rapport \u00e0 juin). Le nombre de logements autoris\u00e9s se situe cependant 16\u00a0% en dessous de son niveau moyen des douze mois pr\u00e9c\u00e9dant le premier confinement, en donn\u00e9es corrig\u00e9es des variations saisonni\u00e8res et des jours ouvrables (CVS-CJO).<br><br>D&rsquo;ao\u00fbt 2022 \u00e0 juillet 2023, 397\u00a0600 logements ont \u00e9t\u00e9 autoris\u00e9s \u00e0 la construction, soit 117\u00a0300 de moins que lors des douze mois pr\u00e9c\u00e9dents (-\u00a022,8\u00a0%) et 13,6\u00a0% de moins qu\u2019au cours des douze mois pr\u00e9c\u00e9dant la crise sanitaire (mars 2019 \u00e0 f\u00e9vrier 2020).<\/p>\n\n\n\n<!--more-->\n\n\n\n<p>En juillet 2023, 28 900 logements auraient \u00e9t\u00e9 mis en chantier. Le nombre de logements commenc\u00e9s en juillet 2023 serait inf\u00e9rieur de 9 % \u00e0 sa moyenne des douze mois pr\u00e9c\u00e9dant la crise sanitaire. Mesur\u00e9es sur douze mois, les ouvertures de chantier seraient en repli\u00a0: 333\u00a0100 logements auraient \u00e9t\u00e9 commenc\u00e9s, soit 13,2\u00a0% de moins (-\u00a050\u00a0500) que pendant les douze mois pr\u00e9c\u00e9dents et 13,4\u00a0% de moins qu\u2019au cours des douze mois pr\u00e9c\u00e9dant la crise sanitaire (mars 2019 \u00e0 f\u00e9vrier 2020<\/p>\n\n\n\n<p><\/p>\n\n\n<div class=\"wp-block-image is-style-default\">\n<figure class=\"aligncenter size-full\"><img loading=\"lazy\" decoding=\"async\" width=\"800\" height=\"521\" src=\"https:\/\/www.ades-grenoble.org\/wordpress\/wp-content\/uploads\/2023\/09\/LogmentsConstruits.jpg\" alt=\"\" class=\"wp-image-22177\" srcset=\"https:\/\/www.ades-grenoble.org\/wordpress\/wp-content\/uploads\/2023\/09\/LogmentsConstruits.jpg 800w, https:\/\/www.ades-grenoble.org\/wordpress\/wp-content\/uploads\/2023\/09\/LogmentsConstruits-300x195.jpg 300w, https:\/\/www.ades-grenoble.org\/wordpress\/wp-content\/uploads\/2023\/09\/LogmentsConstruits-150x98.jpg 150w, https:\/\/www.ades-grenoble.org\/wordpress\/wp-content\/uploads\/2023\/09\/LogmentsConstruits-768x500.jpg 768w, https:\/\/www.ades-grenoble.org\/wordpress\/wp-content\/uploads\/2023\/09\/LogmentsConstruits-600x391.jpg 600w\" sizes=\"auto, (max-width: 800px) 100vw, 800px\" \/><\/figure>\n<\/div>\n\n\n<p>D&rsquo;ao\u00fbt 2022 \u00e0 juillet 2023, 397\u00a0600\u00a0logements ont \u00e9t\u00e9 autoris\u00e9s \u00e0 la construction, soit 117\u00a0300 de moins que lors des douze mois pr\u00e9c\u00e9dents (-\u00a022,8\u00a0%). Dans le m\u00eame temps, on estime que 333\u00a0100\u00a0logements ont \u00e9t\u00e9 mis en chantier, soit 50\u00a0500 de moins (-\u00a013,2\u00a0%) qu\u2019entre ao\u00fbt 2021 et juillet 2022. Si l&rsquo;on prend comme point de comparaison les 12\u00a0mois pr\u00e9c\u00e9dant la crise sanitaire (mars 2019 \u00e0 f\u00e9vrier 2020), le nombre de logements autoris\u00e9s au cours des 12\u00a0derniers mois est inf\u00e9rieur de 13,6\u00a0%, celui de logements commenc\u00e9s est en retrait de 13,4\u00a0%.<br><br>Les autorisations de logements individuels ont diminu\u00e9 de 67\u00a0900\u00a0logements entre ao\u00fbt 2022 et juillet 2023 par rapport aux douze mois pr\u00e9c\u00e9dents (-\u00a031,1\u00a0%) pour revenir \u00e0 150\u00a0700\u00a0unit\u00e9s, leur niveau le plus bas enregistr\u00e9 depuis 2000. Elles sont 19,0\u00a0% en dessous de la valeur d\u2019avant crise. Les logements individuels purs diminuent de fa\u00e7on plus importante (-\u00a032,2\u00a0%) que les logements individuels group\u00e9s (-\u00a028,1\u00a0%).<br><br>Pendant cette p\u00e9riode, les ouvertures de chantier de logements individuels auraient diminu\u00e9 de 29\u00a0900\u00a0unit\u00e9s (-\u00a017,6\u00a0%) et se situeraient \u00e0 140\u00a0000\u00a0logements commenc\u00e9s, niveau le plus bas depuis octobre 2015. Le nombre de logements individuels purs comme celui des logements individuels group\u00e9s aurait recul\u00e9 (respectivement &#8211;\u00a019,3\u00a0% et &#8211;\u00a011,6\u00a0%).<\/p>\n\n\n\n<p>Dans le secteur des logements collectifs ou en r\u00e9sidence, 49\u00a0500\u00a0logements de moins (-\u00a016,7\u00a0%) ont \u00e9t\u00e9 autoris\u00e9s entre ao\u00fbt 2022 et juillet 2023 par rapport aux douze mois pr\u00e9c\u00e9dents. Les autorisations de logements collectifs ordinaires diminuent plus fortement (-\u00a019,4\u00a0%) que les autorisations de logements en r\u00e9sidence (-\u00a03,3\u00a0%).<br><br>Les mises en chantier de logements collectifs ou en r\u00e9sidence sont estim\u00e9es en baisse de 20\u00a0700\u00a0unit\u00e9s (-\u00a09,7\u00a0%) par rapport aux 12\u00a0mois pr\u00e9c\u00e9dents. Les logements collectifs ordinaires (-\u00a09,3\u00a0%) et les logements en r\u00e9sidence (-\u00a011,8\u00a0%) auraient tous deux diminu\u00e9.<\/p>\n","protected":false},"excerpt":{"rendered":"<p>Il y a toujours une grande diff\u00e9rence entre le nombre de logements autoris\u00e9s (qui ont un permis de construire) et le nombre de logements mis \u00e0 la construction. En juillet 2023, les autorisations de logements augmentent un peu et s\u2019\u00e9tablissent \u00e0 32 400 (+\u00a02\u00a0% par rapport \u00e0 juin). Le nombre de logements autoris\u00e9s se situe [&hellip;]<\/p>\n","protected":false},"author":1,"featured_media":0,"comment_status":"closed","ping_status":"open","sticky":false,"template":"","format":"standard","meta":{"twitterCardType":"","cardImageID":0,"cardImage":"","cardTitle":"","cardDesc":"","cardImageAlt":"","cardPlayer":"","cardPlayerWidth":0,"cardPlayerHeight":0,"cardPlayerStream":"","cardPlayerCodec":"","footnotes":""},"categories":[62,11],"tags":[245,66,33],"class_list":["post-22176","post","type-post","status-publish","format-standard","hentry","category-le-rouge-le-vert-hebdo","category-politique-locale","tag-btp","tag-logement","tag-social"],"_links":{"self":[{"href":"https:\/\/www.ades-grenoble.org\/wordpress\/wp-json\/wp\/v2\/posts\/22176","targetHints":{"allow":["GET"]}}],"collection":[{"href":"https:\/\/www.ades-grenoble.org\/wordpress\/wp-json\/wp\/v2\/posts"}],"about":[{"href":"https:\/\/www.ades-grenoble.org\/wordpress\/wp-json\/wp\/v2\/types\/post"}],"author":[{"embeddable":true,"href":"https:\/\/www.ades-grenoble.org\/wordpress\/wp-json\/wp\/v2\/users\/1"}],"replies":[{"embeddable":true,"href":"https:\/\/www.ades-grenoble.org\/wordpress\/wp-json\/wp\/v2\/comments?post=22176"}],"version-history":[{"count":1,"href":"https:\/\/www.ades-grenoble.org\/wordpress\/wp-json\/wp\/v2\/posts\/22176\/revisions"}],"predecessor-version":[{"id":22179,"href":"https:\/\/www.ades-grenoble.org\/wordpress\/wp-json\/wp\/v2\/posts\/22176\/revisions\/22179"}],"wp:attachment":[{"href":"https:\/\/www.ades-grenoble.org\/wordpress\/wp-json\/wp\/v2\/media?parent=22176"}],"wp:term":[{"taxonomy":"category","embeddable":true,"href":"https:\/\/www.ades-grenoble.org\/wordpress\/wp-json\/wp\/v2\/categories?post=22176"},{"taxonomy":"post_tag","embeddable":true,"href":"https:\/\/www.ades-grenoble.org\/wordpress\/wp-json\/wp\/v2\/tags?post=22176"}],"curies":[{"name":"wp","href":"https:\/\/api.w.org\/{rel}","templated":true}]}}