{"id":22239,"date":"2023-10-06T13:41:35","date_gmt":"2023-10-06T11:41:35","guid":{"rendered":"https:\/\/www.ades-grenoble.org\/wordpress\/?p=22239"},"modified":"2023-10-06T16:02:11","modified_gmt":"2023-10-06T14:02:11","slug":"lunion-des-employeurs-de-leconomie-sociale-et-solidaire-udes-tire-le-signal-dalarme","status":"publish","type":"post","link":"https:\/\/www.ades-grenoble.org\/wordpress\/2023\/10\/06\/lunion-des-employeurs-de-leconomie-sociale-et-solidaire-udes-tire-le-signal-dalarme\/","title":{"rendered":"L\u2019Union des employeurs de l\u2019\u00e9conomie sociale et solidaire (UDES) tire le signal d\u2019alarme"},"content":{"rendered":"<div class=\"wp-block-image is-style-default\">\n<figure class=\"alignleft size-full\"><img loading=\"lazy\" decoding=\"async\" width=\"380\" height=\"151\" src=\"https:\/\/www.ades-grenoble.org\/wordpress\/wp-content\/uploads\/2019\/10\/logo-udes.jpg\" alt=\"\" class=\"wp-image-16319\" srcset=\"https:\/\/www.ades-grenoble.org\/wordpress\/wp-content\/uploads\/2019\/10\/logo-udes.jpg 380w, https:\/\/www.ades-grenoble.org\/wordpress\/wp-content\/uploads\/2019\/10\/logo-udes-150x60.jpg 150w, https:\/\/www.ades-grenoble.org\/wordpress\/wp-content\/uploads\/2019\/10\/logo-udes-300x119.jpg 300w\" sizes=\"auto, (max-width: 380px) 100vw, 380px\" \/><\/figure>\n<\/div>\n\n\n<p>A l\u2019approche de la \u00ab\u00a0Conf\u00e9rence sociale\u00a0\u00bb de mi-octobre,<a href=\"https:\/\/www.udes.fr\/actualites\/lapproche-de-conference-sociale-ludes-annonce-que-4-milliards-deuros-sont-necessaires\" data-type=\"link\" data-id=\"https:\/\/www.udes.fr\/actualites\/lapproche-de-conference-sociale-ludes-annonce-que-4-milliards-deuros-sont-necessaires\"> l\u2019UDES tire le signal d\u2019alarme<\/a> et annonce que 4 milliards d\u2019euros sont n\u00e9cessaires pour accompagner le financement des politiques sociales. En effet les entreprises de l\u2019ESS vivent une crise due \u00e0 l\u2019inflation \u00e0 la p\u00e9nurie de main d\u2019\u0153uvre la baisse des financements des politiques sociales. L\u2019UDES demande \u00e0 l\u2019\u00c9tat de soutenir les entreprises sociales et d\u2019avancer sur les diff\u00e9rentes r\u00e9formes n\u00e9cessaires au maintien des secteurs non lucratifs de la petite enfance, de l\u2019animation et du grand \u00e2ge.<\/p>\n\n\n\n<p>Rappel\u00a0: l\u2019UDES regroupe 23\u00a0groupements et syndicats d\u2019employeurs (associations, mutuelles, coop\u00e9ratives) et 16 branches et secteurs professionnels. Avec plus de 30 000 entreprises, employant pr\u00e8s d\u20191 million de salari\u00e9.e.s, l\u2019UDES est l&rsquo;organisation multi-professionnelle de l\u2019\u00e9conomie sociale et solidaire. Elle rassemble 80% des employeurs f\u00e9d\u00e9r\u00e9s de l\u2019ESS.<\/p>\n\n\n\n<!--more-->\n\n\n\n<p>Voici des extraits du communiqu\u00e9 de l\u2019UDES du 28 septembre 2023&nbsp;:<\/p>\n\n\n\n<p><em>\u00ab&nbsp;Le d\u00e9sengagement financier des collectivit\u00e9s territoriales et de l\u2019Etat dans les politiques sociales est d\u00e9sormais dramatiquement visible par la mise en grande difficult\u00e9 de nombre d\u2019entreprises sociales, \u0153uvrant de la petite enfance au secteur du grand \u00e2ge. Pour le pr\u00e9server, l\u2019Etat doit fl\u00e9cher 4 milliards d\u2019euros dans les deux ans en direction des entreprises sociales et solidaires, en premi\u00e8re ligne dans la mise en \u0153uvre des politiques sociales\u2026<\/em><\/p>\n\n\n\n<p><em>\u00ab&nbsp;L\u2019Union plaide pour :<\/em><\/p>\n\n\n\n<ol class=\"wp-block-list\" type=\"1\" start=\"1\">\n<li><strong><em>Une n\u00e9cessaire et urgente r\u00e9forme de la taxe sur les salaires<\/em><\/strong><em> pour les associations \u00ab l\u2019imp\u00f4t le plus contre-productif de l\u2019emploi \u00bb en face de la compensation progressive de la CVAE. Une telle in\u00e9galit\u00e9 de traitement ne peut \u00eatre acceptable.<\/em><\/li>\n\n\n\n<li><strong><em>Une incitation fiscale pour les entreprises ESS <\/em><\/strong><em>qui veulent mettre en place un dispositif de partage de la valeur : les associations doivent pouvoir d\u00e9duire de leurs charges d\u2019exploitation le montant de l\u2019int\u00e9ressement vers\u00e9 \u00e0 leurs salari\u00e9s.<\/em><\/li>\n\n\n\n<li><strong><em>La cr\u00e9ation d\u2019une prime d\u2019innovation sociale<\/em><\/strong><em> au profit des organismes \u00e0 but non lucratif, sachant que les entreprises du secteur marchand b\u00e9n\u00e9ficient d\u2019un cr\u00e9dit d\u2019imp\u00f4t recherche qui repr\u00e9sentait plus de 7 milliards d\u2019euros en 2022.<\/em><\/li>\n\n\n\n<li><strong><em>Le maintien des contrats aid\u00e9s, <\/em><\/strong><em>15 000 contrats sont menac\u00e9s de disparition sans que l\u2019on sache quels dispositifs sont concern\u00e9s\u2026<\/em><\/li>\n<\/ol>\n\n\n\n<p><strong><em>Le projet de loi de financement de la s\u00e9curit\u00e9 sociale doit venir en soutien de l\u2019accompagnement de personnes vuln\u00e9rables en attendant une loi Grand \u00e2ge ambitieuse.<\/em><\/strong><em><\/em><\/p>\n\n\n\n<p><em>Nombre de secteurs sont en souffrance :&nbsp;<\/em><\/p>\n\n\n\n<ul class=\"wp-block-list\">\n<li><strong><em>le m\u00e9dico-social non lucratif reste en attente du 1,1 milliard d\u2019euros <\/em><\/strong><em>promis par le Gouvernement dans le cadre de la prime S\u00e9gur et permettant l\u2019augmentation des salaires, une condition sine qua non pour la p\u00e9rennit\u00e9 des structures. De plus, la prise en compte de l\u2019inflation dans les NAO au m\u00eame niveau que la fonction publique. Enfin, le financement \u00e0 venir, \u00e0 hauteur de 2 milliards d\u2019euros, de la politique de r\u00e9mun\u00e9ration issue de la nouvelle convention collective unique de la branche, en cours de n\u00e9gociation.<\/em><\/li>\n\n\n\n<li><strong><em>l\u2019aide \u00e0 domicile<\/em><\/strong><em> est en attente d\u2019une r\u00e9forme structurelle du financement de la perte d\u2019autonomie dans le cadre du projet de loi Bien Vieillir et a demand\u00e9 un fonds d\u2019urgence de 400 millions d\u2019euros.<\/em><\/li>\n\n\n\n<li><strong><em>les secteurs de la famille et de la petite enfance<\/em><\/strong><em> attendent une revalorisation de la convention d\u2019objectif et de gestion (COG) de la CNAF et le maintien des 10 millions d\u2019euros sur 5 ans du fonds d\u2019action national d\u2019action sociale.<\/em><\/li>\n\n\n\n<li><strong><em>l\u2019\u00e9ducation populaire fortement d\u00e9stabilis\u00e9e<\/em><\/strong><em> demande l\u2019organisation d\u2019une conf\u00e9rence de financeurs dans une logique pluriannuelle que ce soit pour les subventions ou les march\u00e9s publics.<\/em><\/li>\n<\/ul>\n\n\n\n<p><em>En tout, ce sont 4 milliards d\u2019euros suppl\u00e9mentaires qui devront \u00eatre mis sur la table dans les deux ans si l\u2019on veut que le service rendu aupr\u00e8s des publics fragiles soit pr\u00e9serv\u00e9.\u00a0\u00bb<\/em><\/p>\n","protected":false},"excerpt":{"rendered":"<p>A l\u2019approche de la \u00ab\u00a0Conf\u00e9rence sociale\u00a0\u00bb de mi-octobre, l\u2019UDES tire le signal d\u2019alarme et annonce que 4 milliards d\u2019euros sont n\u00e9cessaires pour accompagner le financement des politiques sociales. En effet les entreprises de l\u2019ESS vivent une crise due \u00e0 l\u2019inflation \u00e0 la p\u00e9nurie de main d\u2019\u0153uvre la baisse des financements des politiques sociales. L\u2019UDES demande [&hellip;]<\/p>\n","protected":false},"author":1,"featured_media":0,"comment_status":"closed","ping_status":"open","sticky":false,"template":"","format":"standard","meta":{"twitterCardType":"","cardImageID":0,"cardImage":"","cardTitle":"","cardDesc":"","cardImageAlt":"","cardPlayer":"","cardPlayerWidth":0,"cardPlayerHeight":0,"cardPlayerStream":"","cardPlayerCodec":"","footnotes":""},"categories":[62,11],"tags":[104,33,182],"class_list":["post-22239","post","type-post","status-publish","format-standard","hentry","category-le-rouge-le-vert-hebdo","category-politique-locale","tag-economie","tag-social","tag-solidarite"],"_links":{"self":[{"href":"https:\/\/www.ades-grenoble.org\/wordpress\/wp-json\/wp\/v2\/posts\/22239","targetHints":{"allow":["GET"]}}],"collection":[{"href":"https:\/\/www.ades-grenoble.org\/wordpress\/wp-json\/wp\/v2\/posts"}],"about":[{"href":"https:\/\/www.ades-grenoble.org\/wordpress\/wp-json\/wp\/v2\/types\/post"}],"author":[{"embeddable":true,"href":"https:\/\/www.ades-grenoble.org\/wordpress\/wp-json\/wp\/v2\/users\/1"}],"replies":[{"embeddable":true,"href":"https:\/\/www.ades-grenoble.org\/wordpress\/wp-json\/wp\/v2\/comments?post=22239"}],"version-history":[{"count":1,"href":"https:\/\/www.ades-grenoble.org\/wordpress\/wp-json\/wp\/v2\/posts\/22239\/revisions"}],"predecessor-version":[{"id":22240,"href":"https:\/\/www.ades-grenoble.org\/wordpress\/wp-json\/wp\/v2\/posts\/22239\/revisions\/22240"}],"wp:attachment":[{"href":"https:\/\/www.ades-grenoble.org\/wordpress\/wp-json\/wp\/v2\/media?parent=22239"}],"wp:term":[{"taxonomy":"category","embeddable":true,"href":"https:\/\/www.ades-grenoble.org\/wordpress\/wp-json\/wp\/v2\/categories?post=22239"},{"taxonomy":"post_tag","embeddable":true,"href":"https:\/\/www.ades-grenoble.org\/wordpress\/wp-json\/wp\/v2\/tags?post=22239"}],"curies":[{"name":"wp","href":"https:\/\/api.w.org\/{rel}","templated":true}]}}