{"id":22250,"date":"2023-10-06T13:57:33","date_gmt":"2023-10-06T11:57:33","guid":{"rendered":"https:\/\/www.ades-grenoble.org\/wordpress\/?p=22250"},"modified":"2023-10-06T16:02:40","modified_gmt":"2023-10-06T14:02:40","slug":"pas-de-suspension-de-la-deliberation-sur-geg-de-la-metro-du-7-juillet-2023","status":"publish","type":"post","link":"https:\/\/www.ades-grenoble.org\/wordpress\/2023\/10\/06\/pas-de-suspension-de-la-deliberation-sur-geg-de-la-metro-du-7-juillet-2023\/","title":{"rendered":"Pas de suspension de la d\u00e9lib\u00e9ration sur GEG de la M\u00e9tro du 7 juillet 2023"},"content":{"rendered":"<div class=\"wp-block-image is-style-default\">\n<figure class=\"alignleft size-full\"><img loading=\"lazy\" decoding=\"async\" width=\"300\" height=\"200\" src=\"https:\/\/www.ades-grenoble.org\/wordpress\/wp-content\/uploads\/2014\/10\/TribunalAdministratif2.jpg\" alt=\"\" class=\"wp-image-9206\" srcset=\"https:\/\/www.ades-grenoble.org\/wordpress\/wp-content\/uploads\/2014\/10\/TribunalAdministratif2.jpg 300w, https:\/\/www.ades-grenoble.org\/wordpress\/wp-content\/uploads\/2014\/10\/TribunalAdministratif2-150x100.jpg 150w\" sizes=\"auto, (max-width: 300px) 100vw, 300px\" \/><\/figure>\n<\/div>\n\n\n<p>Lors du conseil de M\u00e9tro du 7 juillet 2023, une d\u00e9lib\u00e9ration proc\u00e9dait \u00e0 la nomination d\u2019administrateurs repr\u00e9sentants la m\u00e9tropole dans la SEM GEG, mais en n\u2019appliquant pas le pacte d\u2019actionnaire sign\u00e9 entre la M\u00e9tro et la ville de Grenoble le 1<sup>er<\/sup> juin 2018, au motif que ce pacte n\u2019aurait pas d\u2019existence l\u00e9gale.<\/p>\n\n\n\n<p>Comme la M\u00e9tro ne paye les actions qu\u2019\u00e0 temp\u00e9rament durant 25 ans, le pacte d\u2019actionnaire pr\u00e9voit que la commune de Grenoble conserve le pouvoir de d\u00e9signer jusqu\u2019en 2024 quatre des cinq administrateurs de Grenoble Alpes-M\u00e9tropole, parmi les conseillers m\u00e9tropolitains \u00e9galement conseillers municipaux, proportion r\u00e9duite au fur et \u00e0 mesure des \u00e9ch\u00e9ances de paiement suivantes (2030, 2036 et 2042).<\/p>\n\n\n\n<p>La Ville de Grenoble et deux administratrices de GEG ont d\u00e9pos\u00e9 un recours en annulation de la d\u00e9lib\u00e9ration du 7 juillet 2023 et un r\u00e9f\u00e9r\u00e9 suspension estimant qu\u2019il y avait urgence et des moyens s\u00e9rieux d\u2019ill\u00e9galit\u00e9 pour suspendre la d\u00e9signation des deux repr\u00e9sentants de la M\u00e9tro au conseil d\u2019administration de GEG.<\/p>\n\n\n\n<p>Le juge des r\u00e9f\u00e9r\u00e9s s\u2019est content\u00e9 d\u2019estimer qu\u2019il n\u2019y avait pas urgence pour refuser la suspension. Restera le jugement au fond \u00e0 venir dans deux ans peut \u00eatre\u2026.<\/p>\n\n\n\n<!--more-->\n\n\n\n<p><em>\u00ab&nbsp;\u2026Par la d\u00e9lib\u00e9ration litigieuse, Grenoble Alpes-M\u00e9tropole a mis fin au mandat de Mme Garnier au sein du conseil d\u2019administration de la SEM GEG et a priv\u00e9 la ville de Grenoble du choix, dont elle disposait au titre du pacte d&rsquo;actionnaire, de deux conseillers m\u00e9tropolitains devant y si\u00e9ger. Il ressort toutefois des pi\u00e8ces du dossier que la commune de Grenoble dispose de la possibilit\u00e9 de d\u00e9signer, pour son propre compte trois administrateurs et que seulement deux des cinq administrateurs repr\u00e9sentant Grenoble Alpes-M\u00e9tropole ont \u00e9t\u00e9 chang\u00e9s. La commune ne pr\u00e9cise pas en quoi la d\u00e9signation des deux conseillers en litige est susceptible de modifier au sein du conseil d\u2019administration les majorit\u00e9s et le sens de ses d\u00e9cisions. En outre, elle ne pr\u00e9cise pas \u00e0 quelle \u00e9ch\u00e9ance, justifiant une intervention urgente du juge des r\u00e9f\u00e9r\u00e9s, doit se tenir un prochain conseil d\u2019administration dont l\u2019ordre du jour aurait des implications sur les int\u00e9r\u00eats propres de la commune. D\u2019une fa\u00e7on g\u00e9n\u00e9rale la commune ne pr\u00e9cise pas quels sont les int\u00e9r\u00eats qui lui sont propres auxquels le conseil d\u2019administration pourrait porter atteinte de mani\u00e8re suffisamment grave et imm\u00e9diate.<\/em><\/p>\n\n\n\n<p><em>9. Dans ces conditions la commune de Grenoble ne justifie pas de l\u2019urgence \u00e0 suspendre l\u2019ex\u00e9cution de la d\u00e9lib\u00e9ration litigieuse. Par suite, sans qu\u2019il soit besoin de se prononcer sur le doute s\u00e9rieux quant \u00e0 la l\u00e9galit\u00e9 de la d\u00e9cision attaqu\u00e9e, l\u2019une, au moins, des deux conditions auxquelles l\u2019article L. 521-1 du code de justice administrative subordonne la suspension de l\u2019ex\u00e9cution d\u2019une d\u00e9cision administrative n\u2019\u00e9tant pas satisfaite, les conclusions \u00e0 fin de suspension de la commune de Grenoble doivent \u00eatre rejet\u00e9es\u2026&nbsp;\u00bb<\/em><\/p>\n","protected":false},"excerpt":{"rendered":"<p>Lors du conseil de M\u00e9tro du 7 juillet 2023, une d\u00e9lib\u00e9ration proc\u00e9dait \u00e0 la nomination d\u2019administrateurs repr\u00e9sentants la m\u00e9tropole dans la SEM GEG, mais en n\u2019appliquant pas le pacte d\u2019actionnaire sign\u00e9 entre la M\u00e9tro et la ville de Grenoble le 1er juin 2018, au motif que ce pacte n\u2019aurait pas d\u2019existence l\u00e9gale. Comme la M\u00e9tro [&hellip;]<\/p>\n","protected":false},"author":1,"featured_media":0,"comment_status":"closed","ping_status":"open","sticky":false,"template":"","format":"standard","meta":{"twitterCardType":"","cardImageID":0,"cardImage":"","cardTitle":"","cardDesc":"","cardImageAlt":"","cardPlayer":"","cardPlayerWidth":0,"cardPlayerHeight":0,"cardPlayerStream":"","cardPlayerCodec":"","footnotes":""},"categories":[62,11],"tags":[320,28,215,52,280],"class_list":["post-22250","post","type-post","status-publish","format-standard","hentry","category-le-rouge-le-vert-hebdo","category-politique-locale","tag-conseil","tag-geg","tag-grenoble","tag-justice-administrative","tag-metropole"],"_links":{"self":[{"href":"https:\/\/www.ades-grenoble.org\/wordpress\/wp-json\/wp\/v2\/posts\/22250","targetHints":{"allow":["GET"]}}],"collection":[{"href":"https:\/\/www.ades-grenoble.org\/wordpress\/wp-json\/wp\/v2\/posts"}],"about":[{"href":"https:\/\/www.ades-grenoble.org\/wordpress\/wp-json\/wp\/v2\/types\/post"}],"author":[{"embeddable":true,"href":"https:\/\/www.ades-grenoble.org\/wordpress\/wp-json\/wp\/v2\/users\/1"}],"replies":[{"embeddable":true,"href":"https:\/\/www.ades-grenoble.org\/wordpress\/wp-json\/wp\/v2\/comments?post=22250"}],"version-history":[{"count":1,"href":"https:\/\/www.ades-grenoble.org\/wordpress\/wp-json\/wp\/v2\/posts\/22250\/revisions"}],"predecessor-version":[{"id":22251,"href":"https:\/\/www.ades-grenoble.org\/wordpress\/wp-json\/wp\/v2\/posts\/22250\/revisions\/22251"}],"wp:attachment":[{"href":"https:\/\/www.ades-grenoble.org\/wordpress\/wp-json\/wp\/v2\/media?parent=22250"}],"wp:term":[{"taxonomy":"category","embeddable":true,"href":"https:\/\/www.ades-grenoble.org\/wordpress\/wp-json\/wp\/v2\/categories?post=22250"},{"taxonomy":"post_tag","embeddable":true,"href":"https:\/\/www.ades-grenoble.org\/wordpress\/wp-json\/wp\/v2\/tags?post=22250"}],"curies":[{"name":"wp","href":"https:\/\/api.w.org\/{rel}","templated":true}]}}