{"id":22319,"date":"2023-10-20T11:16:22","date_gmt":"2023-10-20T09:16:22","guid":{"rendered":"https:\/\/www.ades-grenoble.org\/wordpress\/?p=22319"},"modified":"2023-10-20T12:05:20","modified_gmt":"2023-10-20T10:05:20","slug":"lacceptabilite-sociale-des-transitions","status":"publish","type":"post","link":"https:\/\/www.ades-grenoble.org\/wordpress\/2023\/10\/20\/lacceptabilite-sociale-des-transitions\/","title":{"rendered":"L\u2019acceptabilit\u00e9 sociale des transitions"},"content":{"rendered":"<div class=\"wp-block-image is-style-default\">\n<figure class=\"alignleft size-full\"><img loading=\"lazy\" decoding=\"async\" width=\"380\" height=\"76\" src=\"https:\/\/www.ades-grenoble.org\/wordpress\/wp-content\/uploads\/2022\/09\/IntercommunalitesDeFrance.jpg\" alt=\"\" class=\"wp-image-20784\" srcset=\"https:\/\/www.ades-grenoble.org\/wordpress\/wp-content\/uploads\/2022\/09\/IntercommunalitesDeFrance.jpg 380w, https:\/\/www.ades-grenoble.org\/wordpress\/wp-content\/uploads\/2022\/09\/IntercommunalitesDeFrance-300x60.jpg 300w, https:\/\/www.ades-grenoble.org\/wordpress\/wp-content\/uploads\/2022\/09\/IntercommunalitesDeFrance-150x30.jpg 150w\" sizes=\"auto, (max-width: 380px) 100vw, 380px\" \/><\/figure>\n<\/div>\n\n\n<p><a href=\"https:\/\/www.ifop.com\/publication\/lacceptabilite-sociale-des-transitions\/\" data-type=\"link\" data-id=\"https:\/\/www.ifop.com\/publication\/lacceptabilite-sociale-des-transitions\/\">Un sondage de l\u2019IFOP<\/a> pour l\u2019association Intercommunalit\u00e9 de France donne des r\u00e9sultats int\u00e9ressants sur l\u2019\u00e9tat de l\u2019opinion. L\u2019enqu\u00eate a \u00e9t\u00e9 men\u00e9e du 1er au 4 septembre 2023 aupr\u00e8s d\u2019un \u00e9chantillon de 1\u00a0507 personnes, repr\u00e9sentatif de la population fran\u00e7aise \u00e2g\u00e9e de 18 ans et plus. La repr\u00e9sentativit\u00e9 de l\u2019\u00e9chantillon a \u00e9t\u00e9 assur\u00e9e par la m\u00e9thode des quotas (sexe, \u00e2ge, profession de la personne interrog\u00e9e) apr\u00e8s stratification par r\u00e9gion et cat\u00e9gorie d&rsquo;agglom\u00e9ration.<br>Elle montre que la transition \u00e9cologique est un sujet d\u2019opinion tr\u00e8s fort parmi les Fran\u00e7ais, la grande majorit\u00e9 d\u2019entre eux (85%\u00a0; dont 46% parmi les habitants d\u2019agglom\u00e9ration parisienne) d\u00e9clarent que l\u2019adaptation de notre soci\u00e9t\u00e9, de notre \u00e9conomie et de nos modes de vie au changement climatique doit \u00eatre une priorit\u00e9 et presque autant pr\u00e9voient d\u2019\u00eatre impact\u00e9s directement par ses cons\u00e9quences dans les dix prochaines ann\u00e9es (82%\u00a0; dont 43% parmi les moins de 35 ans).<\/p>\n\n\n\n<!--more-->\n\n\n\n<p><em>\u00ab&nbsp;La restriction de la circulation des v\u00e9hicules les plus polluants dans les zones \u00e0 faibles \u00e9missions (ZFE) est re\u00e7ue favorablement par une majorit\u00e9 des Fran\u00e7ais (62%), n\u00e9anmoins l\u2019adh\u00e9sion \u00e0 la cr\u00e9ation de ces zones est diff\u00e9rente selon l\u2019environnement o\u00f9 l\u2019on habite&nbsp;: plus favorablement dans l\u2019agglom\u00e9ration parisienne (71%), mais moins favorablement dans les communes rurales (52%). Confront\u00e9s \u00e0 d\u2019autres mesures importantes li\u00e9es \u00e0 la lutte contre le changement climatique, les Fran\u00e7ais se d\u00e9clarent majoritairement en faveur des restrictions en cas de p\u00e9nuries d\u2019eau (85%), de l\u2019objectif de z\u00e9ro artificialisation des sols (87%), ainsi qu\u2019\u00e0 la tarification incitative de la collecte des d\u00e9chets, mais dans une moindre mesure (62%). D\u2019autre part, les Fran\u00e7ais disent ne pas \u00eatre assez inform\u00e9s sur la conduite \u00e0 tenir en cas d\u2019\u00e9v\u00e8nement climatique extr\u00eame (\u00e0 61%).<\/em><\/p>\n\n\n\n<p><em>Concernant le consentement des Fran\u00e7ais \u00e0 l\u2019effort n\u00e9cessaire \u00e0 la transition \u00e9cologique, pr\u00e8s de cinq personnes sur dix (52%) disent avoir la capacit\u00e9 de favoriser les modes de d\u00e9placement doux, initiative particuli\u00e8rement partag\u00e9e par les habitants de l\u2019agglom\u00e9ration parisienne (65%), mais qui semble impossible \u00e0 mettre en \u0153uvre parmi ceux qui habitent dans des communes rurales (23%). En dehors de l\u2019initiative citoyenne, l\u2019Etat est d\u00e9sign\u00e9 par plus de deux tiers des Fran\u00e7ais (69%) comme devant \u00eatre \u00e0 l\u2019origine du financement de ces initiatives, suivi par les collectivit\u00e9s locales (38%) puis les entreprises (38%). La transition climatique \u00e9tant synonyme de nouvelles d\u00e9penses pour les m\u00e9nages, comme l\u2019isolation des logements, les aides \u00e0 la transition \u00e9cologique devraient selon les Fran\u00e7ais concerner la totalit\u00e9 des m\u00e9nages (67%) plut\u00f4t que les seules personnes vuln\u00e9rables (33%).<\/em><\/p>\n\n\n\n<p><em>L\u2019opinion des Fran\u00e7ais au sujet de l\u2019action politique met en avant la France (64%) comme \u00e9tant l\u2019\u00e9chelle territoriale la plus adapt\u00e9e et la plus pertinente pour agir sur les enjeux li\u00e9s \u00e0 la transition \u00e9cologique et \u00e9nerg\u00e9tique, suivie par l\u2019Europe (46%), la r\u00e9gion (34%), le d\u00e9partement (24%) puis l\u2019intercommunalit\u00e9 (19%). L\u2019adaptation de l\u2019offre politique en vue des prochaines \u00e9lections est jug\u00e9e d\u00e9terminante chez les Fran\u00e7ais (67%), encore plus en agglom\u00e9ration parisienne (74%) que dans les communes rurales (64%).\u00a0\u00bb<\/em><\/p>\n","protected":false},"excerpt":{"rendered":"<p>Un sondage de l\u2019IFOP pour l\u2019association Intercommunalit\u00e9 de France donne des r\u00e9sultats int\u00e9ressants sur l\u2019\u00e9tat de l\u2019opinion. L\u2019enqu\u00eate a \u00e9t\u00e9 men\u00e9e du 1er au 4 septembre 2023 aupr\u00e8s d\u2019un \u00e9chantillon de 1\u00a0507 personnes, repr\u00e9sentatif de la population fran\u00e7aise \u00e2g\u00e9e de 18 ans et plus. La repr\u00e9sentativit\u00e9 de l\u2019\u00e9chantillon a \u00e9t\u00e9 assur\u00e9e par la m\u00e9thode des [&hellip;]<\/p>\n","protected":false},"author":1,"featured_media":0,"comment_status":"closed","ping_status":"open","sticky":false,"template":"","format":"standard","meta":{"twitterCardType":"","cardImageID":0,"cardImage":"","cardTitle":"","cardDesc":"","cardImageAlt":"","cardPlayer":"","cardPlayerWidth":0,"cardPlayerHeight":0,"cardPlayerStream":"","cardPlayerCodec":"","footnotes":""},"categories":[62,11],"tags":[33,380],"class_list":["post-22319","post","type-post","status-publish","format-standard","hentry","category-le-rouge-le-vert-hebdo","category-politique-locale","tag-social","tag-transitions"],"_links":{"self":[{"href":"https:\/\/www.ades-grenoble.org\/wordpress\/wp-json\/wp\/v2\/posts\/22319","targetHints":{"allow":["GET"]}}],"collection":[{"href":"https:\/\/www.ades-grenoble.org\/wordpress\/wp-json\/wp\/v2\/posts"}],"about":[{"href":"https:\/\/www.ades-grenoble.org\/wordpress\/wp-json\/wp\/v2\/types\/post"}],"author":[{"embeddable":true,"href":"https:\/\/www.ades-grenoble.org\/wordpress\/wp-json\/wp\/v2\/users\/1"}],"replies":[{"embeddable":true,"href":"https:\/\/www.ades-grenoble.org\/wordpress\/wp-json\/wp\/v2\/comments?post=22319"}],"version-history":[{"count":1,"href":"https:\/\/www.ades-grenoble.org\/wordpress\/wp-json\/wp\/v2\/posts\/22319\/revisions"}],"predecessor-version":[{"id":22320,"href":"https:\/\/www.ades-grenoble.org\/wordpress\/wp-json\/wp\/v2\/posts\/22319\/revisions\/22320"}],"wp:attachment":[{"href":"https:\/\/www.ades-grenoble.org\/wordpress\/wp-json\/wp\/v2\/media?parent=22319"}],"wp:term":[{"taxonomy":"category","embeddable":true,"href":"https:\/\/www.ades-grenoble.org\/wordpress\/wp-json\/wp\/v2\/categories?post=22319"},{"taxonomy":"post_tag","embeddable":true,"href":"https:\/\/www.ades-grenoble.org\/wordpress\/wp-json\/wp\/v2\/tags?post=22319"}],"curies":[{"name":"wp","href":"https:\/\/api.w.org\/{rel}","templated":true}]}}