{"id":22375,"date":"2023-11-03T09:10:25","date_gmt":"2023-11-03T08:10:25","guid":{"rendered":"https:\/\/www.ades-grenoble.org\/wordpress\/?p=22375"},"modified":"2023-11-03T10:36:39","modified_gmt":"2023-11-03T09:36:39","slug":"pour-la-construction-de-logements-la-crise-est-violente-et-profonde","status":"publish","type":"post","link":"https:\/\/www.ades-grenoble.org\/wordpress\/2023\/11\/03\/pour-la-construction-de-logements-la-crise-est-violente-et-profonde\/","title":{"rendered":"Pour la construction de logements, la crise est violente et profonde"},"content":{"rendered":"<div class=\"wp-block-image is-style-default\">\n<figure class=\"alignleft size-full\"><img loading=\"lazy\" decoding=\"async\" width=\"380\" height=\"320\" src=\"https:\/\/www.ades-grenoble.org\/wordpress\/wp-content\/uploads\/2022\/08\/MinistereEcologueTransition.jpg\" alt=\"\" class=\"wp-image-20617\" srcset=\"https:\/\/www.ades-grenoble.org\/wordpress\/wp-content\/uploads\/2022\/08\/MinistereEcologueTransition.jpg 380w, https:\/\/www.ades-grenoble.org\/wordpress\/wp-content\/uploads\/2022\/08\/MinistereEcologueTransition-300x253.jpg 300w, https:\/\/www.ades-grenoble.org\/wordpress\/wp-content\/uploads\/2022\/08\/MinistereEcologueTransition-150x126.jpg 150w\" sizes=\"auto, (max-width: 380px) 100vw, 380px\" \/><\/figure>\n<\/div>\n\n\n<p><a href=\"https:\/\/www.statistiques.developpement-durable.gouv.fr\/publicationweb\/590\" data-type=\"link\" data-id=\"https:\/\/www.statistiques.developpement-durable.gouv.fr\/publicationweb\/590\">En septembre 2023, les autorisations de cr\u00e9ation de logements diminuent<\/a>, s\u2019\u00e9tablissant \u00e0 29 000 (- 5 % par rapport \u00e0 ao\u00fbt). Le nombre de logements autoris\u00e9s se situe 25 % en dessous de son niveau moyen des douze mois pr\u00e9c\u00e9dant le premier confinement, en donn\u00e9es corrig\u00e9es des variations saisonni\u00e8res et des jours ouvrables (CVS-CJO). D&rsquo;octobre 2022 \u00e0 septembre 2023, 371 300 logements ont pu recevoir un permis de construire, soit 146 700 de moins que lors des douze mois pr\u00e9c\u00e9dents (- 28,3 %) et 19,3 % de moins qu\u2019au cours des douze mois pr\u00e9c\u00e9dant la crise sanitaire (mars 2019 \u00e0 f\u00e9vrier 2020). En septembre 2023, 25 800 logements auraient \u00e9t\u00e9 mis en chantier, soit 6 900 de plus qu&rsquo;en ao\u00fbt (+ 30 %). Le nombre de logements commenc\u00e9s en septembre 2023 serait toutefois inf\u00e9rieur de 18 % \u00e0 sa moyenne des douze mois pr\u00e9c\u00e9dant la crise sanitaire. Sur douze mois, on mesure un repli des \u00a0ouvertures de chantier qui ne concernent plus que \u00a0315 800 logements.<\/p>\n\n\n\n<!--more-->\n\n\n<div class=\"wp-block-image is-style-default\">\n<figure class=\"aligncenter size-full\"><img loading=\"lazy\" decoding=\"async\" width=\"800\" height=\"492\" src=\"https:\/\/www.ades-grenoble.org\/wordpress\/wp-content\/uploads\/2023\/10\/ConstructionsLogements.jpg\" alt=\"\" class=\"wp-image-22324\" srcset=\"https:\/\/www.ades-grenoble.org\/wordpress\/wp-content\/uploads\/2023\/10\/ConstructionsLogements.jpg 800w, https:\/\/www.ades-grenoble.org\/wordpress\/wp-content\/uploads\/2023\/10\/ConstructionsLogements-300x185.jpg 300w, https:\/\/www.ades-grenoble.org\/wordpress\/wp-content\/uploads\/2023\/10\/ConstructionsLogements-150x92.jpg 150w, https:\/\/www.ades-grenoble.org\/wordpress\/wp-content\/uploads\/2023\/10\/ConstructionsLogements-768x472.jpg 768w, https:\/\/www.ades-grenoble.org\/wordpress\/wp-content\/uploads\/2023\/10\/ConstructionsLogements-600x369.jpg 600w\" sizes=\"auto, (max-width: 800px) 100vw, 800px\" \/><\/figure>\n<\/div>\n\n\n<p>Les autorisations de logements individuels ont diminu\u00e9 de 64&nbsp;00 logements entre octobre 2022 et septembre 2023 par rapport aux douze mois pr\u00e9c\u00e9dents (-&nbsp;30,6&nbsp;%) pour revenir \u00e0 145&nbsp;400&nbsp;unit\u00e9s. Elles sont 21,9&nbsp;% en dessous de la valeur d\u2019avant crise. Les logements individuels purs diminuent de fa\u00e7on plus importante (-&nbsp;31,8&nbsp;%) que les logements individuels group\u00e9s (-&nbsp;27,6&nbsp;%).<br><br>Pendant cette p\u00e9riode, les ouvertures de chantier de logements individuels auraient diminu\u00e9 de 36&nbsp;500&nbsp;unit\u00e9s (-&nbsp;21,8&nbsp;%) et se situeraient \u00e0 130&nbsp;800 logements commenc\u00e9s, leur niveau le plus bas enregistr\u00e9 depuis 2000. Les logements individuels purs comme les logements individuels group\u00e9s auraient recul\u00e9 (respectivement &#8211;&nbsp;24,8&nbsp;% et &#8211;&nbsp;11,9&nbsp;%).<\/p>\n\n\n\n<p>Dans le secteur des logements collectifs ou en r\u00e9sidence, 226&nbsp;000 logements ont \u00e9t\u00e9 autoris\u00e9s entre octobre 2022 et septembre 2023, soit 82&nbsp;600 de moins (-&nbsp;26,8&nbsp;%) par rapport aux douze mois pr\u00e9c\u00e9dents. Les autorisations de logements collectifs ordinaires diminuent plus fortement (-&nbsp;28,3&nbsp;%) que les autorisations de logements en r\u00e9sidence (-&nbsp;19,7&nbsp;%).<br><br>Les mises en chantier de logements collectifs ou en r\u00e9sidence sont estim\u00e9es en baisse de 26&nbsp;200&nbsp;unit\u00e9s (-&nbsp;12,4&nbsp;%) par rapport aux 12 mois pr\u00e9c\u00e9dents et atteignent 185&nbsp;100 logements commenc\u00e9s. Les logements collectifs ordinaires (-&nbsp;11,9&nbsp;%) et les logements en r\u00e9sidence (-&nbsp;14,6&nbsp;%) auraient tous deux diminu\u00e9.<\/p>\n","protected":false},"excerpt":{"rendered":"<p>En septembre 2023, les autorisations de cr\u00e9ation de logements diminuent, s\u2019\u00e9tablissant \u00e0 29 000 (- 5 % par rapport \u00e0 ao\u00fbt). Le nombre de logements autoris\u00e9s se situe 25 % en dessous de son niveau moyen des douze mois pr\u00e9c\u00e9dant le premier confinement, en donn\u00e9es corrig\u00e9es des variations saisonni\u00e8res et des jours ouvrables (CVS-CJO). D&rsquo;octobre [&hellip;]<\/p>\n","protected":false},"author":1,"featured_media":0,"comment_status":"closed","ping_status":"open","sticky":false,"template":"","format":"standard","meta":{"twitterCardType":"","cardImageID":0,"cardImage":"","cardTitle":"","cardDesc":"","cardImageAlt":"","cardPlayer":"","cardPlayerWidth":0,"cardPlayerHeight":0,"cardPlayerStream":"","cardPlayerCodec":"","footnotes":""},"categories":[62,11],"tags":[298,66,33,65],"class_list":["post-22375","post","type-post","status-publish","format-standard","hentry","category-le-rouge-le-vert-hebdo","category-politique-locale","tag-france","tag-logement","tag-social","tag-urbanisme"],"_links":{"self":[{"href":"https:\/\/www.ades-grenoble.org\/wordpress\/wp-json\/wp\/v2\/posts\/22375","targetHints":{"allow":["GET"]}}],"collection":[{"href":"https:\/\/www.ades-grenoble.org\/wordpress\/wp-json\/wp\/v2\/posts"}],"about":[{"href":"https:\/\/www.ades-grenoble.org\/wordpress\/wp-json\/wp\/v2\/types\/post"}],"author":[{"embeddable":true,"href":"https:\/\/www.ades-grenoble.org\/wordpress\/wp-json\/wp\/v2\/users\/1"}],"replies":[{"embeddable":true,"href":"https:\/\/www.ades-grenoble.org\/wordpress\/wp-json\/wp\/v2\/comments?post=22375"}],"version-history":[{"count":3,"href":"https:\/\/www.ades-grenoble.org\/wordpress\/wp-json\/wp\/v2\/posts\/22375\/revisions"}],"predecessor-version":[{"id":22404,"href":"https:\/\/www.ades-grenoble.org\/wordpress\/wp-json\/wp\/v2\/posts\/22375\/revisions\/22404"}],"wp:attachment":[{"href":"https:\/\/www.ades-grenoble.org\/wordpress\/wp-json\/wp\/v2\/media?parent=22375"}],"wp:term":[{"taxonomy":"category","embeddable":true,"href":"https:\/\/www.ades-grenoble.org\/wordpress\/wp-json\/wp\/v2\/categories?post=22375"},{"taxonomy":"post_tag","embeddable":true,"href":"https:\/\/www.ades-grenoble.org\/wordpress\/wp-json\/wp\/v2\/tags?post=22375"}],"curies":[{"name":"wp","href":"https:\/\/api.w.org\/{rel}","templated":true}]}}