{"id":22424,"date":"2023-11-10T15:08:27","date_gmt":"2023-11-10T14:08:27","guid":{"rendered":"https:\/\/www.ades-grenoble.org\/wordpress\/?p=22424"},"modified":"2023-11-10T15:20:17","modified_gmt":"2023-11-10T14:20:17","slug":"le-ministre-de-la-justice-juge-par-la-cour-de-justice-de-la-republique","status":"publish","type":"post","link":"https:\/\/www.ades-grenoble.org\/wordpress\/2023\/11\/10\/le-ministre-de-la-justice-juge-par-la-cour-de-justice-de-la-republique\/","title":{"rendered":"Le ministre de la justice jug\u00e9 par la Cour de Justice de la R\u00e9publique"},"content":{"rendered":"<div class=\"wp-block-image is-style-rounded\">\n<figure class=\"alignleft size-full\"><img loading=\"lazy\" decoding=\"async\" width=\"380\" height=\"190\" src=\"https:\/\/www.ades-grenoble.org\/wordpress\/wp-content\/uploads\/2020\/10\/justiceRepublique.jpg\" alt=\"\" class=\"wp-image-17866\" srcset=\"https:\/\/www.ades-grenoble.org\/wordpress\/wp-content\/uploads\/2020\/10\/justiceRepublique.jpg 380w, https:\/\/www.ades-grenoble.org\/wordpress\/wp-content\/uploads\/2020\/10\/justiceRepublique-150x75.jpg 150w, https:\/\/www.ades-grenoble.org\/wordpress\/wp-content\/uploads\/2020\/10\/justiceRepublique-300x150.jpg 300w\" sizes=\"auto, (max-width: 380px) 100vw, 380px\" \/><\/figure>\n<\/div>\n\n\n<p>Du 6 au 17 novembre 2023, M. Eric Dupond-Moretti en tant que ministre passe en jugement devant la Cour de Justice de la R\u00e9publique car il est soup\u00e7onn\u00e9 d\u2019avoir profit\u00e9 de ses fonctions pour intervenir dans des dossiers pour lesquels il \u00e9tait auparavant int\u00e9ress\u00e9 en tant qu\u2019avocat&nbsp;; il est poursuivi pour prises ill\u00e9gales d\u2019int\u00e9r\u00eats. Le gouvernement a d\u00e9cid\u00e9 de le laisser agir comme ministre durant le proc\u00e8s, il aurait pu se d\u00e9porter.<\/p>\n\n\n\n<p>A la suite du signalement de Raymond Avrillier enregistr\u00e9 le 28 septembre 2020, de la plainte de l\u2019association Anticor enregistr\u00e9e le 8 octobre 2020, et la plainte du Syndicat de la magistrature et de l\u2019Union syndicale des magistrats enregistr\u00e9e le 16 d\u00e9cembre 2020, <a href=\"https:\/\/www.ades-grenoble.org\/wordpress\/2021\/07\/09\/le-ministre-de-la-justice-convoque-le-16-juillet-en-vue-de-sa-mise-en-examen\/\" data-type=\"link\" data-id=\"https:\/\/www.ades-grenoble.org\/wordpress\/2021\/07\/09\/le-ministre-de-la-justice-convoque-le-16-juillet-en-vue-de-sa-mise-en-examen\/\">la commission d\u2019instruction de la Cour de Justice de la R\u00e9publique a \u00e9t\u00e9 saisie du chef de prises ill\u00e9gales d\u2019int\u00e9r\u00eat<\/a>, d\u00e9lits pr\u00e9vus et r\u00e9prim\u00e9s par l\u2019article 432-12 du code p\u00e9nal, pour des faits commis courant 2020 relatifs \u00e0 trois magistrats du PNF, d\u2019une part, et au juge Levraut, d\u2019autre part, \u00e0 l\u2019encontre de M.\u00a0Eric Dupond-Moretti, garde des Sceaux, ministre de la Justice.<\/p>\n\n\n\n<!--more-->\n\n\n\n<p>L\u2019association Anticor, qui sera entendue comme t\u00e9moin, fait <a href=\"https:\/\/www.anticor.org\/2023\/10\/24\/suite-a-une-plainte-danticor-du-6-octobre-2020-eric-dupond-moretti-sera-juge-en-novembre-devant-la-cjr\/\" data-type=\"link\" data-id=\"https:\/\/www.anticor.org\/2023\/10\/24\/suite-a-une-plainte-danticor-du-6-octobre-2020-eric-dupond-moretti-sera-juge-en-novembre-devant-la-cjr\/\">le point sur ce dossier\u00a0<\/a>:<\/p>\n\n\n\n<p><em>\u00ab&nbsp;Le 24 juin 2020, l\u2019hebdomadaire&nbsp;Le Point&nbsp;a r\u00e9v\u00e9l\u00e9 qu\u2019une enqu\u00eate avait \u00e9t\u00e9 men\u00e9e entre 2014 et 2019 par le Parquet National Financier (PNF) dans le but d\u2019identifier l\u2019auteur d\u2019une fuite ayant permis \u00e0 Nicolas Sarkozy d\u2019apprendre sa mise sur \u00e9coute par la justice dans le cadre de l\u2019affaire libyenne.<\/em><\/p>\n\n\n\n<p><em>\u00c9ric Dupond-Moretti faisait partie des avocats dont les relev\u00e9s t\u00e9l\u00e9phoniques avaient \u00e9t\u00e9 saisis par la justice, en raison de ses liens d\u2019amiti\u00e9 avec Me&nbsp;Herzog, avocat et intime de M. Sarkozy. Le futur garde des Sceaux avait qualifi\u00e9 alors les magistrats en charge de l\u2019enqu\u00eate de&nbsp;\u00ab barbouzes \u00bb&nbsp;et port\u00e9 plainte&nbsp;contre le Parquet national financier (PNF).<\/em><\/p>\n\n\n\n<p><em>\u00c0 la suite des r\u00e9v\u00e9lations de l\u2019hebdomadaire Le&nbsp;Point, Mme Belloubet, alors ministre de la Justice, avait demand\u00e9 \u00e0 l\u2019Inspection g\u00e9n\u00e9rale de la justice (IGJ) une enqu\u00eate sur le fonctionnement du PNF et sur la proc\u00e9dure visant des avocats. Cette enqu\u00eate a conclu \u00e0 l\u2019absence de faute de ces magistrats.&nbsp;&nbsp;&nbsp;<\/em><\/p>\n\n\n\n<p><em>Le 6 juillet 2020, \u00c9ric Dupond-Moretti \u00e9tait nomm\u00e9 garde des Sceaux. Le lendemain, il retirait sa plainte, semblant convenir qu\u2019un ministre de la Justice ne pouvait s\u2019en prendre aux procureurs, plac\u00e9s sous son autorit\u00e9 hi\u00e9rarchique.<\/em><\/p>\n\n\n\n<p><em>Le 15 septembre, le rapport de l\u2019IGJ sollicit\u00e9 par Nicole Belloubet \u00e9tait remis \u00e0 \u00c9ric Dupond-Moretti. Il ne relevait aucune faute commise par les magistrats du PNF. Toutefois, le ministre demandait alors imm\u00e9diatement une deuxi\u00e8me enqu\u00eate contre trois d\u2019entre eux.<\/em><\/p>\n\n\n\n<p><em>Cette seconde enqu\u00eate pourrait tendre \u00e0 r\u00e9gler des comptes personnels, en envoyant un message aux procureurs qui ont port\u00e9 l\u2019accusation contre Nicolas Sarkozy et Thierry Herzog. Si les faits sont av\u00e9r\u00e9s, ils pourraient recevoir la qualification p\u00e9nale de&nbsp;\u00ab prise ill\u00e9gale d\u2019int\u00e9r\u00eats \u00bb.&nbsp;C\u2019est pourquoi l\u2019association Anticor a saisi la Cour de Justice de la R\u00e9publique d\u00e8s le 6 octobre 2020.&nbsp;Le Ministre de la Justice est bien s\u00fbr pr\u00e9sum\u00e9 innocent et il n\u2019appartient qu\u2019\u00e0 la Justice de dire s\u2019il a commis une infraction p\u00e9nale.<\/em><\/p>\n\n\n\n<p><em>\u00c9ric Dupond-Moretti devra r\u00e9pondre de ces faits devant la Cour de Justice de la R\u00e9publique du 6 au 17 novembre 2023.&nbsp;L\u2019association Anticor, qui est \u00e0 l\u2019origine de cette affaire, sera auditionn\u00e9e en qualit\u00e9 de t\u00e9moin et portera la voix des citoyens lors de cette audience.<\/em><\/p>\n\n\n\n<p><em>L\u2019association Anticor entend rappeler que la prise ill\u00e9gale d\u2019int\u00e9r\u00eats est un d\u00e9lit p\u00e9nal grave, puni de cinq ans d\u2019emprisonnement, qui consiste \u00e0 intervenir dans une d\u00e9cision publique tout en ayant un int\u00e9r\u00eat personnel \u00e0 ce qu\u2019elle soit prise dans un sens ou dans un autre.<\/em><\/p>\n\n\n\n<p><em>Or, dans une d\u00e9mocratie, il est inacceptable que le pouvoir puisse \u00eatre utilis\u00e9 \u00e0 des fins personnelles, il ne doit servir que le seul int\u00e9r\u00eat g\u00e9n\u00e9ral.<\/em><\/p>\n\n\n\n<p><em>L\u2019association Anticor souhaite, en outre, rappeler que le garde des Sceaux, garant de l\u2019\u00c9tat de droit et de l\u2019ind\u00e9pendance de la justice, doit veiller \u00e0 ce que les juges puissent exercer leurs fonctions de mani\u00e8re impartiale, sans ing\u00e9rences, qu\u2019elles soient politiques ou ext\u00e9rieures.<\/em><\/p>\n\n\n\n<p><em>Dans ces conditions, il serait particuli\u00e8rement alarmant qu\u2019un ministre de la justice ait pu instrumentaliser son administration contre des agents publics de la justice, qui d\u00e9pendent de son minist\u00e8re, afin de r\u00e9gler des comptes personnels, et ce, au m\u00e9pris de la loi.<\/em><\/p>\n\n\n\n<p><em>Selon \u00c9lise Van Beneden, Pr\u00e9sidente d\u2019Anticor : \u00ab&nbsp;Un ministre doit servir les citoyens et non se servir de ses pouvoirs pour se venger contre des juges qui ont pu lui d\u00e9plaire lorsqu\u2019il \u00e9tait avocat. Si le garde des Sceaux a fait cela, cela signifie qu\u2019il a trahi tr\u00e8s gravement la d\u00e9mocratie \u00bb.<\/em><\/p>\n\n\n\n<p><em>Par ses actions en justice et par le plaidoyer qu\u2019elle porte depuis plus de vingt ans, l\u2019association Anticor combat la corruption et les abus de pouvoir et d\u00e9fend des propositions ambitieuses pour garantir l\u2019ind\u00e9pendance de la justice. C\u2019est pourquoi Anticor sera attentive \u00e0 ce que la lumi\u00e8re soit faite sur cette affaire.\u00a0\u00bb<\/em><\/p>\n","protected":false},"excerpt":{"rendered":"<p>Du 6 au 17 novembre 2023, M. Eric Dupond-Moretti en tant que ministre passe en jugement devant la Cour de Justice de la R\u00e9publique car il est soup\u00e7onn\u00e9 d\u2019avoir profit\u00e9 de ses fonctions pour intervenir dans des dossiers pour lesquels il \u00e9tait auparavant int\u00e9ress\u00e9 en tant qu\u2019avocat&nbsp;; il est poursuivi pour prises ill\u00e9gales d\u2019int\u00e9r\u00eats. Le [&hellip;]<\/p>\n","protected":false},"author":1,"featured_media":0,"comment_status":"closed","ping_status":"open","sticky":false,"template":"","format":"standard","meta":{"twitterCardType":"","cardImageID":0,"cardImage":"","cardTitle":"","cardDesc":"","cardImageAlt":"","cardPlayer":"","cardPlayerWidth":0,"cardPlayerHeight":0,"cardPlayerStream":"","cardPlayerCodec":"","footnotes":""},"categories":[62,11],"tags":[243,250],"class_list":["post-22424","post","type-post","status-publish","format-standard","hentry","category-le-rouge-le-vert-hebdo","category-politique-locale","tag-justice","tag-republique"],"_links":{"self":[{"href":"https:\/\/www.ades-grenoble.org\/wordpress\/wp-json\/wp\/v2\/posts\/22424","targetHints":{"allow":["GET"]}}],"collection":[{"href":"https:\/\/www.ades-grenoble.org\/wordpress\/wp-json\/wp\/v2\/posts"}],"about":[{"href":"https:\/\/www.ades-grenoble.org\/wordpress\/wp-json\/wp\/v2\/types\/post"}],"author":[{"embeddable":true,"href":"https:\/\/www.ades-grenoble.org\/wordpress\/wp-json\/wp\/v2\/users\/1"}],"replies":[{"embeddable":true,"href":"https:\/\/www.ades-grenoble.org\/wordpress\/wp-json\/wp\/v2\/comments?post=22424"}],"version-history":[{"count":1,"href":"https:\/\/www.ades-grenoble.org\/wordpress\/wp-json\/wp\/v2\/posts\/22424\/revisions"}],"predecessor-version":[{"id":22425,"href":"https:\/\/www.ades-grenoble.org\/wordpress\/wp-json\/wp\/v2\/posts\/22424\/revisions\/22425"}],"wp:attachment":[{"href":"https:\/\/www.ades-grenoble.org\/wordpress\/wp-json\/wp\/v2\/media?parent=22424"}],"wp:term":[{"taxonomy":"category","embeddable":true,"href":"https:\/\/www.ades-grenoble.org\/wordpress\/wp-json\/wp\/v2\/categories?post=22424"},{"taxonomy":"post_tag","embeddable":true,"href":"https:\/\/www.ades-grenoble.org\/wordpress\/wp-json\/wp\/v2\/tags?post=22424"}],"curies":[{"name":"wp","href":"https:\/\/api.w.org\/{rel}","templated":true}]}}