{"id":22448,"date":"2023-11-17T15:09:14","date_gmt":"2023-11-17T14:09:14","guid":{"rendered":"https:\/\/www.ades-grenoble.org\/wordpress\/?p=22448"},"modified":"2023-11-24T08:28:49","modified_gmt":"2023-11-24T07:28:49","slug":"politique-politicienne-302","status":"publish","type":"post","link":"https:\/\/www.ades-grenoble.org\/wordpress\/2023\/11\/17\/politique-politicienne-302\/","title":{"rendered":"Politique politicienne"},"content":{"rendered":"<div class=\"wp-block-image is-style-default\">\n<figure class=\"alignleft size-full\"><img loading=\"lazy\" decoding=\"async\" width=\"200\" height=\"234\" src=\"https:\/\/www.ades-grenoble.org\/wordpress\/wp-content\/uploads\/2015\/01\/fou1.png\" alt=\"fou\" class=\"wp-image-9634\" srcset=\"https:\/\/www.ades-grenoble.org\/wordpress\/wp-content\/uploads\/2015\/01\/fou1.png 200w, https:\/\/www.ades-grenoble.org\/wordpress\/wp-content\/uploads\/2015\/01\/fou1-128x150.png 128w\" sizes=\"auto, (max-width: 200px) 100vw, 200px\" \/><\/figure>\n<\/div>\n\n\n<p>Lors du conseil municipal du 13 Novembre, un \u00e9lu (Maxence Alloto, GDES) est intervenu lors d\u2019une d\u00e9lib\u00e9ration sur le march\u00e9 de No\u00ebl, \u00e0 0h30, pour tenter d\u2019obtenir une suspension de s\u00e9ance permettant \u00e0 un commer\u00e7ant m\u00e9content de ne pas avoir \u00e9t\u00e9 retenu cette ann\u00e9e au march\u00e9 de No\u00ebl de s\u2019exprimer devant le conseil. Cette position a \u00e9t\u00e9 soutenue par Alain Carignon qui a surench\u00e9ri et commenc\u00e9 \u00e0 filmer cet \u00ab\u00a0incident\u00a0\u00bb avec son t\u00e9l\u00e9phone. Mais ce type d\u2019intervention dans un conseil municipal ne se fait pas et le maire l\u2019a tout naturellement refus\u00e9e. Le maire a pr\u00e9cis\u00e9 que le commer\u00e7ant, pr\u00e9sent depuis le d\u00e9but du conseil \u00e0 15h00, avait refus\u00e9 un rendez-vous et qu\u2019il \u00e9tait impossible de perturber ainsi, \u00e0 travers des dol\u00e9ances sur un cas particulier, le travail normal d\u2019un conseil municipal. Par ailleurs l\u2019adjoint au commerce Alan Confesson a expliqu\u00e9 la proc\u00e9dure suivie pour s\u00e9lectionner un panel de commer\u00e7ants pour le march\u00e9 de No\u00ebl, en suivant une proc\u00e9dure mise en place au temps o\u00f9 Maxence Alloto avait cette d\u00e9l\u00e9gation. Il n&rsquo;est pas convenable que des \u00e9lus participent \u00e0 une telle action d\u00e9magogique de manipulation de la col\u00e8re d\u2019un commer\u00e7ant, ce qui met directement en cause le travail des services municipaux.<\/p>\n\n\n\n<hr class=\"wp-block-separator has-alpha-channel-opacity\"\/>\n\n\n\n<p><strong>R\u00e9ponse de Maxence Alloto conseiller municipal de Grenoble cit\u00e9 dans l&rsquo;article ci-dessus :<\/strong><\/p>\n\n\n\n<p>\u00ab\u00a0<em>Le commer\u00e7ant m\u2019avait contact\u00e9 plus de 15 jours avant le conseil municipal pour m\u2019expliquer sa situation j\u2019ai aussit\u00f4t sollicit\u00e9 le cabinet du Maire de Grenoble pour qu\u2019il puisse organiser une rencontre avec Monsieur Le Maire ou bien son adjoint. Aucune rencontre n\u2019a eu lieu.<\/em><\/p>\n\n\n\n<p><em>Nous avons donc interrog\u00e9 l\u2019adjoint au Maire sur la date \u00e0 laquelle cette commission s\u2019est r\u00e9unie. Or, il semble que, soit elle ne se soit pas r\u00e9unie, soit son p\u00e9rim\u00e8tre ait \u00e9t\u00e9 restreint au point que seuls les services et M. Confesson lui-m\u00eame aient \u00e9t\u00e9 pr\u00e9sents.\u00a0<\/em><\/p>\n\n\n\n<p><em>Et pourtant la tenue de cette commission, dans le cadre d\u00e9fini par la d\u00e9lib\u00e9ration n\u00b062-31755, vot\u00e9e lors du Conseil Municipal du 15 mai 2023, n\u2019est pas facultative c\u2019est une obligation juridique.<\/em><\/p>\n\n\n\n<p><em>\u00a0Nous avons d\u2019ailleurs sollicit\u00e9 le Maire par courrier afin de conna\u00eetre les d\u00e9tails de la proc\u00e9dure mise en \u0153uvre, qui, vous le constaterez en visionnant le Conseil Municipal du 20 novembre, semble s\u2019\u00eatre \u00e9cart\u00e9e des r\u00e8gles \u00e9dict\u00e9es dans la d\u00e9lib\u00e9ration qui les a fix\u00e9es.\u00a0<\/em><\/p>\n\n\n\n<p><em>Notre groupe n\u2019a fait que veiller \u00e0 la bonne application des r\u00e8gles d\u00e9cid\u00e9es et port\u00e9es collectivement.<\/em>\u00ab\u00a0<\/p>\n","protected":false},"excerpt":{"rendered":"<p>Lors du conseil municipal du 13 Novembre, un \u00e9lu (Maxence Alloto, GDES) est intervenu lors d\u2019une d\u00e9lib\u00e9ration sur le march\u00e9 de No\u00ebl, \u00e0 0h30, pour tenter d\u2019obtenir une suspension de s\u00e9ance permettant \u00e0 un commer\u00e7ant m\u00e9content de ne pas avoir \u00e9t\u00e9 retenu cette ann\u00e9e au march\u00e9 de No\u00ebl de s\u2019exprimer devant le conseil. Cette position [&hellip;]<\/p>\n","protected":false},"author":1,"featured_media":0,"comment_status":"closed","ping_status":"open","sticky":false,"template":"","format":"standard","meta":{"twitterCardType":"","cardImageID":0,"cardImage":"","cardTitle":"","cardDesc":"","cardImageAlt":"","cardPlayer":"","cardPlayerWidth":0,"cardPlayerHeight":0,"cardPlayerStream":"","cardPlayerCodec":"","footnotes":""},"categories":[62,11],"tags":[54],"class_list":["post-22448","post","type-post","status-publish","format-standard","hentry","category-le-rouge-le-vert-hebdo","category-politique-locale","tag-politique-droite-gauche"],"_links":{"self":[{"href":"https:\/\/www.ades-grenoble.org\/wordpress\/wp-json\/wp\/v2\/posts\/22448","targetHints":{"allow":["GET"]}}],"collection":[{"href":"https:\/\/www.ades-grenoble.org\/wordpress\/wp-json\/wp\/v2\/posts"}],"about":[{"href":"https:\/\/www.ades-grenoble.org\/wordpress\/wp-json\/wp\/v2\/types\/post"}],"author":[{"embeddable":true,"href":"https:\/\/www.ades-grenoble.org\/wordpress\/wp-json\/wp\/v2\/users\/1"}],"replies":[{"embeddable":true,"href":"https:\/\/www.ades-grenoble.org\/wordpress\/wp-json\/wp\/v2\/comments?post=22448"}],"version-history":[{"count":3,"href":"https:\/\/www.ades-grenoble.org\/wordpress\/wp-json\/wp\/v2\/posts\/22448\/revisions"}],"predecessor-version":[{"id":22464,"href":"https:\/\/www.ades-grenoble.org\/wordpress\/wp-json\/wp\/v2\/posts\/22448\/revisions\/22464"}],"wp:attachment":[{"href":"https:\/\/www.ades-grenoble.org\/wordpress\/wp-json\/wp\/v2\/media?parent=22448"}],"wp:term":[{"taxonomy":"category","embeddable":true,"href":"https:\/\/www.ades-grenoble.org\/wordpress\/wp-json\/wp\/v2\/categories?post=22448"},{"taxonomy":"post_tag","embeddable":true,"href":"https:\/\/www.ades-grenoble.org\/wordpress\/wp-json\/wp\/v2\/tags?post=22448"}],"curies":[{"name":"wp","href":"https:\/\/api.w.org\/{rel}","templated":true}]}}