{"id":22454,"date":"2023-11-17T15:21:44","date_gmt":"2023-11-17T14:21:44","guid":{"rendered":"https:\/\/www.ades-grenoble.org\/wordpress\/?p=22454"},"modified":"2023-11-17T15:30:42","modified_gmt":"2023-11-17T14:30:42","slug":"un-avis-tres-politiciendu-crhh-concernant-lagrement-de-grenoble-habitat","status":"publish","type":"post","link":"https:\/\/www.ades-grenoble.org\/wordpress\/2023\/11\/17\/un-avis-tres-politiciendu-crhh-concernant-lagrement-de-grenoble-habitat\/","title":{"rendered":"Un avis tr\u00e8s politiciendu CRHH concernant l\u2019agr\u00e9ment de Grenoble Habitat"},"content":{"rendered":"<div class=\"wp-block-image is-style-default\">\n<figure class=\"alignleft size-full\"><img loading=\"lazy\" decoding=\"async\" width=\"381\" height=\"132\" src=\"https:\/\/www.ades-grenoble.org\/wordpress\/wp-content\/uploads\/2022\/09\/grenoble-habitat.jpg\" alt=\"\" class=\"wp-image-20730\" srcset=\"https:\/\/www.ades-grenoble.org\/wordpress\/wp-content\/uploads\/2022\/09\/grenoble-habitat.jpg 381w, https:\/\/www.ades-grenoble.org\/wordpress\/wp-content\/uploads\/2022\/09\/grenoble-habitat-300x104.jpg 300w, https:\/\/www.ades-grenoble.org\/wordpress\/wp-content\/uploads\/2022\/09\/grenoble-habitat-150x52.jpg 150w\" sizes=\"auto, (max-width: 381px) 100vw, 381px\" \/><\/figure>\n<\/div>\n\n\n<p>Le 14 novembre le bureau du Comit\u00e9 R\u00e9gional de l\u2019Habitat et de l\u2019H\u00e9bergement a rendu un avis n\u00e9gatif sur la demande du nouvel agr\u00e9ment d\u00e9pos\u00e9 par Grenoble Habitat qui souhaite devenir une Entreprise Sociale de l\u2019Habitat contr\u00f4l\u00e9e par une filiale de la CDC, donc restant dans le secteur public contrairement \u00e0 toutes les affirmations mensong\u00e8res \u00e0 ce sujet.<\/p>\n\n\n\n<p>Le CRHH qui est une instance consultative de l\u2019Etat en R\u00e9gion, a donn\u00e9 d\u00e9l\u00e9gation \u00e0 son bureau pour la plupart de ses comp\u00e9tences. Les services de l\u2019Etat qui instruisent les documents et demandes sur lesquels un avis est sollicit\u00e9, ont donn\u00e9 un avis positif sans aucune r\u00e9serve \u00e0 la demande. Ils avaient notamment constat\u00e9 que la demande d\u2019agr\u00e9ment par Grenoble Habitat \u00e9tait en conformit\u00e9 avec la loi r\u00e9gissant les ESH (le Code de la Construction et de l\u2019Habitation), et avec les objectifs du territoire tels que formul\u00e9 dans le PLH de l\u2019agglom\u00e9ration grenobloise.<\/p>\n\n\n\n<p>Il est tr\u00e8s bizarre qu\u2019un avis n\u00e9gatif ait \u00e9t\u00e9 donn\u00e9 quand on regarde ce qui est demand\u00e9 pour obtenir cet agr\u00e9ment\u00a0o\u00f9 Grenoble Habitat coche toutes les cases.<\/p>\n\n\n\n<!--more-->\n\n\n\n<p>Il est \u00e0 craindre que des questions purement politiciennes aient pr\u00e9sid\u00e9es \u00e0 cet avis, dont on devrait avoir prochainement le d\u00e9tail et on pourra alors savoir les motifs de cet avis n\u00e9gatif.<\/p>\n\n\n\n<p>Vu que les services de l\u2019Etat ont donn\u00e9 un avis positif sans r\u00e9serve, il faut esp\u00e9rer que le ministre du logement fera de m\u00eame et que la CDC poursuivra l\u2019achat, ce qui serait tr\u00e8s positif pour le territoire.<\/p>\n\n\n\n<p>Rappel de la loi et des r\u00e8glements qui pr\u00e9cisent le contenu du dossier d\u2019agr\u00e9ment&nbsp;:<\/p>\n\n\n\n<p>Article&nbsp;L365-2&nbsp;du CCH&nbsp;:&nbsp;<em>\u00ab&nbsp;Les crit\u00e8res d&rsquo;obtention de l&rsquo;agr\u00e9ment portent sur les capacit\u00e9s financi\u00e8res de l&rsquo;organisme, sa comp\u00e9tence dans le domaine du logement et le caract\u00e8re d\u00e9sint\u00e9ress\u00e9 de la gestion de ses dirigeants.&nbsp;\u00bb<\/em><\/p>\n\n\n\n<p>Et l\u2019article R 365-2 du m\u00eame code pr\u00e9cise le contenu du dossier pour obtenir l\u2019agr\u00e9ment par le bailleur&nbsp;:<\/p>\n\n\n\n<p><em>1\u00b0 De ses statuts ;<\/em><\/p>\n\n\n\n<p><em>2\u00b0 De la comp\u00e9tence en mati\u00e8re de gestion financi\u00e8re et comptable de ses dirigeants et de son personnel, salari\u00e9 ou b\u00e9n\u00e9vole ;<\/em><\/p>\n\n\n\n<p><em>3\u00b0 De sa situation financi\u00e8re, de sa capacit\u00e9 \u00e0 mobiliser les ressources financi\u00e8res pour mener ses activit\u00e9s ou le concours que lui apportent des institutions publiques, financi\u00e8res et associatives ;<\/em><\/p>\n\n\n\n<p><em>4\u00b0 De sa capacit\u00e9 technique et financi\u00e8re \u00e0 assurer le montage des op\u00e9rations et l&rsquo;entretien de son parc ;<\/em><\/p>\n\n\n\n<p><em>5\u00b0 De sa capacit\u00e9 de gestion locative et sociale, lorsqu&rsquo;il g\u00e8re lui-m\u00eame les logements ;<\/em><\/p>\n\n\n\n<p><em>6\u00b0 De l&rsquo;appui qui lui est \u00e9ventuellement apport\u00e9 par la f\u00e9d\u00e9ration ou l&rsquo;union \u00e0 laquelle il adh\u00e8re.<\/em><\/p>\n\n\n\n<p>Autre remarque&nbsp;dans l\u2019article du Dauphin\u00e9 Lib\u00e9r\u00e9 du 15 novembre \u00e0 ce sujet, une d\u00e9claration d&rsquo;une association indique des informations mensong\u00e8res : CDC Habitat ne serait pas le plus grand bailleur social, qualifi\u00e9 par eux de <em>\u00ab\u00a0mastodonte\u00a0\u00bb<\/em>. Action Logement&nbsp;est le plus grand bailleur social fran\u00e7ais, avec pr\u00e8s d&rsquo;un million de logements.&nbsp;<strong><u><\/u><\/strong><\/p>\n","protected":false},"excerpt":{"rendered":"<p>Le 14 novembre le bureau du Comit\u00e9 R\u00e9gional de l\u2019Habitat et de l\u2019H\u00e9bergement a rendu un avis n\u00e9gatif sur la demande du nouvel agr\u00e9ment d\u00e9pos\u00e9 par Grenoble Habitat qui souhaite devenir une Entreprise Sociale de l\u2019Habitat contr\u00f4l\u00e9e par une filiale de la CDC, donc restant dans le secteur public contrairement \u00e0 toutes les affirmations mensong\u00e8res [&hellip;]<\/p>\n","protected":false},"author":1,"featured_media":0,"comment_status":"closed","ping_status":"open","sticky":false,"template":"","format":"standard","meta":{"twitterCardType":"","cardImageID":0,"cardImage":"","cardTitle":"","cardDesc":"","cardImageAlt":"","cardPlayer":"","cardPlayerWidth":0,"cardPlayerHeight":0,"cardPlayerStream":"","cardPlayerCodec":"","footnotes":""},"categories":[62,11],"tags":[215,281,213],"class_list":["post-22454","post","type-post","status-publish","format-standard","hentry","category-le-rouge-le-vert-hebdo","category-politique-locale","tag-grenoble","tag-habitat","tag-sem"],"_links":{"self":[{"href":"https:\/\/www.ades-grenoble.org\/wordpress\/wp-json\/wp\/v2\/posts\/22454","targetHints":{"allow":["GET"]}}],"collection":[{"href":"https:\/\/www.ades-grenoble.org\/wordpress\/wp-json\/wp\/v2\/posts"}],"about":[{"href":"https:\/\/www.ades-grenoble.org\/wordpress\/wp-json\/wp\/v2\/types\/post"}],"author":[{"embeddable":true,"href":"https:\/\/www.ades-grenoble.org\/wordpress\/wp-json\/wp\/v2\/users\/1"}],"replies":[{"embeddable":true,"href":"https:\/\/www.ades-grenoble.org\/wordpress\/wp-json\/wp\/v2\/comments?post=22454"}],"version-history":[{"count":1,"href":"https:\/\/www.ades-grenoble.org\/wordpress\/wp-json\/wp\/v2\/posts\/22454\/revisions"}],"predecessor-version":[{"id":22455,"href":"https:\/\/www.ades-grenoble.org\/wordpress\/wp-json\/wp\/v2\/posts\/22454\/revisions\/22455"}],"wp:attachment":[{"href":"https:\/\/www.ades-grenoble.org\/wordpress\/wp-json\/wp\/v2\/media?parent=22454"}],"wp:term":[{"taxonomy":"category","embeddable":true,"href":"https:\/\/www.ades-grenoble.org\/wordpress\/wp-json\/wp\/v2\/categories?post=22454"},{"taxonomy":"post_tag","embeddable":true,"href":"https:\/\/www.ades-grenoble.org\/wordpress\/wp-json\/wp\/v2\/tags?post=22454"}],"curies":[{"name":"wp","href":"https:\/\/api.w.org\/{rel}","templated":true}]}}