{"id":22503,"date":"2023-12-01T10:18:30","date_gmt":"2023-12-01T09:18:30","guid":{"rendered":"https:\/\/www.ades-grenoble.org\/wordpress\/?p=22503"},"modified":"2023-12-01T10:51:41","modified_gmt":"2023-12-01T09:51:41","slug":"politique-politicienne-304","status":"publish","type":"post","link":"https:\/\/www.ades-grenoble.org\/wordpress\/2023\/12\/01\/politique-politicienne-304\/","title":{"rendered":"Politique politicienne"},"content":{"rendered":"<div class=\"wp-block-image is-style-default\">\n<figure class=\"alignleft size-full\"><img loading=\"lazy\" decoding=\"async\" width=\"200\" height=\"234\" src=\"https:\/\/www.ades-grenoble.org\/wordpress\/wp-content\/uploads\/2015\/01\/fou1.png\" alt=\"fou\" class=\"wp-image-9634\" srcset=\"https:\/\/www.ades-grenoble.org\/wordpress\/wp-content\/uploads\/2015\/01\/fou1.png 200w, https:\/\/www.ades-grenoble.org\/wordpress\/wp-content\/uploads\/2015\/01\/fou1-128x150.png 128w\" sizes=\"auto, (max-width: 200px) 100vw, 200px\" \/><\/figure>\n<\/div>\n\n\n<p>Au Lyc\u00e9e Professionnel Vaucanson \u00e0 Grenoble, dont la gestion du b\u00e2timent d\u00e9pend de la R\u00e9gion, donc du pr\u00e9sident L. Wauquiez, les temp\u00e9ratures dans une classe ne d\u00e9passent pas les 13 \u00b0C et des salles ne sont plus chauff\u00e9es. Le syst\u00e8me de chauffage a \u00e9t\u00e9 confi\u00e9 \u00e0 une entreprise priv\u00e9e, du coup la direction du lyc\u00e9e ne peut plus le contr\u00f4ler en direct. Et cette situation dure depuis plusieurs mois\u2026\u00a0 Le service de communication de la R\u00e9gion, \u00e9voque une politique d\u2019\u00e9conomies d\u2019\u00e9nergie\u2026 Vive la gestion priv\u00e9e du chauffage au lyc\u00e9e Vaucanson, merci M. Wauquiez. Il semblerait que le pr\u00e9sident de la R\u00e9gion pr\u00e9f\u00e8re s\u2019occuper des jeux Olympiques d\u2019hiver en 2030, plut\u00f4t que de ses lyc\u00e9es.<\/p>\n","protected":false},"excerpt":{"rendered":"<p>Au Lyc\u00e9e Professionnel Vaucanson \u00e0 Grenoble, dont la gestion du b\u00e2timent d\u00e9pend de la R\u00e9gion, donc du pr\u00e9sident L. Wauquiez, les temp\u00e9ratures dans une classe ne d\u00e9passent pas les 13 \u00b0C et des salles ne sont plus chauff\u00e9es. Le syst\u00e8me de chauffage a \u00e9t\u00e9 confi\u00e9 \u00e0 une entreprise priv\u00e9e, du coup la direction du lyc\u00e9e [&hellip;]<\/p>\n","protected":false},"author":1,"featured_media":0,"comment_status":"closed","ping_status":"open","sticky":false,"template":"","format":"standard","meta":{"twitterCardType":"","cardImageID":0,"cardImage":"","cardTitle":"","cardDesc":"","cardImageAlt":"","cardPlayer":"","cardPlayerWidth":0,"cardPlayerHeight":0,"cardPlayerStream":"","cardPlayerCodec":"","footnotes":""},"categories":[62,11],"tags":[54],"class_list":["post-22503","post","type-post","status-publish","format-standard","hentry","category-le-rouge-le-vert-hebdo","category-politique-locale","tag-politique-droite-gauche"],"_links":{"self":[{"href":"https:\/\/www.ades-grenoble.org\/wordpress\/wp-json\/wp\/v2\/posts\/22503","targetHints":{"allow":["GET"]}}],"collection":[{"href":"https:\/\/www.ades-grenoble.org\/wordpress\/wp-json\/wp\/v2\/posts"}],"about":[{"href":"https:\/\/www.ades-grenoble.org\/wordpress\/wp-json\/wp\/v2\/types\/post"}],"author":[{"embeddable":true,"href":"https:\/\/www.ades-grenoble.org\/wordpress\/wp-json\/wp\/v2\/users\/1"}],"replies":[{"embeddable":true,"href":"https:\/\/www.ades-grenoble.org\/wordpress\/wp-json\/wp\/v2\/comments?post=22503"}],"version-history":[{"count":1,"href":"https:\/\/www.ades-grenoble.org\/wordpress\/wp-json\/wp\/v2\/posts\/22503\/revisions"}],"predecessor-version":[{"id":22504,"href":"https:\/\/www.ades-grenoble.org\/wordpress\/wp-json\/wp\/v2\/posts\/22503\/revisions\/22504"}],"wp:attachment":[{"href":"https:\/\/www.ades-grenoble.org\/wordpress\/wp-json\/wp\/v2\/media?parent=22503"}],"wp:term":[{"taxonomy":"category","embeddable":true,"href":"https:\/\/www.ades-grenoble.org\/wordpress\/wp-json\/wp\/v2\/categories?post=22503"},{"taxonomy":"post_tag","embeddable":true,"href":"https:\/\/www.ades-grenoble.org\/wordpress\/wp-json\/wp\/v2\/tags?post=22503"}],"curies":[{"name":"wp","href":"https:\/\/api.w.org\/{rel}","templated":true}]}}