{"id":2251,"date":"2010-09-17T20:33:14","date_gmt":"2010-09-17T18:33:14","guid":{"rendered":"http:\/\/www.ades-grenoble.org\/wordpress\/?p=2251"},"modified":"2010-10-23T19:35:17","modified_gmt":"2010-10-23T17:35:17","slug":"il-est-bizarre-le-president-du-cgi","status":"publish","type":"post","link":"https:\/\/www.ades-grenoble.org\/wordpress\/2010\/09\/17\/il-est-bizarre-le-president-du-cgi\/","title":{"rendered":"Il est bizarre le Pr\u00e9sident du CGI !"},"content":{"rendered":"<p>Dans son interview de rentr\u00e9e (voir Le Dauphin\u00e9 Lib\u00e9r\u00e9 du 11 septembre dernier), le Pr\u00e9sident du Conseil g\u00e9n\u00e9ral de l\u2019Is\u00e8re (CGI) d\u00e9clare\u00a0: \u201c\u00a0l\u2019argent public est de plus en plus rare aujourd\u2019hui\u00a0\u201d. L\u00e0-dessus nous sommes totalement d\u2019accord et nous n\u2019arr\u00eatons pas de nous \u00e9lever contre les gaspillages dans les collectivit\u00e9s, dont le CGI.<\/p>\n<p>Par contre il s\u2019\u00e9l\u00e8ve contre ces \u00e9cologistes qui s\u2019opposent au <a href=\"http:\/\/www.ades-grenoble.org\/wordpress\/2010\/09\/17\/pour-les-chambaran-sans-center-parcs\/\" target=\"_self\">projet de Center Parcs dans les Chambaran<\/a>. <em>\u201c\u00a0Mais en Is\u00e8re, nous devons faire face \u00e0 quelques irr\u00e9ductibles qui s\u2019opposent toujours \u00e0 tout\u00a0: le stade, Minatec, <a href=\"http:\/\/www.ades-grenoble.org\/wordpress\/category\/deplacements\/rocade-nord-deplacements\/\" target=\"_self\">la rocade-nord<\/a>. Ils ne repr\u00e9sentent souvent qu\u2019eux-m\u00eames\u2026\u00a0\u201d.<\/em><\/p>\n<p>Il est un peu myope le Pr\u00e9sident. Lorsqu\u2019un courant politique <a href=\"http:\/\/www.ades-grenoble.org\/wordpress\/2010\/03\/24\/analyse-du-2eme-tour-des-elections-regionales-a-grenoble\/\" target=\"_self\">fait 20 % des exprim\u00e9s en Is\u00e8re<\/a>, c\u2019est que ses militants repr\u00e9sentent un peu plus qu\u2019eux-m\u00eames.<\/p>\n<p>Les op\u00e9rations que cite M. Vallini sont des op\u00e9rations d\u00e9voreuses d\u2019argent public le plus souvent au profit de puissants int\u00e9r\u00eats priv\u00e9s.<\/p>\n<ul>\n<li><a href=\"http:\/\/www.ades-grenoble.org\/wordpress\/category\/stade\/\" target=\"_self\">Le \tstade co\u00fbte tr\u00e8s cher \u00e0 la collectivit\u00e9<\/a> au profit d\u2019une \tsoci\u00e9t\u00e9 priv\u00e9e le GF 38.<\/li>\n<li>Le \tb\u00e2timent de haute technologie \u00e0 Minatec (les salles blanches) est \tfinanc\u00e9 par des capitaux publics pour permettre \u00e0 des soci\u00e9t\u00e9s \tpriv\u00e9es d\u2019acc\u00e9der \u00e0 des salles blanches \u00e0 des prix d\u00e9fiant \ttoute concurrence.<\/li>\n<li>Center \tparcs, op\u00e9ration priv\u00e9e de Pierre et Vacances, n\u00e9cessite des \tdizaines de millions d\u2019euros d\u2019aide publique.<\/li>\n<\/ul>\n<p>Sur tous ces dossiers les \u00e9cologistes ont propos\u00e9 des solutions alternatives o\u00f9 l\u2019argent public \u00e9tait utilis\u00e9 pour l\u2019int\u00e9r\u00eat g\u00e9n\u00e9ral, qui co\u00fbteraient moins cher et seraient plus respectueuses de l\u2019environnement. Que M. Vallini ne vienne pas se plaindre que l\u2019argent public est de plus en plus rare\u2026 Il faut l\u2019utiliser \u00e0 bon escient.<\/p>\n","protected":false},"excerpt":{"rendered":"<p>Dans son interview de rentr\u00e9e (voir Le Dauphin\u00e9 Lib\u00e9r\u00e9 du 11 septembre dernier), le Pr\u00e9sident du Conseil g\u00e9n\u00e9ral de l\u2019Is\u00e8re (CGI) d\u00e9clare\u00a0: \u201c\u00a0l\u2019argent public est de plus en plus rare aujourd\u2019hui\u00a0\u201d. L\u00e0-dessus nous sommes totalement d\u2019accord et nous n\u2019arr\u00eatons pas de nous \u00e9lever contre les gaspillages dans les collectivit\u00e9s, dont le CGI. Par contre il [&hellip;]<\/p>\n","protected":false},"author":1,"featured_media":0,"comment_status":"closed","ping_status":"open","sticky":false,"template":"","format":"standard","meta":{"twitterCardType":"","cardImageID":0,"cardImage":"","cardTitle":"","cardDesc":"","cardImageAlt":"","cardPlayer":"","cardPlayerWidth":0,"cardPlayerHeight":0,"cardPlayerStream":"","cardPlayerCodec":"","footnotes":""},"categories":[62,11],"tags":[83,22],"class_list":["post-2251","post","type-post","status-publish","format-standard","hentry","category-le-rouge-le-vert-hebdo","category-politique-locale","tag-center-parcs","tag-conseil-general-de-lisere"],"_links":{"self":[{"href":"https:\/\/www.ades-grenoble.org\/wordpress\/wp-json\/wp\/v2\/posts\/2251","targetHints":{"allow":["GET"]}}],"collection":[{"href":"https:\/\/www.ades-grenoble.org\/wordpress\/wp-json\/wp\/v2\/posts"}],"about":[{"href":"https:\/\/www.ades-grenoble.org\/wordpress\/wp-json\/wp\/v2\/types\/post"}],"author":[{"embeddable":true,"href":"https:\/\/www.ades-grenoble.org\/wordpress\/wp-json\/wp\/v2\/users\/1"}],"replies":[{"embeddable":true,"href":"https:\/\/www.ades-grenoble.org\/wordpress\/wp-json\/wp\/v2\/comments?post=2251"}],"version-history":[{"count":8,"href":"https:\/\/www.ades-grenoble.org\/wordpress\/wp-json\/wp\/v2\/posts\/2251\/revisions"}],"predecessor-version":[{"id":2514,"href":"https:\/\/www.ades-grenoble.org\/wordpress\/wp-json\/wp\/v2\/posts\/2251\/revisions\/2514"}],"wp:attachment":[{"href":"https:\/\/www.ades-grenoble.org\/wordpress\/wp-json\/wp\/v2\/media?parent=2251"}],"wp:term":[{"taxonomy":"category","embeddable":true,"href":"https:\/\/www.ades-grenoble.org\/wordpress\/wp-json\/wp\/v2\/categories?post=2251"},{"taxonomy":"post_tag","embeddable":true,"href":"https:\/\/www.ades-grenoble.org\/wordpress\/wp-json\/wp\/v2\/tags?post=2251"}],"curies":[{"name":"wp","href":"https:\/\/api.w.org\/{rel}","templated":true}]}}