{"id":22579,"date":"2023-12-15T10:26:23","date_gmt":"2023-12-15T09:26:23","guid":{"rendered":"https:\/\/www.ades-grenoble.org\/wordpress\/?p=22579"},"modified":"2023-12-15T10:46:51","modified_gmt":"2023-12-15T09:46:51","slug":"politique-politicienne-305","status":"publish","type":"post","link":"https:\/\/www.ades-grenoble.org\/wordpress\/2023\/12\/15\/politique-politicienne-305\/","title":{"rendered":"Politique politicienne"},"content":{"rendered":"<div class=\"wp-block-image is-style-default\">\n<figure class=\"alignleft size-full\"><img loading=\"lazy\" decoding=\"async\" width=\"200\" height=\"234\" src=\"https:\/\/www.ades-grenoble.org\/wordpress\/wp-content\/uploads\/2015\/01\/fou1.png\" alt=\"fou\" class=\"wp-image-9634\" srcset=\"https:\/\/www.ades-grenoble.org\/wordpress\/wp-content\/uploads\/2015\/01\/fou1.png 200w, https:\/\/www.ades-grenoble.org\/wordpress\/wp-content\/uploads\/2015\/01\/fou1-128x150.png 128w\" sizes=\"auto, (max-width: 200px) 100vw, 200px\" \/><\/figure>\n<\/div>\n\n\n<p>Nicolas Pinel, bras droit d\u2019Alain Carignon a devanc\u00e9 la d\u00e9cision pr\u00e9fectorale suite \u00e0 sa condamnation d\u00e9finitive, en d\u00e9missionnant de son mandat de conseiller municipal de Grenoble et conseiller communautaire m\u00e9tropolitain. Il sera remplac\u00e9 \u00e0 la ville par Mme Charah Bentaleb (12<sup>\u00e8me<\/sup> de la liste) et \u00e0 la M\u00e9tro par Mme Brigitte Boer conseill\u00e8re municipale (8<sup>\u00e8me<\/sup> de la liste). Ce groupe politique de droite avait eu 7 \u00e9lu-es lors de l\u2019\u00e9lection municipale, mais n\u2019en a plus que 6 apr\u00e8s le d\u00e9part du groupe de Mme Roche, 4<sup>\u00e8me<\/sup> de la liste qui s\u2019\u00e9tait demand\u00e9e ce qu\u2019elle venait faire dans cette gal\u00e8re. Nicolas Pinel, directeur de campagne de la liste Carignon n\u2019\u00e9tait que 11<sup>\u00e8me<\/sup> sur la liste, pour qu\u2019il devienne \u00e9lu, <a href=\"https:\/\/www.ades-grenoble.org\/wordpress\/2020\/07\/10\/politique-politicienne-197\/\" data-type=\"link\" data-id=\"https:\/\/www.ades-grenoble.org\/wordpress\/2020\/07\/10\/politique-politicienne-197\/\">A. Carignon a organis\u00e9 le retrait des num\u00e9ros deux et trois (contre leur gr\u00e9\u00a0: Magali Feret et J\u00e9r\u00f4me Odier)<\/a> et les num\u00e9ros 7 et 9 (Harout Agobian et Romain Branche), ce qui a permis \u00e0 Nathalie B\u00e9ranger (10<sup>\u00e8me<\/sup> de liste) et Nicolas Pinel de devenir conseillers municipaux.<\/p>\n\n\n\n<!--more-->\n\n\n\n<p>En remplacement d\u2019un d\u00e9missionnaire du conseil municipal, on fait appel statutairement au prochain ou \u00e0 la prochaine sur la liste qui le devient. Donc c\u2019est normal de voir Mme Bentaleb remplacer Pinel. Par contre \u00e0 la M\u00e9tro les r\u00e8gles du code \u00e9lectoral imposent de conserver la parit\u00e9 initiale. Rappelons que Pinel est devenu conseiller communautaire car M. Boutafa ne pouvait pas y \u00eatre car salari\u00e9 de la M\u00e9tro. Il n\u2019y avait plus d\u2019homme \u00e9lu conseiller municipal du groupe Carignon qui pouvait remplacer Pinel. Heureusement une d\u00e9rogation du code \u00e9lectoral pr\u00e9voit ce cas, et permet de d\u00e9roger \u00e0 la parit\u00e9, d\u2019o\u00f9 la d\u00e9signation de Mme Boer qui si\u00e8gera \u00e0 cot\u00e9 de Carignon et Mme Dominique Spini (6<sup>\u00e8me<\/sup> sur la liste) et conseill\u00e8re communautaire. Cela am\u00e9liorera un petit peu la parit\u00e9 \u00e0 la M\u00e9tro, tr\u00e8s mal repr\u00e9sent\u00e9e \u00e0 cause des nombreuses petites communes qui n\u2019ont qu\u2019un repr\u00e9sentant, en g\u00e9n\u00e9ral un homme, maire de la commune.<\/p>\n\n\n\n<p>Si les ennuis judiciaires de Ch\u00e9rif Boutafa le conduisaient \u00e0 abandonner son mandat de conseiller municipal ce sera le 13 \u00e8me de la liste Carignon qui serait appel\u00e9 \u00e0 si\u00e9ger \u00e0 Grenoble, Adrien Fodil. En premi\u00e8re instance il n\u2019avait pas de condamnation \u00e0 l\u2019in\u00e9ligibilit\u00e9.<\/p>\n\n\n\n<p>L\u2019histoire de la liste Carignon, n\u2019est pas un long fleuve tranquille, l\u2019h\u00e9morragie va t\u2019elle se poursuivre avant la fin de mandat&nbsp;?<\/p>\n","protected":false},"excerpt":{"rendered":"<p>Nicolas Pinel, bras droit d\u2019Alain Carignon a devanc\u00e9 la d\u00e9cision pr\u00e9fectorale suite \u00e0 sa condamnation d\u00e9finitive, en d\u00e9missionnant de son mandat de conseiller municipal de Grenoble et conseiller communautaire m\u00e9tropolitain. Il sera remplac\u00e9 \u00e0 la ville par Mme Charah Bentaleb (12\u00e8me de la liste) et \u00e0 la M\u00e9tro par Mme Brigitte Boer conseill\u00e8re municipale (8\u00e8me [&hellip;]<\/p>\n","protected":false},"author":1,"featured_media":0,"comment_status":"closed","ping_status":"open","sticky":false,"template":"","format":"standard","meta":{"twitterCardType":"","cardImageID":0,"cardImage":"","cardTitle":"","cardDesc":"","cardImageAlt":"","cardPlayer":"","cardPlayerWidth":0,"cardPlayerHeight":0,"cardPlayerStream":"","cardPlayerCodec":"","footnotes":""},"categories":[62,11],"tags":[30,54],"class_list":["post-22579","post","type-post","status-publish","format-standard","hentry","category-le-rouge-le-vert-hebdo","category-politique-locale","tag-corrompu","tag-politique-droite-gauche"],"_links":{"self":[{"href":"https:\/\/www.ades-grenoble.org\/wordpress\/wp-json\/wp\/v2\/posts\/22579","targetHints":{"allow":["GET"]}}],"collection":[{"href":"https:\/\/www.ades-grenoble.org\/wordpress\/wp-json\/wp\/v2\/posts"}],"about":[{"href":"https:\/\/www.ades-grenoble.org\/wordpress\/wp-json\/wp\/v2\/types\/post"}],"author":[{"embeddable":true,"href":"https:\/\/www.ades-grenoble.org\/wordpress\/wp-json\/wp\/v2\/users\/1"}],"replies":[{"embeddable":true,"href":"https:\/\/www.ades-grenoble.org\/wordpress\/wp-json\/wp\/v2\/comments?post=22579"}],"version-history":[{"count":2,"href":"https:\/\/www.ades-grenoble.org\/wordpress\/wp-json\/wp\/v2\/posts\/22579\/revisions"}],"predecessor-version":[{"id":22581,"href":"https:\/\/www.ades-grenoble.org\/wordpress\/wp-json\/wp\/v2\/posts\/22579\/revisions\/22581"}],"wp:attachment":[{"href":"https:\/\/www.ades-grenoble.org\/wordpress\/wp-json\/wp\/v2\/media?parent=22579"}],"wp:term":[{"taxonomy":"category","embeddable":true,"href":"https:\/\/www.ades-grenoble.org\/wordpress\/wp-json\/wp\/v2\/categories?post=22579"},{"taxonomy":"post_tag","embeddable":true,"href":"https:\/\/www.ades-grenoble.org\/wordpress\/wp-json\/wp\/v2\/tags?post=22579"}],"curies":[{"name":"wp","href":"https:\/\/api.w.org\/{rel}","templated":true}]}}