{"id":22664,"date":"2024-01-19T10:35:31","date_gmt":"2024-01-19T09:35:31","guid":{"rendered":"https:\/\/www.ades-grenoble.org\/wordpress\/?p=22664"},"modified":"2024-01-19T11:20:23","modified_gmt":"2024-01-19T10:20:23","slug":"notation-des-allocataires-la-caf-senferme-dans-le-deni-et-la-mauvaise-foi","status":"publish","type":"post","link":"https:\/\/www.ades-grenoble.org\/wordpress\/2024\/01\/19\/notation-des-allocataires-la-caf-senferme-dans-le-deni-et-la-mauvaise-foi\/","title":{"rendered":"Notation des allocataires\u00a0: la CAF s\u2019enferme dans le d\u00e9ni et la mauvaise foi"},"content":{"rendered":"<div class=\"wp-block-image is-style-default\">\n<figure class=\"alignleft size-full\"><img loading=\"lazy\" decoding=\"async\" width=\"300\" height=\"214\" src=\"https:\/\/www.ades-grenoble.org\/wordpress\/wp-content\/uploads\/2019\/09\/QuadratureNet.jpg\" alt=\"\" class=\"wp-image-16255\" srcset=\"https:\/\/www.ades-grenoble.org\/wordpress\/wp-content\/uploads\/2019\/09\/QuadratureNet.jpg 300w, https:\/\/www.ades-grenoble.org\/wordpress\/wp-content\/uploads\/2019\/09\/QuadratureNet-150x107.jpg 150w\" sizes=\"auto, (max-width: 300px) 100vw, 300px\" \/><\/figure>\n<\/div>\n\n\n<p>La Caisse d\u2019allocation familiale (CAF) a d\u00e9velopp\u00e9 un algorithme qui lui permet de surveiller les allocataires et suspecter celles et ceux qui seraient potentiellement pr\u00eats \u00e0 frauder. Il s\u2019agit de l\u2019algorithme de la honte qui \u00e0 l\u2019aide des donn\u00e9es personnelles des allocataires donne une note qui permet de suspecter des fraudeurs or la m\u00e9thodologie utilis\u00e9e a pour cons\u00e9quence que ce sont les allocataires les plus pauvres et les plus fragiles qui sont suspect\u00e9s de fraudes. Cet algorithme est donc discriminatoire, ce que conteste avec mauvaise foi la CAF.<\/p>\n\n\n\n<p>Cet algorithme a \u00e9t\u00e9 d\u00e9nonc\u00e9 par diverses associations. <a href=\"http:\/\/Notation des allocataires : la CAF s\u2019enferme dans le d\u00e9ni et la mauvaise foi\">La Quadrature du net m\u00e8ne depuis de longs mois une expertise sur ce logiciel<\/a> et rappelle que le pr\u00e9sident de la Seine-Saint-Denis a saisi le d\u00e9fenseur des Droits suite \u00e0 la publication du code source de l\u2019algorithme que la Quadrature avait obtenu. Son travail pour obtenir le code source de l\u2019algorithme a par ailleurs servi aux \u00e9quipes du<em> Monde<\/em> et de <em>Lighthouse Reports<\/em> \u00e0 publier une <a href=\"https:\/\/www.lemonde.fr\/les-decodeurs\/article\/2023\/12\/04\/profilage-et-discriminations-enquete-sur-les-derives-de-l-algorithme-des-caisses-d-allocations-familiales_6203796_4355770.html\">s\u00e9rie d\u2019articles<\/a> ayant eu un grand retentissement m\u00e9diatique. Une d\u00e9put\u00e9e EELV a par ailleurs abord\u00e9 la question de l\u2019algorithme lors des <a href=\"https:\/\/videos.assemblee-nationale.fr\/video.14419394_6570c70d93d7a.questions-au-gouvernement---mercredi-6-decembre-2023-6-decembre-2023\">questions au gouvernement<\/a>. Thomas Piketty a <a href=\"https:\/\/www.lemonde.fr\/blog\/piketty\/2023\/12\/12\/sortir-de-la-pauvrophobie-proteger-le-service-public\/\">\u00e9crit une tribune<\/a> sur le sujet et <a href=\"https:\/\/www.atd-quartmonde.fr\/atd-quart-monde-denonce-lutilisation-dalgorithmes-pauvrophobes-par-la-cnaf\/\">ATD Quart Monde<\/a> un communiqu\u00e9. Le parti EELV a aussi lanc\u00e9 une p\u00e9tition sur ce sujet disponible <a href=\"https:\/\/pauvrophobie.ecologie2024.eu\/pages\/5EhZiiC5HCctZvqNQlzYK2\/petition-pauvrophobie\">ici<\/a>.<\/p>\n\n\n\n<!--more-->\n\n\n\n<p><em>\u00ab&nbsp;Situation familiale, professionnelle, financi\u00e8re, lieu de r\u00e9sidence, type et montants des prestations re\u00e7ues, fr\u00e9quence des connexions \u00e0 l\u2019espace web, d\u00e9lai depuis le dernier d\u00e9placement \u00e0 l\u2019accueil, nombre de mails \u00e9chang\u00e9s, d\u00e9lai depuis le dernier contr\u00f4le, nombre et types de d\u00e9clarations&nbsp;: la liste de la quarantaine de param\u00e8tres pris en compte par l\u2019algorithme, disponible <\/em><a href=\"https:\/\/git.laquadrature.net\/la-quadrature-du-net\/algo-et-controle\/caf\"><em>ici<\/em><\/a><em>, r\u00e9v\u00e8le le degr\u00e9 d\u2019intrusion de la surveillance \u00e0 l\u2019\u0153uvre.<\/em><\/p>\n\n\n\n<p><em>Elle s\u2019attache \u00e0 la fois aux donn\u00e9es d\u00e9clar\u00e9es par un\u00b7e allocataire, \u00e0 celles li\u00e9es \u00e0 la gestion de son dossier et celles concernant ses interactions, au sens large, avec la CAF. Chaque param\u00e8tre est enfin analys\u00e9 selon un historique dont la dur\u00e9e est variable. <strong>Visant tant les allocataires que leurs proches, elle porte sur les plus de 32 millions de personnes, dont 13 millions d\u2019enfants,<\/strong> vivant dans un foyer b\u00e9n\u00e9ficiant d\u2019une prestation de la CAF.<\/em><\/p>\n\n\n\n<p><em>Quant \u00e0 la question du ciblage des plus pr\u00e9caires, <strong>la publication du code source vient donner la preuve d\u00e9finitive du caract\u00e8re discriminant des crit\u00e8res retenus<\/strong>. Ainsi, parmi les variables augmentant le \u00ab&nbsp;score de suspicion&nbsp;\u00bb, on trouve notamment&nbsp;:<\/em><\/p>\n\n\n\n<ul class=\"wp-block-list\">\n<li><em>Le fait de disposer de revenus faibles,<\/em><\/li>\n\n\n\n<li><em>Le fait d\u2019\u00eatre au ch\u00f4mage,<\/em><\/li>\n\n\n\n<li><em>Le fait d\u2019\u00eatre allocataire du RSA,<\/em><\/li>\n\n\n\n<li><em>Le fait d\u2019habiter dans un quartier \u00ab&nbsp;d\u00e9favoris\u00e9&nbsp;\u00bb<sup>8<\/sup>,<\/em><\/li>\n\n\n\n<li><em>Le fait de consacrer une partie importante de ses revenus \u00e0 son loyer,<\/em><\/li>\n\n\n\n<li><em>Le fait de ne pas avoir de travail ou de revenus stables.<\/em><\/li>\n<\/ul>\n\n\n\n<p><strong><em>Comble du cynisme, l\u2019algorithme vise d\u00e9lib\u00e9r\u00e9ment les personnes en situation de handicap&nbsp;:<\/em><\/strong><em> le fait de b\u00e9n\u00e9ficier de l\u2019Allocation Adulte Handicap\u00e9 (AAH) tout en travaillant est un des param\u00e8tres impactant le plus fortement, et \u00e0 la hausse, le score d\u2019un\u00b7e allocataire.<\/em><\/p>\n\n\n\n<p><em>Les profils-types correspondent tous \u00e0 des foyers comprenant deux enfants \u00e0 charge et sont cens\u00e9s correspondre \u00e0&nbsp;:<\/em><\/p>\n\n\n\n<ol class=\"wp-block-list\" type=\"1\" start=\"1\">\n<li><em>Une famille \u00ab&nbsp;ais\u00e9e&nbsp;\u00bb aux revenus stables et \u00e9lev\u00e9s,<\/em><\/li>\n\n\n\n<li><em>Une famille \u00ab&nbsp;modeste&nbsp;\u00bb dont les deux parents gagnent le SMIC,<\/em><\/li>\n\n\n\n<li><em>Un parent isol\u00e9 gagnant aussi le SMIC,<\/em><\/li>\n\n\n\n<li><em>Une famille dont les deux parents sont b\u00e9n\u00e9ficiaires des minima sociaux,<\/em><\/li>\n\n\n\n<li><em>Une famille dont un des parents est travailleur\u00b7se en situation de handicap&nbsp;: pour ce profil, nous simulons le score de la personne b\u00e9n\u00e9ficiant de l\u2019AAH trimestrialis\u00e9e.<\/em><\/li>\n<\/ol>\n\n\n<div class=\"wp-block-image is-style-default\">\n<figure class=\"aligncenter size-full\"><img loading=\"lazy\" decoding=\"async\" width=\"717\" height=\"765\" src=\"https:\/\/www.ades-grenoble.org\/wordpress\/wp-content\/uploads\/2024\/01\/scoreAlgoCAF.jpg\" alt=\"\" class=\"wp-image-22665\" srcset=\"https:\/\/www.ades-grenoble.org\/wordpress\/wp-content\/uploads\/2024\/01\/scoreAlgoCAF.jpg 717w, https:\/\/www.ades-grenoble.org\/wordpress\/wp-content\/uploads\/2024\/01\/scoreAlgoCAF-281x300.jpg 281w, https:\/\/www.ades-grenoble.org\/wordpress\/wp-content\/uploads\/2024\/01\/scoreAlgoCAF-141x150.jpg 141w, https:\/\/www.ades-grenoble.org\/wordpress\/wp-content\/uploads\/2024\/01\/scoreAlgoCAF-600x640.jpg 600w\" sizes=\"auto, (max-width: 717px) 100vw, 717px\" \/><\/figure>\n<\/div>\n\n\n<p><strong><em>Ce que montre notre graphique c\u2019est justement que les variables socio-\u00e9conomiques ont un poids pr\u00e9pond\u00e9rant dans le calcul du score<\/em><\/strong><em>, d\u00e9savantageant structurellement les personnes en situation de pr\u00e9carit\u00e9. Ainsi, le risque d\u2019\u00eatre contr\u00f4l\u00e9 suite \u00e0 un \u00e9v\u00e9nement consid\u00e9r\u00e9 comme \u00ab\u00a0facteur de risque\u00a0\u00bb par l\u2019algorithme \u2013 d\u00e9m\u00e9nagement, s\u00e9paration, d\u00e9c\u00e8s \u2013 se r\u00e9v\u00e8le inexistant pour un allocataire ais\u00e9 puisque son score est initialement proche de z\u00e9ro. A l\u2019inverse, pour un allocataire du RSA dont le score est d\u00e9j\u00e0 particuli\u00e8rement \u00e9lev\u00e9, le moindre de ces \u00e9v\u00e8nements risque de faire basculer son score au-del\u00e0 du seuil \u00e0 partir duquel un contr\u00f4le est d\u00e9clench\u00e9.<\/em><\/p>\n\n\n\n<p><em>\u00c0 peine quelques heures apr\u00e8s la publication de notre article \u2014 et alors qu\u2019il \u00e9tait <\/em><a href=\"https:\/\/git.laquadrature.net\/la-quadrature-du-net\/algo-et-controle\"><em>possible pour chacun\u00b7e de v\u00e9rifier<\/em><\/a><em> que la valeur du score de suspicion allou\u00e9 par l\u2019algorithme augmente avec le fait d\u2019\u00eatre en situation de handicap tout en travaillant, d\u2019avoir de faibles revenus, de b\u00e9n\u00e9ficier des minima sociaux ou encore d\u2019\u00eatre priv\u00e9\u00b7e d\u2019emploi \u2014 le directeur de la CAF <\/em><a href=\"https:\/\/www.francetvinfo.fr\/economie\/emploi\/carriere\/entreprendre\/aides\/fraude-sociale-selon-la-quadrature-du-net-l-algorithme-de-la-cnaf-a-un-fonctionnement-deliberement-discriminatoire_6211305.html\"><em>affirmait publiquement<\/em><\/a><em> que son algorithme n\u2019\u00e9tait \u00ab&nbsp;pas discriminatoire&nbsp;\u00bb.<\/em><\/p>\n","protected":false},"excerpt":{"rendered":"<p>La Caisse d\u2019allocation familiale (CAF) a d\u00e9velopp\u00e9 un algorithme qui lui permet de surveiller les allocataires et suspecter celles et ceux qui seraient potentiellement pr\u00eats \u00e0 frauder. Il s\u2019agit de l\u2019algorithme de la honte qui \u00e0 l\u2019aide des donn\u00e9es personnelles des allocataires donne une note qui permet de suspecter des fraudeurs or la m\u00e9thodologie utilis\u00e9e [&hellip;]<\/p>\n","protected":false},"author":1,"featured_media":0,"comment_status":"closed","ping_status":"open","sticky":false,"template":"","format":"standard","meta":{"twitterCardType":"","cardImageID":0,"cardImage":"","cardTitle":"","cardDesc":"","cardImageAlt":"","cardPlayer":"","cardPlayerWidth":0,"cardPlayerHeight":0,"cardPlayerStream":"","cardPlayerCodec":"","footnotes":""},"categories":[62,11],"tags":[338,33,305],"class_list":["post-22664","post","type-post","status-publish","format-standard","hentry","category-le-rouge-le-vert-hebdo","category-politique-locale","tag-menages","tag-social","tag-technos"],"_links":{"self":[{"href":"https:\/\/www.ades-grenoble.org\/wordpress\/wp-json\/wp\/v2\/posts\/22664","targetHints":{"allow":["GET"]}}],"collection":[{"href":"https:\/\/www.ades-grenoble.org\/wordpress\/wp-json\/wp\/v2\/posts"}],"about":[{"href":"https:\/\/www.ades-grenoble.org\/wordpress\/wp-json\/wp\/v2\/types\/post"}],"author":[{"embeddable":true,"href":"https:\/\/www.ades-grenoble.org\/wordpress\/wp-json\/wp\/v2\/users\/1"}],"replies":[{"embeddable":true,"href":"https:\/\/www.ades-grenoble.org\/wordpress\/wp-json\/wp\/v2\/comments?post=22664"}],"version-history":[{"count":1,"href":"https:\/\/www.ades-grenoble.org\/wordpress\/wp-json\/wp\/v2\/posts\/22664\/revisions"}],"predecessor-version":[{"id":22666,"href":"https:\/\/www.ades-grenoble.org\/wordpress\/wp-json\/wp\/v2\/posts\/22664\/revisions\/22666"}],"wp:attachment":[{"href":"https:\/\/www.ades-grenoble.org\/wordpress\/wp-json\/wp\/v2\/media?parent=22664"}],"wp:term":[{"taxonomy":"category","embeddable":true,"href":"https:\/\/www.ades-grenoble.org\/wordpress\/wp-json\/wp\/v2\/categories?post=22664"},{"taxonomy":"post_tag","embeddable":true,"href":"https:\/\/www.ades-grenoble.org\/wordpress\/wp-json\/wp\/v2\/tags?post=22664"}],"curies":[{"name":"wp","href":"https:\/\/api.w.org\/{rel}","templated":true}]}}