{"id":22710,"date":"2024-01-26T14:33:07","date_gmt":"2024-01-26T13:33:07","guid":{"rendered":"https:\/\/www.ades-grenoble.org\/wordpress\/?p=22710"},"modified":"2024-01-26T14:45:35","modified_gmt":"2024-01-26T13:45:35","slug":"nouvel-echec-pour-le-projet-inspira-et-nouvelle-confirmation-pour-la-commission-denquete-publique","status":"publish","type":"post","link":"https:\/\/www.ades-grenoble.org\/wordpress\/2024\/01\/26\/nouvel-echec-pour-le-projet-inspira-et-nouvelle-confirmation-pour-la-commission-denquete-publique\/","title":{"rendered":"Nouvel \u00e9chec pour le projet Inspira et nouvelle confirmation pour la commission d\u2019enqu\u00eate publique"},"content":{"rendered":"<div class=\"wp-block-image is-style-default\">\n<figure class=\"alignleft size-full\"><img loading=\"lazy\" decoding=\"async\" width=\"400\" height=\"118\" src=\"https:\/\/www.ades-grenoble.org\/wordpress\/wp-content\/uploads\/2019\/02\/inspira.jpg\" alt=\"\" class=\"wp-image-15282\" srcset=\"https:\/\/www.ades-grenoble.org\/wordpress\/wp-content\/uploads\/2019\/02\/inspira.jpg 400w, https:\/\/www.ades-grenoble.org\/wordpress\/wp-content\/uploads\/2019\/02\/inspira-150x44.jpg 150w, https:\/\/www.ades-grenoble.org\/wordpress\/wp-content\/uploads\/2019\/02\/inspira-300x89.jpg 300w\" sizes=\"auto, (max-width: 400px) 100vw, 400px\" \/><\/figure>\n<\/div>\n\n\n<p>Apr\u00e8s <a href=\"https:\/\/www.ades-grenoble.org\/wordpress\/2023\/01\/28\/le-projet-inspira-un-projet-decidement-incompatible-avec-lenvironnement\/\" data-type=\"link\" data-id=\"https:\/\/www.ades-grenoble.org\/wordpress\/2023\/01\/28\/le-projet-inspira-un-projet-decidement-incompatible-avec-lenvironnement\/\">la double annulation de l\u2019autorisation environnementale unique et de la DUP du projet Inspira au nord Is\u00e8re<\/a>, la cour administrative d\u2019appel de Lyon vient de confirmer l\u2019annulation de l\u2019autorisation unique, par <a href=\"https:\/\/vivreactu.files.wordpress.com\/2024\/01\/2024-01-23-jugement-ca-lyon-1.pdf\" data-type=\"link\" data-id=\"https:\/\/vivreactu.files.wordpress.com\/2024\/01\/2024-01-23-jugement-ca-lyon-1.pdf\">un arr\u00eat en date du 24 janvier 2024<\/a><strong>.<\/strong> On se rappelle que la commission d\u2019enqu\u00eate avait rendu un avis d\u00e9favorable s\u00e9v\u00e8re mais tr\u00e8s argument\u00e9, le 27 juillet 2018\u00a0; ce qui avait valu quelques mois plus tard <a href=\"https:\/\/www.ades-grenoble.org\/wordpress\/2019\/11\/08\/affaire-inspira-et-radiation-du-commissaire-enqueteur-ullmann-le-tribunal-administratif-met-en-demeure-le-prefet-de-lisere\/\" data-type=\"link\" data-id=\"https:\/\/www.ades-grenoble.org\/wordpress\/2019\/11\/08\/affaire-inspira-et-radiation-du-commissaire-enqueteur-ullmann-le-tribunal-administratif-met-en-demeure-le-prefet-de-lisere\/\">la radiation de son pr\u00e9sident, Gabriel Ullmann, \u00e0 la demande du pr\u00e9fet de l\u2019Is\u00e8re<\/a> le m\u00eame qui a, au m\u00eame moment, autoris\u00e9 irr\u00e9guli\u00e8rement le projet.<\/p>\n\n\n\n<p>La cour confirme en tous points le jugement du tribunal administratif de Grenoble, \u00e0 savoir d\u2019une part que l\u2019arr\u00eat\u00e9 du 19 d\u00e9cembre 2018 n\u2019\u00e9tait pas de nature \u00e0 r\u00e9pondre \u00e0 l\u2019ensemble des besoins en eau des nouvelles entreprises qui viendront s\u2019implanter sur la ZAC, apr\u00e8s avoir rappel\u00e9 l\u2019ampleur du projet et les nouveaux besoins en eau qu\u2019il g\u00e9n\u00e8re, \u00e9valu\u00e9s \u00e0 80 000 m3 \/jour.<\/p>\n\n\n\n<p>D\u2019autre part, outre l\u2019insuffisance d\u2019\u00e9tude des effets des mesures prescrites pour l\u2019implantation des entreprises et de l\u2019incidence des pr\u00e9l\u00e8vements, le projet, compte tenu de son ampleur et de sa situation, n\u2019\u00e9tait pas compatible avec les r\u00e8gles de non-d\u00e9gradation des milieux aquatiques et avec la prise en compte de la disponibilit\u00e9 de la ressource en eau.<\/p>\n\n\n\n<!--more-->\n\n\n\n<p>La cour, tout comme le tribunal, confirme m\u00eame que la situation est telle, que, quelles que soient les nouvelles dispositions propos\u00e9es par le pr\u00e9fet de l\u2019Is\u00e8re, elle ne pouvait pas \u00eatre r\u00e9gularis\u00e9e.<\/p>\n\n\n\n<p>Pour asseoir sa d\u00e9cision, la cour s\u2019est fond\u00e9e notamment, \u00e0 deux reprises, sur les conclusions de la commission d\u2019enqu\u00eate. Ainsi la cour souligne que la commission avait mis au jour <em>\u00ab&nbsp;les incertitudes importantes et r\u00e9currentes quant au volume des pr\u00e9l\u00e8vements industriels r\u00e9alis\u00e9s, et le caract\u00e8re inacceptable du pr\u00e9l\u00e8vement indirect de 10 000 m3 \/jour via le r\u00e9seau d\u2019eau potable, qui est source d\u2019aggravation du d\u00e9ficit quantitatif de la nappe du Rh\u00f4ne court-circuit\u00e9&nbsp;\u00bb.<\/em><\/p>\n\n\n\n<p>Elle r\u00e9it\u00e8re en rappelant qu\u2019<em>\u00ab&nbsp;il ressort \u00e9galement du rapport d\u2019enqu\u00eate publique que la commission avait d\u00e9j\u00e0 soulign\u00e9 les incertitudes importantes affectant les donn\u00e9es, relatives aux volumes de pr\u00e9l\u00e8vements industriels r\u00e9alis\u00e9s, livr\u00e9es par les acteurs d\u00e9j\u00e0 pr\u00e9sents sur le site&nbsp;\u00bb.<\/em> C\u2019est encore un malheureux exemple d\u2019un aveuglement, qui a voulu faire fi des alertes de l\u2019autorit\u00e9 environnementale, puis de la commission d\u2019enqu\u00eate. Vouloir casser le thermom\u00e8tre n\u2019\u00e9teint pas la fi\u00e8vre, mais fait prosp\u00e9rer les maux\u2026<\/p>\n","protected":false},"excerpt":{"rendered":"<p>Apr\u00e8s la double annulation de l\u2019autorisation environnementale unique et de la DUP du projet Inspira au nord Is\u00e8re, la cour administrative d\u2019appel de Lyon vient de confirmer l\u2019annulation de l\u2019autorisation unique, par un arr\u00eat en date du 24 janvier 2024. On se rappelle que la commission d\u2019enqu\u00eate avait rendu un avis d\u00e9favorable s\u00e9v\u00e8re mais tr\u00e8s [&hellip;]<\/p>\n","protected":false},"author":1,"featured_media":0,"comment_status":"closed","ping_status":"open","sticky":false,"template":"","format":"standard","meta":{"twitterCardType":"","cardImageID":0,"cardImage":"","cardTitle":"","cardDesc":"","cardImageAlt":"","cardPlayer":"","cardPlayerWidth":0,"cardPlayerHeight":0,"cardPlayerStream":"","cardPlayerCodec":"","footnotes":""},"categories":[62,11],"tags":[39,52,392],"class_list":["post-22710","post","type-post","status-publish","format-standard","hentry","category-le-rouge-le-vert-hebdo","category-politique-locale","tag-enquetes-publiques","tag-justice-administrative","tag-prefecture"],"_links":{"self":[{"href":"https:\/\/www.ades-grenoble.org\/wordpress\/wp-json\/wp\/v2\/posts\/22710","targetHints":{"allow":["GET"]}}],"collection":[{"href":"https:\/\/www.ades-grenoble.org\/wordpress\/wp-json\/wp\/v2\/posts"}],"about":[{"href":"https:\/\/www.ades-grenoble.org\/wordpress\/wp-json\/wp\/v2\/types\/post"}],"author":[{"embeddable":true,"href":"https:\/\/www.ades-grenoble.org\/wordpress\/wp-json\/wp\/v2\/users\/1"}],"replies":[{"embeddable":true,"href":"https:\/\/www.ades-grenoble.org\/wordpress\/wp-json\/wp\/v2\/comments?post=22710"}],"version-history":[{"count":1,"href":"https:\/\/www.ades-grenoble.org\/wordpress\/wp-json\/wp\/v2\/posts\/22710\/revisions"}],"predecessor-version":[{"id":22711,"href":"https:\/\/www.ades-grenoble.org\/wordpress\/wp-json\/wp\/v2\/posts\/22710\/revisions\/22711"}],"wp:attachment":[{"href":"https:\/\/www.ades-grenoble.org\/wordpress\/wp-json\/wp\/v2\/media?parent=22710"}],"wp:term":[{"taxonomy":"category","embeddable":true,"href":"https:\/\/www.ades-grenoble.org\/wordpress\/wp-json\/wp\/v2\/categories?post=22710"},{"taxonomy":"post_tag","embeddable":true,"href":"https:\/\/www.ades-grenoble.org\/wordpress\/wp-json\/wp\/v2\/tags?post=22710"}],"curies":[{"name":"wp","href":"https:\/\/api.w.org\/{rel}","templated":true}]}}