{"id":22714,"date":"2024-01-26T14:43:16","date_gmt":"2024-01-26T13:43:16","guid":{"rendered":"https:\/\/www.ades-grenoble.org\/wordpress\/?p=22714"},"modified":"2024-01-26T14:45:51","modified_gmt":"2024-01-26T13:45:51","slug":"loi-immigration-le-conseil-constitutionnel-fait-la-lecon-a-celles-et-ceux-qui-lavaient-votee","status":"publish","type":"post","link":"https:\/\/www.ades-grenoble.org\/wordpress\/2024\/01\/26\/loi-immigration-le-conseil-constitutionnel-fait-la-lecon-a-celles-et-ceux-qui-lavaient-votee\/","title":{"rendered":"Loi immigration, le Conseil constitutionnel fait la le\u00e7on \u00e0 celles et ceux qui l\u2019avaient vot\u00e9e"},"content":{"rendered":"<div class=\"wp-block-image is-style-default\">\n<figure class=\"alignleft size-full\"><img loading=\"lazy\" decoding=\"async\" width=\"250\" height=\"136\" src=\"https:\/\/www.ades-grenoble.org\/wordpress\/wp-content\/uploads\/2015\/01\/conseilconstitutionnel.jpg\" alt=\"\" class=\"wp-image-9661\" srcset=\"https:\/\/www.ades-grenoble.org\/wordpress\/wp-content\/uploads\/2015\/01\/conseilconstitutionnel.jpg 250w, https:\/\/www.ades-grenoble.org\/wordpress\/wp-content\/uploads\/2015\/01\/conseilconstitutionnel-150x82.jpg 150w\" sizes=\"auto, (max-width: 250px) 100vw, 250px\" \/><\/figure>\n<\/div>\n\n\n<p>Le 25 janvier 2024, le Conseil constitutionnel a donn\u00e9 une le\u00e7on de droit aux parlementaires macronistes, de droite et d\u2019extr\u00eame droite qui avaient vot\u00e9 la loi immigration de Darmanin qui r\u00e9jouissait l\u2019extr\u00eame droite. Pour faire la loi il faut respecter les r\u00e8gles impos\u00e9es par la Constitution.<\/p>\n\n\n\n<p>Des articles tr\u00e8s choquants sont annul\u00e9s notamment pour des raisons de proc\u00e9dure et il ne faudrait pas qu\u2019ils r\u00e9apparaissent dans d\u2019autres lois sp\u00e9cifiques. La vigilance doit donc rester de mise. Il y a tout de m\u00eame des durcissements qui sont valid\u00e9s notamment la g\u00e9n\u00e9ralisation du juge unique \u00e0 la CNDA (Cour Nationale du Droit d\u2019Asile) et la possibilit\u00e9 de prononcer une OQTF (obligation de quitter le territoire fran\u00e7ais) contre certaines cat\u00e9gories jusqu\u2019alors prot\u00e9g\u00e9es (parent d\u2019enfant fran\u00e7ais, conjoint de Fran\u00e7ais\u2026)<\/p>\n\n\n\n<p>L\u2019offensive du RN et de LR pour changer la Constitution repart de plus belle, il est \u00e0 craindre que la campagne des europ\u00e9enne soit envahie par ces questions qui visent \u00e0 d\u00e9truire notre Etat de Droit.<\/p>\n\n\n\n<p>Pour lire la d\u00e9cision du Conseil constitutionnel\u00a0voir <a href=\"https:\/\/www.conseil-constitutionnel.fr\/decision\/2024\/2023863DC.htm\" data-type=\"link\" data-id=\"https:\/\/www.conseil-constitutionnel.fr\/decision\/2024\/2023863DC.htm\">ici<\/a>.<\/p>\n","protected":false},"excerpt":{"rendered":"<p>Le 25 janvier 2024, le Conseil constitutionnel a donn\u00e9 une le\u00e7on de droit aux parlementaires macronistes, de droite et d\u2019extr\u00eame droite qui avaient vot\u00e9 la loi immigration de Darmanin qui r\u00e9jouissait l\u2019extr\u00eame droite. Pour faire la loi il faut respecter les r\u00e8gles impos\u00e9es par la Constitution. Des articles tr\u00e8s choquants sont annul\u00e9s notamment pour des [&hellip;]<\/p>\n","protected":false},"author":1,"featured_media":0,"comment_status":"closed","ping_status":"open","sticky":false,"template":"","format":"standard","meta":{"twitterCardType":"","cardImageID":0,"cardImage":"","cardTitle":"","cardDesc":"","cardImageAlt":"","cardPlayer":"","cardPlayerWidth":0,"cardPlayerHeight":0,"cardPlayerStream":"","cardPlayerCodec":"","footnotes":""},"categories":[62,11],"tags":[259,192,247],"class_list":["post-22714","post","type-post","status-publish","format-standard","hentry","category-le-rouge-le-vert-hebdo","category-politique-locale","tag-constitution","tag-immigration","tag-parlement"],"_links":{"self":[{"href":"https:\/\/www.ades-grenoble.org\/wordpress\/wp-json\/wp\/v2\/posts\/22714","targetHints":{"allow":["GET"]}}],"collection":[{"href":"https:\/\/www.ades-grenoble.org\/wordpress\/wp-json\/wp\/v2\/posts"}],"about":[{"href":"https:\/\/www.ades-grenoble.org\/wordpress\/wp-json\/wp\/v2\/types\/post"}],"author":[{"embeddable":true,"href":"https:\/\/www.ades-grenoble.org\/wordpress\/wp-json\/wp\/v2\/users\/1"}],"replies":[{"embeddable":true,"href":"https:\/\/www.ades-grenoble.org\/wordpress\/wp-json\/wp\/v2\/comments?post=22714"}],"version-history":[{"count":1,"href":"https:\/\/www.ades-grenoble.org\/wordpress\/wp-json\/wp\/v2\/posts\/22714\/revisions"}],"predecessor-version":[{"id":22715,"href":"https:\/\/www.ades-grenoble.org\/wordpress\/wp-json\/wp\/v2\/posts\/22714\/revisions\/22715"}],"wp:attachment":[{"href":"https:\/\/www.ades-grenoble.org\/wordpress\/wp-json\/wp\/v2\/media?parent=22714"}],"wp:term":[{"taxonomy":"category","embeddable":true,"href":"https:\/\/www.ades-grenoble.org\/wordpress\/wp-json\/wp\/v2\/categories?post=22714"},{"taxonomy":"post_tag","embeddable":true,"href":"https:\/\/www.ades-grenoble.org\/wordpress\/wp-json\/wp\/v2\/tags?post=22714"}],"curies":[{"name":"wp","href":"https:\/\/api.w.org\/{rel}","templated":true}]}}