{"id":22720,"date":"2024-02-01T14:53:00","date_gmt":"2024-02-01T13:53:00","guid":{"rendered":"https:\/\/www.ades-grenoble.org\/wordpress\/?p=22720"},"modified":"2024-02-02T07:00:27","modified_gmt":"2024-02-02T06:00:27","slug":"diverses-actualites-154","status":"publish","type":"post","link":"https:\/\/www.ades-grenoble.org\/wordpress\/2024\/02\/01\/diverses-actualites-154\/","title":{"rendered":"Diverses actualit\u00e9s"},"content":{"rendered":"<div class=\"wp-block-image is-style-default\">\n<figure class=\"alignleft size-full\"><img loading=\"lazy\" decoding=\"async\" width=\"400\" height=\"222\" src=\"https:\/\/www.ades-grenoble.org\/wordpress\/wp-content\/uploads\/2020\/11\/crieur.jpg\" alt=\"\" class=\"wp-image-18106\" srcset=\"https:\/\/www.ades-grenoble.org\/wordpress\/wp-content\/uploads\/2020\/11\/crieur.jpg 400w, https:\/\/www.ades-grenoble.org\/wordpress\/wp-content\/uploads\/2020\/11\/crieur-150x83.jpg 150w, https:\/\/www.ades-grenoble.org\/wordpress\/wp-content\/uploads\/2020\/11\/crieur-300x167.jpg 300w\" sizes=\"auto, (max-width: 400px) 100vw, 400px\" \/><\/figure>\n<\/div>\n\n\n<p><strong>Campagne d\u2019inscription scolaire pour la rentr\u00e9e 2024 \u00e0 Grenoble :<\/strong> du lundi 29 janvier au vendredi 26 avril 2024. <a href=\"https:\/\/www.grenoble.fr\/956-inscriptions-scolaires.htm\" data-type=\"link\" data-id=\"https:\/\/www.grenoble.fr\/956-inscriptions-scolaires.htm\">L&rsquo;inscription aupr\u00e8s de la Mairie<\/a> est une \u00e9tape obligatoire avant de se rendre \u00e0 l&rsquo;\u00e9cole. Elle concerne les enfants qui : sont n\u00e9s en 2021\u00a0; arrivent \u00e0 Grenoble \u00e0 la rentr\u00e9e ou en cours d\u2019ann\u00e9e\u00a0; apr\u00e8s un d\u00e9m\u00e9nagement intra Grenoble, souhaitent int\u00e9grer la nouvelle \u00e9cole de secteur\u00a0; souhaitent int\u00e9grer une \u00e9cole publique apr\u00e8s une scolarisation dans le priv\u00e9 ou \u00e0 domicile\u00a0; sont n\u00e9s en 2022 (entre le 1er janvier et le 31 ao\u00fbt 2022). Scolarisation sous conditions en toute petite section. Uniquement pour les \u00e9coles suivantes : Anatole France, Alphonse Daudet, Beauvert, Grand Ch\u00e2telet, Jean Racine, Jules Ferry, L\u00e9on Jouhaux, Les Buttes, La Fontaine, Les Fr\u00eanes, Le Lac, Marie Reynoard, Le Verderet.<\/p>\n\n\n\n<hr class=\"wp-block-separator has-alpha-channel-opacity\"\/>\n\n\n\n<p><strong>Lutte contre l\u2019habitat indigne : Grenoble adopte le permis de louer.<\/strong> Le 27 juin 2022, la Ville a adopt\u00e9 <a href=\"https:\/\/www.grenoble.fr\/uploads\/Externe\/b1\/1837_266_DP-Permis-de-louer-BD.pdf\" data-type=\"link\" data-id=\"https:\/\/www.grenoble.fr\/uploads\/Externe\/b1\/1837_266_DP-Permis-de-louer-BD.pdf\">une d\u00e9lib\u00e9ration cadre sur le logement<\/a>. Parmi les axes majeurs d\u2019actions figuraient la lutte contre l\u2019habitat indigne et la pr\u00e9vention du mal-logement. \u00c0 Grenoble, 1823 logements du parc priv\u00e9, soit 2,6 % (5,4 % \u00e0 l\u2019\u00e9chelle du D\u00e9partement), seraient potentiellement indignes. Apr\u00e8s avoir obtenu en 2019, l\u2019habilitation au rep\u00e9rage des logements non-d\u00e9cents, la Ville va mettre en place un nouvel outil : le permis de louer. Une d\u00e9lib\u00e9ration en ce sens sera pr\u00e9sent\u00e9e au prochain conseil municipal.<\/p>\n\n\n\n<hr class=\"wp-block-separator has-alpha-channel-opacity\"\/>\n\n\n\n<p><strong>Pr\u00e9venir et lutter contre les violences sexistes et sexuelles dans le sport. <\/strong>Le 13 mars 2023, la Ville de Grenoble a adopt\u00e9 <a href=\"https:\/\/www.grenoble.fr\/uploads\/Externe\/db\/1836_145_DP-Plan-de-prevention-et-de-lutte-contre-les-VSS-dans-le-sport-BD.pdf\" data-type=\"link\" data-id=\"https:\/\/www.grenoble.fr\/uploads\/Externe\/db\/1836_145_DP-Plan-de-prevention-et-de-lutte-contre-les-VSS-dans-le-sport-BD.pdf\">une d\u00e9lib\u00e9ration affirmant les priorit\u00e9s de la politique sportive \u00e0 Grenoble<\/a>. Parmi lesquelles : la pr\u00e9vention et la lutte contre les violences sexistes et sexuelles dans le milieu sportif.Au conseil municipal du 5 f\u00e9vrier seront pr\u00e9sent\u00e9es 3 d\u00e9lib\u00e9rations visant \u00e0 mettre en \u0153uvre les priorit\u00e9s municipales avec la r\u00e9vision des modalit\u00e9s de subvention, l\u2019\u00e9volution de la composition du comit\u00e9 d\u2019avis des subventions et un plan de pr\u00e9vention de lutte contre les violences sexistes et sexuelles dans le sport.<\/p>\n\n\n\n<!--more-->\n\n\n\n<hr class=\"wp-block-separator has-alpha-channel-opacity\"\/>\n\n\n\n<p><strong>29e rapport sur l&rsquo;\u00e9tat du mal-logement en France 2024. <a href=\"https:\/\/www.fondation-abbe-pierre.fr\/actualites\/29e-rapport-sur-letat-du-mal-logement-en-france-2024#telechargementreml2022\" data-type=\"link\" data-id=\"https:\/\/www.fondation-abbe-pierre.fr\/actualites\/29e-rapport-sur-letat-du-mal-logement-en-france-2024#telechargementreml2022\">Par la fondation abb\u00e9 Pierre<\/a><\/strong>. \u00a0Apr\u00e8s avoir \u00e9t\u00e9 annonc\u00e9e, la bombe sociale du logement est en train d\u2019exploser sous nos yeux et la crise du logement s\u2019acc\u00e9l\u00e8re de mani\u00e8re tr\u00e8s inqui\u00e9tante. Effondrement de la production de logements (dont la production de logements sociaux et tr\u00e8s sociaux), mobilit\u00e9 r\u00e9sidentielle en berne, hausse des taux d\u2019int\u00e9r\u00eat et des co\u00fbts des travaux, factures d\u2019\u00e9nergie insoutenables, rar\u00e9faction des terrains \u00e0 construire : de nombreux indicateurs sont au rouge, et laissent craindre que les effets sociaux de cette crise se fassent sentir pendant des ann\u00e9es. Pour les personnes mal log\u00e9es, dans un contexte de mont\u00e9e de la pauvret\u00e9 et des in\u00e9galit\u00e9s, cette r\u00e9alit\u00e9 prend un tour dramatique.<\/p>\n\n\n\n<hr class=\"wp-block-separator has-alpha-channel-opacity\"\/>\n\n\n\n<p><strong>Plusieurs producteurs d\u2019eau en bouteille ont filtr\u00e9 ill\u00e9galement leur eau pour masquer une contamination<\/strong>. Selon <a href=\"https:\/\/www.francetvinfo.fr\/enquetes-franceinfo\/enquete-franceinfo-plusieurs-producteurs-d-eau-en-bouteille-ont-filtre-illegalement-leur-eau-pour-masquer-une-contamination_6333046.html\" data-type=\"link\" data-id=\"https:\/\/www.francetvinfo.fr\/enquetes-franceinfo\/enquete-franceinfo-plusieurs-producteurs-d-eau-en-bouteille-ont-filtre-illegalement-leur-eau-pour-masquer-une-contamination_6333046.html\">une enqu\u00eate du \u00ab\u00a0Monde\u00a0\u00bb et de la cellule investigation de Radio France<\/a>, Nestl\u00e9 et d\u2019autres industriels ont cach\u00e9 au public que l\u2019eau qu\u2019ils pompaient \u00e9tait contamin\u00e9e. Pour continuer de la mettre en bouteille, ils ont eu recours \u00e0 des syst\u00e8mes de purification interdits. 30% des marques seraient concern\u00e9es.<\/p>\n\n\n\n<hr class=\"wp-block-separator has-alpha-channel-opacity\"\/>\n\n\n\n<p><strong>Bilan de la mission de conseil m\u00e9thodologique pour la construction d\u2019une Convention citoyenne m\u00e9tropolitaine pour le climat de Grenoble-Alpes-M\u00e9tropole. <\/strong><a href=\"https:\/\/www.debatpublic.fr\/convention-citoyenne-pour-le-climat-grenoble-510\" data-type=\"link\" data-id=\"https:\/\/www.debatpublic.fr\/convention-citoyenne-pour-le-climat-grenoble-510\">Lire sur le site de la CNDP (Commission nationale du d\u00e9bat public)<\/a> l&rsquo;avis m\u00e9thodologique final du garant rendu public le 19 janvier 2024. On y trouve de nombreuses r\u00e9flexions sur la difficult\u00e9 de r\u00e9aliser un \u00e9chantillon de petite taille qui soit repr\u00e9sentatif de la population de la M\u00e9tro. Ce bilan pr\u00e9cise un regret\u00a0: <em>\u00ab\u00a0Apr\u00e8s en avoir d\u00e9battu, le conseil m\u00e9tropolitain a adopt\u00e9 les d\u00e9lib\u00e9rations. Mais il n\u2019a pas jug\u00e9 n\u00e9cessaire de soumettre \u00e0 une consultation citoyenne (article L 5211-49 du Code g\u00e9n\u00e9ral des collectivit\u00e9s territoriales) la question de la gratuit\u00e9 des transports, seule mesure qui, parce que tr\u00e8s d\u00e9battue, aurait pu l\u2019\u00eatre au vu de la d\u00e9lib\u00e9ration du 29 janvier 2021 : celle-ci \u00e9tait inscrite comme objectif \u00e0 atteindre dans la \u00ab vision pour tendre vers un territoire neutre en carbone en 2050 \u00bb mais la proposition largement adopt\u00e9e indiquait simplement : \u00ab Tendre vers une gratuit\u00e9 des transports en commun progressive, en commen\u00e7ant par une phase de gratuit\u00e9 le week-end. \u00bb (action 3.7.1, p. 32 du rapport)<\/em>\u00a0\u00bb<\/p>\n\n\n\n<hr class=\"wp-block-separator has-alpha-channel-opacity\"\/>\n\n\n\n<p><strong>Le d\u00e9crochage des filles en math\u00e9matiques d\u00e8s le CP : une dynamique diffuse dans la soci\u00e9t\u00e9. <\/strong><a href=\"https:\/\/www.ipp.eu\/actualites\/le-decrochage-des-filles-en-mathematiques-des-le-cp-une-dynamique-diffuse-dans-la-societe\/\" data-type=\"link\" data-id=\"https:\/\/www.ipp.eu\/actualites\/le-decrochage-des-filles-en-mathematiques-des-le-cp-une-dynamique-diffuse-dans-la-societe\/\">Etude de l\u2019Institut des Politiques Publiques (IPP)<\/a>. En partenariat avec la Chaire Femmes et Science et \u00e0 l\u2019occasion de la conf\u00e9rence annuelle de la chaire ce mercredi 24 janvier, l\u2019IPP publie une nouvelle \u00e9tude sur la question des in\u00e9galit\u00e9s de genre dans les mati\u00e8res, fili\u00e8res et m\u00e9tiers \u00e0 caract\u00e8re scientifique. Cette note s\u2019int\u00e9resse plus particuli\u00e8rement au d\u00e9crochage des filles en math\u00e9matiques d\u00e8s le CP. En effet, bien qu\u2019elles aient le m\u00eame niveau que les gar\u00e7ons en math\u00e9matiques \u00e0 leur arriv\u00e9e en d\u00e9but de cours pr\u00e9paratoire, les filles d\u00e9crochent d\u00e8s le milieu de cette premi\u00e8re ann\u00e9e d\u2019\u00e9cole primaire. Ce d\u00e9crochage est amplifi\u00e9 en d\u00e9but de CE1. Dans cette \u00e9tude, les auteurs cherchent \u00e0 caract\u00e9riser les d\u00e9crocheuses et \u00e0 mesurer les contributions respectives du milieu familial et de la scolarisation pour expliquer l\u2019\u00e9mergence de ces \u00e9carts. Ils observent que ce d\u00e9crochage se produit sur l\u2019ensemble du territoire, dans tous les types d\u2019\u00e9coles et dans tous les milieux familiaux.<\/p>\n\n\n\n<hr class=\"wp-block-separator has-alpha-channel-opacity\"\/>\n\n\n\n<p><strong>Incarc\u00e9rations de longue dur\u00e9e et atteintes aux droits. <\/strong><a href=\"https:\/\/www.cglpl.fr\/2024\/incarcerations-de-longue-duree-et-atteintes-aux-droits\/\" data-type=\"link\" data-id=\"https:\/\/www.cglpl.fr\/2024\/incarcerations-de-longue-duree-et-atteintes-aux-droits\/\">Rapport du Contr\u00f4leur g\u00e9n\u00e9ral des lieux de privation de libert\u00e9<\/a>. Si les droits des personnes incarc\u00e9r\u00e9es pour de longues dur\u00e9es ne diff\u00e8rent pas de ceux reconnus pour l\u2019ensemble de la population d\u00e9tenue, le CGLPL observe que, lorsque l\u2019incarc\u00e9ration se prolonge, des atteintes sp\u00e9cifiques aux droits \u00e9mergent. La \u00ab longue peine \u00bb est alternativement le temps qui rend d\u00e9finitivement d\u00e9tenu, celui qui d\u00e9sins\u00e8re, qui rompt les liens sociaux et familiaux. L\u2019appr\u00e9ciation de ce temps varie selon une multitude de facteurs : \u00e2ge, \u00e9tat de sant\u00e9, situation familiale, infraction commise, parcours de vie et ressources de chacun. Les r\u00e9actions \u00e0 l\u2019enfermement sont aussi diverses que les individus concern\u00e9s. Tous partageront n\u00e9anmoins une existence commune. Les trajectoires carc\u00e9rales singuli\u00e8res d\u00e9crites dans ce rapport obligent \u00e0 interroger la mise en \u0153uvre concr\u00e8te de la \u00ab longue peine \u00bb comme principale r\u00e9ponse donn\u00e9e aux infractions les plus graves. Tous les condamn\u00e9s ont vocation \u00e0 \u00eatre lib\u00e9r\u00e9s un jour, m\u00eame tr\u00e8s lointain : il convient de se pr\u00e9occuper, tout au long de l\u2019ex\u00e9cution de ces peines, des conditions dans lesquelles les individus sont pris en charge et leur sortie pr\u00e9par\u00e9e.<\/p>\n\n\n\n<hr class=\"wp-block-separator has-alpha-channel-opacity\"\/>\n\n\n\n<p><strong><a href=\"https:\/\/www.legifrance.gouv.fr\/jorf\/id\/JORFTEXT000049010414\" data-type=\"link\" data-id=\"https:\/\/www.legifrance.gouv.fr\/jorf\/id\/JORFTEXT000049010414\">D\u00e9cret n\u00b0 2024-33 du 24 janvier 2024 <\/a>relatif aux eaux r\u00e9utilis\u00e9es dans les entreprises du secteur alimentaire<\/strong> et portant diverses dispositions relatives \u00e0 la s\u00e9curit\u00e9 sanitaire des eaux destin\u00e9es \u00e0 la consommation humaine. Le d\u00e9cret d\u00e9finit les conditions requises pour la production et l&rsquo;usage d&rsquo;eaux r\u00e9utilis\u00e9es en vue de la pr\u00e9paration et la conservation de toutes denr\u00e9es et marchandises destin\u00e9es \u00e0 l&rsquo;alimentation humaine y compris dans l&rsquo;environnement de production. Il pr\u00e9cise notamment les cat\u00e9gories d&rsquo;usages possibles, la proc\u00e9dure d&rsquo;autorisation des projets de production d&rsquo;eau us\u00e9e trait\u00e9e recycl\u00e9e (le contenu de l&rsquo;arr\u00eat\u00e9 pr\u00e9fectoral d&rsquo;autorisation) et les modalit\u00e9s de surveillance \u00e0 mettre en place pour s&rsquo;assurer que la production et l&rsquo;utilisation des eaux r\u00e9utilis\u00e9es sont compatibles avec les imp\u00e9ratifs en mati\u00e8re de s\u00e9curit\u00e9 sanitaire des aliments.<\/p>\n\n\n\n<hr class=\"wp-block-separator has-alpha-channel-opacity\"\/>\n\n\n\n<p><strong>La modernisation de l\u2019\u00c9tat : des m\u00e9thodes renouvel\u00e9es, une ambition limit\u00e9e<\/strong>. La Cour des comptes a r\u00e9alis\u00e9 <a href=\"https:\/\/www.ccomptes.fr\/fr\/publications\/la-modernisation-de-letat-des-methodes-renouvelees-une-ambition-limitee\" data-type=\"link\" data-id=\"https:\/\/www.ccomptes.fr\/fr\/publications\/la-modernisation-de-letat-des-methodes-renouvelees-une-ambition-limitee\">une enqu\u00eate sur les d\u00e9marches de modernisation engag\u00e9es au cours des cinq derni\u00e8res ann\u00e9es<\/a>, \u00e0 la suite du plan de transformation \u00ab Action publique 2022 \u00bb. L\u2019ambition initiale a laiss\u00e9 rapidement la place \u00e0 des initiatives plus dispers\u00e9es et l\u2019objectif de recherche d\u2019\u00e9conomies budg\u00e9taires a \u00e9t\u00e9 rel\u00e9gu\u00e9 au second plan, sous l\u2019effet cumul\u00e9 des crises sociales (gilets jaunes), sanitaires (Covid-19) et \u00e9nerg\u00e9tique (guerre en Ukraine).<\/p>\n\n\n\n<hr class=\"wp-block-separator has-alpha-channel-opacity\"\/>\n\n\n\n<p><strong>VSA et Jeux Olympiques\u00a0: <a href=\"https:\/\/www.laquadrature.net\/2024\/01\/26\/vsa-et-jeux-olympiques-coup-denvoi-pour-les-entreprises-de-surveillance\/\" data-type=\"link\" data-id=\"https:\/\/www.laquadrature.net\/2024\/01\/26\/vsa-et-jeux-olympiques-coup-denvoi-pour-les-entreprises-de-surveillance\/\">Coup d\u2019envoi pour les entreprises de surveillance<\/a>. <\/strong>Apr\u00e8s des mois d\u2019attente, les entreprises charg\u00e9es de mettre en place la vid\u00e9osurveillance algorithmique dans le cadre de la loi Jeux Olympiques ont \u00e9t\u00e9 d\u00e9sign\u00e9es. Sans grande surprise, il s\u2019agit de soci\u00e9t\u00e9s s\u2019\u00e9tant ins\u00e9r\u00e9es depuis plusieurs ann\u00e9es dans le march\u00e9 de cette technologie ou entretenant de bonnes relations avec l\u2019\u00c9tat. Les \u00ab\u00a0exp\u00e9rimentations\u00a0\u00bb vont donc commencer tr\u00e8s prochainement. La Quadrature du net les attend au tournant.<\/p>\n\n\n\n<hr class=\"wp-block-separator has-alpha-channel-opacity\"\/>\n\n\n\n<p><strong>Construction en zone inondable en renouvellement urbain : des recommandations pour les porteurs de projet<\/strong>.\u00a0Le Cerema a r\u00e9alis\u00e9 <a href=\"https:\/\/www.cerema.fr\/fr\/actualites\/construction-zone-inondable-renouvellement-urbain\" data-type=\"link\" data-id=\"https:\/\/www.cerema.fr\/fr\/actualites\/construction-zone-inondable-renouvellement-urbain\">une note destin\u00e9e aux collectivit\u00e9s et services de l\u2019Etat <\/a>pour pr\u00e9ciser les modalit\u00e9s de mise en \u0153uvre de la r\u00e9glementation autorisant les constructions dans les zones inondables lors d\u2019op\u00e9rations de renouvellement urbain, en particulier l\u2019\u00e9valuation de la r\u00e9duction de la vuln\u00e9rabilit\u00e9. Depuis 2019, les plans de pr\u00e9vention des risques d\u2019inondations (PPRI) peuvent autoriser la construction dans des zones urbanis\u00e9es expos\u00e9es \u00e0 un al\u00e9a fort \u00e0 tr\u00e8s fort, dans le cadre d\u2019op\u00e9rations de renouvellement urbain avec r\u00e9duction de la vuln\u00e9rabilit\u00e9.<\/p>\n\n\n\n<hr class=\"wp-block-separator has-alpha-channel-opacity\"\/>\n\n\n\n<p><strong>Attractivit\u00e9 &amp; r\u00e9silience des m\u00e9tropoles &#8211; Transition des territoires<\/strong>. C\u2019est le titre du <a href=\"https:\/\/www.arthur-loyd.com\/barometre-7eme-edition\" data-type=\"link\" data-id=\"https:\/\/www.arthur-loyd.com\/barometre-7eme-edition\">7\u00e8me Barom\u00e8tre d\u2019Artur Loyd<\/a> (conseil en immobilier d\u2019entreprise) qui constate un retour gagnant des m\u00e9tropoles dans la g\u00e9ographie des cr\u00e9ations d\u2019emplois en France, loin de \u00ab\u00a0l\u2019effet Covid\u00a0\u00bb souvent mis en exergue ces derni\u00e8res ann\u00e9es. Les grandes m\u00e9tropoles tirent leur \u00e9pingle du jeu et concentrent d\u00e9sormais l\u2019essentiel des cr\u00e9ations nettes. Il classe les m\u00e9tropoles et agglom\u00e9rations les plus attractives &amp; r\u00e9silientes. Dans la tranche de 500\u00a0000 \u00e0 1million d\u2019habitants, Grenoble se retrouve 3<sup>\u00e8me<\/sup> derri\u00e8re Rennes et Montpellier.<\/p>\n","protected":false},"excerpt":{"rendered":"<p>Campagne d\u2019inscription scolaire pour la rentr\u00e9e 2024 \u00e0 Grenoble : du lundi 29 janvier au vendredi 26 avril 2024. L&rsquo;inscription aupr\u00e8s de la Mairie est une \u00e9tape obligatoire avant de se rendre \u00e0 l&rsquo;\u00e9cole. Elle concerne les enfants qui : sont n\u00e9s en 2021\u00a0; arrivent \u00e0 Grenoble \u00e0 la rentr\u00e9e ou en cours d\u2019ann\u00e9e\u00a0; apr\u00e8s [&hellip;]<\/p>\n","protected":false},"author":1,"featured_media":0,"comment_status":"closed","ping_status":"open","sticky":false,"template":"","format":"standard","meta":{"twitterCardType":"","cardImageID":0,"cardImage":"","cardTitle":"","cardDesc":"","cardImageAlt":"","cardPlayer":"","cardPlayerWidth":0,"cardPlayerHeight":0,"cardPlayerStream":"","cardPlayerCodec":"","footnotes":""},"categories":[62,11],"tags":[40,215,281,73],"class_list":["post-22720","post","type-post","status-publish","format-standard","hentry","category-le-rouge-le-vert-hebdo","category-politique-locale","tag-education","tag-grenoble","tag-habitat","tag-sports"],"_links":{"self":[{"href":"https:\/\/www.ades-grenoble.org\/wordpress\/wp-json\/wp\/v2\/posts\/22720","targetHints":{"allow":["GET"]}}],"collection":[{"href":"https:\/\/www.ades-grenoble.org\/wordpress\/wp-json\/wp\/v2\/posts"}],"about":[{"href":"https:\/\/www.ades-grenoble.org\/wordpress\/wp-json\/wp\/v2\/types\/post"}],"author":[{"embeddable":true,"href":"https:\/\/www.ades-grenoble.org\/wordpress\/wp-json\/wp\/v2\/users\/1"}],"replies":[{"embeddable":true,"href":"https:\/\/www.ades-grenoble.org\/wordpress\/wp-json\/wp\/v2\/comments?post=22720"}],"version-history":[{"count":1,"href":"https:\/\/www.ades-grenoble.org\/wordpress\/wp-json\/wp\/v2\/posts\/22720\/revisions"}],"predecessor-version":[{"id":22721,"href":"https:\/\/www.ades-grenoble.org\/wordpress\/wp-json\/wp\/v2\/posts\/22720\/revisions\/22721"}],"wp:attachment":[{"href":"https:\/\/www.ades-grenoble.org\/wordpress\/wp-json\/wp\/v2\/media?parent=22720"}],"wp:term":[{"taxonomy":"category","embeddable":true,"href":"https:\/\/www.ades-grenoble.org\/wordpress\/wp-json\/wp\/v2\/categories?post=22720"},{"taxonomy":"post_tag","embeddable":true,"href":"https:\/\/www.ades-grenoble.org\/wordpress\/wp-json\/wp\/v2\/tags?post=22720"}],"curies":[{"name":"wp","href":"https:\/\/api.w.org\/{rel}","templated":true}]}}