{"id":22724,"date":"2024-02-01T15:05:51","date_gmt":"2024-02-01T14:05:51","guid":{"rendered":"https:\/\/www.ades-grenoble.org\/wordpress\/?p=22724"},"modified":"2024-02-02T07:00:00","modified_gmt":"2024-02-02T06:00:00","slug":"vulnerabilite-des-logements-au-risque-dinondation-dans-lagglomeration","status":"publish","type":"post","link":"https:\/\/www.ades-grenoble.org\/wordpress\/2024\/02\/01\/vulnerabilite-des-logements-au-risque-dinondation-dans-lagglomeration\/","title":{"rendered":"Vuln\u00e9rabilit\u00e9 des logements au risque d\u2019inondation dans l\u2019agglom\u00e9ration"},"content":{"rendered":"<div class=\"wp-block-image is-style-default\">\n<figure class=\"alignleft size-full\"><img loading=\"lazy\" decoding=\"async\" width=\"300\" height=\"97\" src=\"https:\/\/www.ades-grenoble.org\/wordpress\/wp-content\/uploads\/2015\/03\/logo-obsy.jpg\" alt=\"\" class=\"wp-image-9917\" srcset=\"https:\/\/www.ades-grenoble.org\/wordpress\/wp-content\/uploads\/2015\/03\/logo-obsy.jpg 300w, https:\/\/www.ades-grenoble.org\/wordpress\/wp-content\/uploads\/2015\/03\/logo-obsy-150x49.jpg 150w\" sizes=\"auto, (max-width: 300px) 100vw, 300px\" \/><\/figure>\n<\/div>\n\n\n<p>L\u2019histoire montre que le territoire grenoblois s\u2019est d\u00e9velopp\u00e9 dans les secteurs les moins expos\u00e9s aux risques, sur des points hauts, \u00e0 distance des grandes inondations, mais \u00e0 proximit\u00e9 des torrents. Au fil des si\u00e8cles et des ann\u00e9es, les besoins associ\u00e9s \u00e0 l\u2019activit\u00e9 agricole puis urbaine, p\u00e9riurbaine et industrielle ont peu \u00e0 peu colonis\u00e9 les vall\u00e9es inondables de l\u2019Is\u00e8re, du Drac et de la Romanche.<\/p>\n\n\n\n<p>Cette augmentation de l\u2019exposition s\u2019est doubl\u00e9e d\u2019une politique d\u2019endiguement, pas toujours suffisante face aux \u00e9pisodes m\u00e9t\u00e9orologiques les plus importants. Par cons\u00e9quent, la documentation des risques et le travail sur leur int\u00e9gration constituent l\u2019un des piliers de la strat\u00e9gie d\u2019am\u00e9nagement r\u00e9silient de la M\u00e9tropole.&nbsp;<\/p>\n\n\n\n<p>Le territoire de la M\u00e9tro est fortement expos\u00e9 aux risques naturels. Sa configuration alpine bien sp\u00e9cifique et la forte pr\u00e9sence de l\u2019eau placent le territoire m\u00e9tropolitain au rang des territoires urbanis\u00e9s les plus expos\u00e9s de France. Hormis les avalanches, relativement marginales et tr\u00e8s ponctuelles, il est soumis \u00e0 l\u2019ensemble des risques naturels de montagne et notamment aux risques d\u2019inondations de plaines et de crues torrentielles. Class\u00e9e territoire \u00e0\u00a0risque important d\u2019inondation, la m\u00e9tropole a historiquement \u00e9t\u00e9 contrainte de r\u00e9aliser de tr\u00e8s importants am\u00e9nagements de protection.<\/p>\n\n\n\n<!--more-->\n\n\n\n<ul class=\"wp-block-list\">\n<li>Le risque d\u2019inondation de plaine\u00a0concerne essentiellement les communes limitrophes des grands cours d\u2019eau, l\u2019urbanisation s\u2019\u00e9tant d\u00e9velopp\u00e9e sur les lits majeurs du Drac et de l\u2019Is\u00e8re notamment. Les syst\u00e8mes d\u2019endiguement ont permis de prot\u00e9ger les\u00a0constructions\u00a0mais impliquent attention et gestion constantes pour en garantir le bon \u00e9tat et l\u2019efficacit\u00e9.<\/li>\n<\/ul>\n\n\n\n<ul class=\"wp-block-list\">\n<li>Les crues des torrents de versants&nbsp;(ou crues dites torrentielles) sont plus soudaines. Elles transportent une charge solide, c\u2019est-\u00e0-dire des mat\u00e9riaux rocheux mesurant de quelques millim\u00e8tres \u00e0 plusieurs m\u00e8tres dans les cas extr\u00eames. Devant la rapidit\u00e9 de ce type de crues, les temps de r\u00e9action des populations sont extr\u00eamement courts. La pr\u00e9sence de constructions en bas de versant \u00e9tant importantes, la protection contre ce risque constitue une pr\u00e9occupation majeure.<\/li>\n<\/ul>\n\n\n\n<p>Ci-joint la carte indiquant la carte des logements particuli\u00e8rement expos\u00e9s\u00a0pr\u00e9sent\u00e9e par l&rsquo; <a href=\"https:\/\/www.obsy.fr\/\">Obs&rsquo;y R\u00e9seau des observatoires de la r\u00e9gion grenobloise (obsy.fr)<\/a><\/p>\n\n\n<div class=\"wp-block-image is-style-default\">\n<figure class=\"aligncenter size-large\"><img loading=\"lazy\" decoding=\"async\" width=\"662\" height=\"1024\" src=\"https:\/\/www.ades-grenoble.org\/wordpress\/wp-content\/uploads\/2024\/02\/RisqueInondation-662x1024.jpg\" alt=\"\" class=\"wp-image-22725\" srcset=\"https:\/\/www.ades-grenoble.org\/wordpress\/wp-content\/uploads\/2024\/02\/RisqueInondation-662x1024.jpg 662w, https:\/\/www.ades-grenoble.org\/wordpress\/wp-content\/uploads\/2024\/02\/RisqueInondation-194x300.jpg 194w, https:\/\/www.ades-grenoble.org\/wordpress\/wp-content\/uploads\/2024\/02\/RisqueInondation-97x150.jpg 97w, https:\/\/www.ades-grenoble.org\/wordpress\/wp-content\/uploads\/2024\/02\/RisqueInondation-768x1188.jpg 768w, https:\/\/www.ades-grenoble.org\/wordpress\/wp-content\/uploads\/2024\/02\/RisqueInondation-600x928.jpg 600w, https:\/\/www.ades-grenoble.org\/wordpress\/wp-content\/uploads\/2024\/02\/RisqueInondation.jpg 800w\" sizes=\"auto, (max-width: 662px) 100vw, 662px\" \/><\/figure>\n<\/div>","protected":false},"excerpt":{"rendered":"<p>L\u2019histoire montre que le territoire grenoblois s\u2019est d\u00e9velopp\u00e9 dans les secteurs les moins expos\u00e9s aux risques, sur des points hauts, \u00e0 distance des grandes inondations, mais \u00e0 proximit\u00e9 des torrents. Au fil des si\u00e8cles et des ann\u00e9es, les besoins associ\u00e9s \u00e0 l\u2019activit\u00e9 agricole puis urbaine, p\u00e9riurbaine et industrielle ont peu \u00e0 peu colonis\u00e9 les vall\u00e9es [&hellip;]<\/p>\n","protected":false},"author":1,"featured_media":0,"comment_status":"closed","ping_status":"open","sticky":false,"template":"","format":"standard","meta":{"twitterCardType":"","cardImageID":0,"cardImage":"","cardTitle":"","cardDesc":"","cardImageAlt":"","cardPlayer":"","cardPlayerWidth":0,"cardPlayerHeight":0,"cardPlayerStream":"","cardPlayerCodec":"","footnotes":""},"categories":[62,11],"tags":[210,280,118],"class_list":["post-22724","post","type-post","status-publish","format-standard","hentry","category-le-rouge-le-vert-hebdo","category-politique-locale","tag-inondation","tag-metropole","tag-risques-majeurs"],"_links":{"self":[{"href":"https:\/\/www.ades-grenoble.org\/wordpress\/wp-json\/wp\/v2\/posts\/22724","targetHints":{"allow":["GET"]}}],"collection":[{"href":"https:\/\/www.ades-grenoble.org\/wordpress\/wp-json\/wp\/v2\/posts"}],"about":[{"href":"https:\/\/www.ades-grenoble.org\/wordpress\/wp-json\/wp\/v2\/types\/post"}],"author":[{"embeddable":true,"href":"https:\/\/www.ades-grenoble.org\/wordpress\/wp-json\/wp\/v2\/users\/1"}],"replies":[{"embeddable":true,"href":"https:\/\/www.ades-grenoble.org\/wordpress\/wp-json\/wp\/v2\/comments?post=22724"}],"version-history":[{"count":1,"href":"https:\/\/www.ades-grenoble.org\/wordpress\/wp-json\/wp\/v2\/posts\/22724\/revisions"}],"predecessor-version":[{"id":22726,"href":"https:\/\/www.ades-grenoble.org\/wordpress\/wp-json\/wp\/v2\/posts\/22724\/revisions\/22726"}],"wp:attachment":[{"href":"https:\/\/www.ades-grenoble.org\/wordpress\/wp-json\/wp\/v2\/media?parent=22724"}],"wp:term":[{"taxonomy":"category","embeddable":true,"href":"https:\/\/www.ades-grenoble.org\/wordpress\/wp-json\/wp\/v2\/categories?post=22724"},{"taxonomy":"post_tag","embeddable":true,"href":"https:\/\/www.ades-grenoble.org\/wordpress\/wp-json\/wp\/v2\/tags?post=22724"}],"curies":[{"name":"wp","href":"https:\/\/api.w.org\/{rel}","templated":true}]}}