{"id":22727,"date":"2024-02-01T15:09:36","date_gmt":"2024-02-01T14:09:36","guid":{"rendered":"https:\/\/www.ades-grenoble.org\/wordpress\/?p=22727"},"modified":"2024-02-02T07:00:07","modified_gmt":"2024-02-02T06:00:07","slug":"les-attributions-de-logements-sociaux-a-la-baisse-en-france","status":"publish","type":"post","link":"https:\/\/www.ades-grenoble.org\/wordpress\/2024\/02\/01\/les-attributions-de-logements-sociaux-a-la-baisse-en-france\/","title":{"rendered":"Les attributions de logements sociaux \u00e0 la baisse en France"},"content":{"rendered":"<div class=\"wp-block-image is-style-default\">\n<figure class=\"alignleft size-full\"><img loading=\"lazy\" decoding=\"async\" width=\"380\" height=\"102\" src=\"https:\/\/www.ades-grenoble.org\/wordpress\/wp-content\/uploads\/2024\/02\/Ancols.jpg\" alt=\"\" class=\"wp-image-22728\" srcset=\"https:\/\/www.ades-grenoble.org\/wordpress\/wp-content\/uploads\/2024\/02\/Ancols.jpg 380w, https:\/\/www.ades-grenoble.org\/wordpress\/wp-content\/uploads\/2024\/02\/Ancols-300x81.jpg 300w, https:\/\/www.ades-grenoble.org\/wordpress\/wp-content\/uploads\/2024\/02\/Ancols-150x40.jpg 150w\" sizes=\"auto, (max-width: 380px) 100vw, 380px\" \/><\/figure>\n<\/div>\n\n\n<p>L\u2019Ancols, qui a la mission de contr\u00f4ler les organismes de logement social, publie <a href=\"https:\/\/www.ancols.fr\/publications\/statistiques-etudes\/les-attributions-de-logements-sociaux-3\" data-type=\"link\" data-id=\"https:\/\/www.ancols.fr\/publications\/statistiques-etudes\/les-attributions-de-logements-sociaux-3\">le tableau de bord 2022 du logement social<\/a>. Apr\u00e8s une ann\u00e9e 2021 marqu\u00e9e par un rattrapage post-Covid, les attributions de logements sociaux repartent \u00e0 la baisse en 2022. Le nombre de m\u00e9nages prioritaires au titre du Dalo pour entrer dans un logement de ce type est en hausse.<\/p>\n\n\n\n<p>On ne pouvait pas esp\u00e9rer un redressement de la situation en raison de la politique gouvernementale qui fragilise les organismes de logement social depuis 2018 et s\u2019av\u00e8re pire que sous l\u2019\u00e8re Sarkozy&nbsp;!<\/p>\n\n\n\n<p>Le tableau de bord indique aussi les attributions par r\u00e9gions et d\u00e9partements.<\/p>\n\n\n\n<!--more-->\n\n\n\n<p><em>\u00ab&nbsp;420 000 attributions \u00e0 des m\u00e9nages ont \u00e9t\u00e9 d\u00e9nombr\u00e9es en 2022, en baisse de 4 % par rapport \u00e0 l\u2019ann\u00e9e pr\u00e9c\u00e9dente. Ce chiffre est en retrait de 7 % par rapport aux attributions de 2019, s\u2019inscrivant ainsi dans la tendance de longue p\u00e9riode d\u2019une baisse graduelle et progressive des attributions. Conjugu\u00e9e \u00e0 la baisse des attributions, la hausse du volume de demandes (+3 %) a conduit \u00e0 une baisse du taux d&rsquo;attribution, ce dernier passant de 12,3 % en 2021 \u00e0 11,4 % en 2022, soit &#8211; 0,9 point.<\/em><\/p>\n\n\n\n<p><em>Parmi les m\u00e9nages s\u2019\u00e9tant finalement vu attribuer un logement, les d\u00e9lais d&rsquo;attente avant que leur demande aboutisse, ont continu\u00e9 de s\u2019allonger (+16 jours) pour atteindre 520 jours, un chiffre qui demeure cependant inf\u00e9rieur \u00e0 la dur\u00e9e moyenne d\u2019attente de l\u2019ensemble des demandes actives au 31 d\u00e9cembre 2022 (720 jours).<\/em><\/p>\n\n\n\n<p><em>Comme en 2021, les attributions en zone A bis d\u00e9passent les 31 000, pour atteindre un r\u00e9sultat proche de 2017. Les attributions aux m\u00e9nages prioritaires au titre du DALO augmentent tr\u00e8s l\u00e9g\u00e8rement et atteignent les 24 500, un chiffre record en valeur absolue. En revanche, leur taux d\u2019attribution (26,3%) s\u2019inscrit lui en baisse, bien qu\u2019il demeure sup\u00e9rieur \u00e0 plus du double de la moyenne nationale.<\/em><\/p>\n\n\n\n<p><em>Contrairement \u00e0 l\u2019ann\u00e9e pr\u00e9c\u00e9dente, l\u2019ann\u00e9e 2022 est marqu\u00e9e par un recul significatif des attributions aux ch\u00f4meurs (-20 %). Leur volume d\u2019attribution revient donc \u00e0 sa tendance pr\u00e9-2021, \u00e0 savoir une baisse continue depuis 2016.<\/em><\/p>\n\n\n\n<p><em>L&rsquo;Agence constate pour la seconde ann\u00e9e un niveau \u00e9lev\u00e9 et croissant d\u2019attributions pour lesquelles le revenu n\u2019est pas renseign\u00e9 (un quart des attributions). Pour rappel, le bailleur a l&rsquo;obligation d&rsquo;actualiser les informations de la demande en fonction de la situation de l&rsquo;attributaire au moment de la demande (cf. article R441-2-9 du CCH).<\/em><\/p>\n\n\n\n<p><em>L&rsquo;Agence invite donc les bailleurs \u00e0 une attention toute particuli\u00e8re sur ce point\u2026\u00a0\u00bb<\/em><\/p>\n","protected":false},"excerpt":{"rendered":"<p>L\u2019Ancols, qui a la mission de contr\u00f4ler les organismes de logement social, publie le tableau de bord 2022 du logement social. Apr\u00e8s une ann\u00e9e 2021 marqu\u00e9e par un rattrapage post-Covid, les attributions de logements sociaux repartent \u00e0 la baisse en 2022. Le nombre de m\u00e9nages prioritaires au titre du Dalo pour entrer dans un logement [&hellip;]<\/p>\n","protected":false},"author":1,"featured_media":0,"comment_status":"closed","ping_status":"open","sticky":false,"template":"","format":"standard","meta":{"twitterCardType":"","cardImageID":0,"cardImage":"","cardTitle":"","cardDesc":"","cardImageAlt":"","cardPlayer":"","cardPlayerWidth":0,"cardPlayerHeight":0,"cardPlayerStream":"","cardPlayerCodec":"","footnotes":""},"categories":[62,11],"tags":[298,66,33],"class_list":["post-22727","post","type-post","status-publish","format-standard","hentry","category-le-rouge-le-vert-hebdo","category-politique-locale","tag-france","tag-logement","tag-social"],"_links":{"self":[{"href":"https:\/\/www.ades-grenoble.org\/wordpress\/wp-json\/wp\/v2\/posts\/22727","targetHints":{"allow":["GET"]}}],"collection":[{"href":"https:\/\/www.ades-grenoble.org\/wordpress\/wp-json\/wp\/v2\/posts"}],"about":[{"href":"https:\/\/www.ades-grenoble.org\/wordpress\/wp-json\/wp\/v2\/types\/post"}],"author":[{"embeddable":true,"href":"https:\/\/www.ades-grenoble.org\/wordpress\/wp-json\/wp\/v2\/users\/1"}],"replies":[{"embeddable":true,"href":"https:\/\/www.ades-grenoble.org\/wordpress\/wp-json\/wp\/v2\/comments?post=22727"}],"version-history":[{"count":1,"href":"https:\/\/www.ades-grenoble.org\/wordpress\/wp-json\/wp\/v2\/posts\/22727\/revisions"}],"predecessor-version":[{"id":22729,"href":"https:\/\/www.ades-grenoble.org\/wordpress\/wp-json\/wp\/v2\/posts\/22727\/revisions\/22729"}],"wp:attachment":[{"href":"https:\/\/www.ades-grenoble.org\/wordpress\/wp-json\/wp\/v2\/media?parent=22727"}],"wp:term":[{"taxonomy":"category","embeddable":true,"href":"https:\/\/www.ades-grenoble.org\/wordpress\/wp-json\/wp\/v2\/categories?post=22727"},{"taxonomy":"post_tag","embeddable":true,"href":"https:\/\/www.ades-grenoble.org\/wordpress\/wp-json\/wp\/v2\/tags?post=22727"}],"curies":[{"name":"wp","href":"https:\/\/api.w.org\/{rel}","templated":true}]}}