{"id":22730,"date":"2024-02-01T15:11:29","date_gmt":"2024-02-01T14:11:29","guid":{"rendered":"https:\/\/www.ades-grenoble.org\/wordpress\/?p=22730"},"modified":"2024-02-02T07:00:12","modified_gmt":"2024-02-02T06:00:12","slug":"nouvelle-attaque-contre-le-logement-social","status":"publish","type":"post","link":"https:\/\/www.ades-grenoble.org\/wordpress\/2024\/02\/01\/nouvelle-attaque-contre-le-logement-social\/","title":{"rendered":"Nouvelle attaque contre le logement social"},"content":{"rendered":"<div class=\"wp-block-image is-style-default\">\n<figure class=\"alignleft size-full\"><img loading=\"lazy\" decoding=\"async\" width=\"400\" height=\"265\" src=\"https:\/\/www.ades-grenoble.org\/wordpress\/wp-content\/uploads\/2017\/10\/matignon.jpg\" alt=\"\" class=\"wp-image-13511\" srcset=\"https:\/\/www.ades-grenoble.org\/wordpress\/wp-content\/uploads\/2017\/10\/matignon.jpg 400w, https:\/\/www.ades-grenoble.org\/wordpress\/wp-content\/uploads\/2017\/10\/matignon-150x99.jpg 150w, https:\/\/www.ades-grenoble.org\/wordpress\/wp-content\/uploads\/2017\/10\/matignon-300x199.jpg 300w\" sizes=\"auto, (max-width: 400px) 100vw, 400px\" \/><\/figure>\n<\/div>\n\n\n<p>Depuis des ann\u00e9es, la droite r\u00eavait de pouvoir d\u00e9tricoter la loi SRU qui impose \u00e0 des communes d\u2019avoir au moins 20 ou 25% de logements sociaux, le taux minimum d\u00e9pendant du nombre d\u2019habitants des communes. Le d\u00e9tricotage est le fait du macronisme qui poursuit son virage \u00e0 droite toute.<\/p>\n\n\n\n<p>Le Premier ministre lors de sa d\u00e9claration de politique g\u00e9n\u00e9rale \u00e0 l\u2019Assembl\u00e9e nationale, a annonc\u00e9 un nouveau d\u00e9tricotage de la loi SRU.Il a annonc\u00e9 l\u2019int\u00e9gration du logement locatif interm\u00e9diaire (LLI) d\u00e9volu aux classes moyennes hautes dans le contingent obligatoire de HLM assign\u00e9 aux communes.\u00a0<em>\u00ab\u00a0D\u2019ici \u00e0 2025, toutes les communes soumises \u00e0 la loi SRU doivent poss\u00e9der au moins un quart de logements sociaux sur leur territoire. Nous proposerons d\u2019ajouter pour une part les logements interm\u00e9diaires, accessibles \u00e0 la classe moyenne, dans ce calcul\u00a0\u00bb<\/em>. Il offre ainsi une prime aux maires qui bafouent la loi depuis des ann\u00e9es.\u00a0<\/p>\n\n\n\n<!--more-->\n\n\n\n<p>Cette d\u00e9claration a cr\u00e9\u00e9 la stup\u00e9faction dans le monde du logement social.&nbsp;2,6 millions de Fran\u00e7ais sont en attente d\u2019un logement social et ne pourront pr\u00e9tendre au logement interm\u00e9diaire, dont les loyers sont bien trop \u00e9lev\u00e9s pour eux.&nbsp;<em>\u00ab&nbsp;Aujourd\u2019hui, seuls 3&nbsp;% des m\u00e9nages en attente de logement social y sont \u00e9ligibles compte tenu de leurs ressources&nbsp;\u00bb<\/em>, rappelle la pr\u00e9sidente de l\u2019Union sociale pour l\u2019habitat, repr\u00e9sentant le mouvement HLM qui a d\u00e9nonc\u00e9une faute morale. \u00ab&nbsp;<em>Le logement locatif interm\u00e9diaire<\/em>&nbsp;<em>n\u2019a pas de vocation sociale, il s\u2019agit de logements aid\u00e9s par l\u2019Etat, mais pour loger la classe moyenne \u201chaute\u201d&nbsp;: il n\u2019y a pas de commission d\u2019attribution, pas de contr\u00f4le des ressources des locataires apr\u00e8s leur entr\u00e9e dans le logement, aucune obligation li\u00e9e \u00e0 la solidarit\u00e9.&nbsp;\u00bb<\/em><\/p>\n\n\n\n<p>Les conditions d\u2019acc\u00e8s au LLI&nbsp;: le locataire doit&nbsp;r\u00e9pondre aux conditions suivantes&nbsp;: \u00eatre&nbsp;salari\u00e9&nbsp;d\u2019une entreprise du secteur priv\u00e9 non-agricole constitu\u00e9e d\u2019au moins 10 salari\u00e9s&nbsp;; louer le logement en tant que&nbsp;r\u00e9sidence principale&nbsp;; avoir des revenus inf\u00e9rieurs aux&nbsp;plafonds de ressources.<\/p>\n\n\n\n<p>Exemple de plafond de ressources&nbsp;:<\/p>\n\n\n\n<figure class=\"wp-block-table is-style-stripes\"><table><tbody><tr><td>Composition du m\u00e9nage<\/td><td>Zone A bis<\/td><td>Zone A<\/td><td>Zone B1<\/td><\/tr><tr><td>1 personne<\/td><td>39 363 \u20ac<\/td><td>39 363 \u20ac<\/td><td>32 084 \u20ac<\/td><\/tr><tr><td>Couple<\/td><td>58 831 \u20ac<\/td><td>58 831 \u20ac<\/td><td>42 846 \u20ac<\/td><\/tr><tr><td>Couple ou personne seule + 1 personne \u00e0 charge<\/td><td>77 120 \u20ac<\/td><td>70 718 \u20ac<\/td><td>51 524 \u20ac<\/td><\/tr><\/tbody><\/table><\/figure>\n\n\n\n<p>Selon la Fondation Abb\u00e9 Pierre, l\u2019application de cette loi montre que, faute de sanctions v\u00e9ritablement dissuasives, elle est toujours moins respect\u00e9e.&nbsp;<em>\u00ab&nbsp;Sur 1&nbsp;031 communes soumises \u00e0 la loi SRU, 659 n\u2019ont pas atteint leurs objectifs 2020-2022, soit 64&nbsp;% des communes, alors qu\u2019elles n\u2019\u00e9taient que 47&nbsp;% dans ce cas-l\u00e0 trois ans plus t\u00f4t&nbsp;\u00bb<\/em>.<\/p>\n\n\n\n<p>Cette annonce confirme que le macronisme entend d\u00e9truire le concept fran\u00e7ais du logement social. Les bailleurs sociaux sont durement attaqu\u00e9s depuis 2018&nbsp;: ils subissent une perte des APL par la r\u00e9duction de loyer de solidarit\u00e9 (RLS), soit une perte de recettes de 1,3 milliard par an, et le passage de la TVA de 5,5&nbsp;% \u00e0 10&nbsp;%.sur la construction de logements sociaux.<\/p>\n\n\n\n<p>R\u00e9sultat&nbsp;: la production de logements sociaux s\u2019est \u00e9croul\u00e9e.Le nombre d\u2019agr\u00e9ments de logements sociaux n\u2019a cess\u00e9 de baisser, tombant \u00e0 82&nbsp;000 en 2023 pour un objectif de 110&nbsp;000. C\u2019est le plus mauvais r\u00e9sultat depuis 2005.<\/p>\n","protected":false},"excerpt":{"rendered":"<p>Depuis des ann\u00e9es, la droite r\u00eavait de pouvoir d\u00e9tricoter la loi SRU qui impose \u00e0 des communes d\u2019avoir au moins 20 ou 25% de logements sociaux, le taux minimum d\u00e9pendant du nombre d\u2019habitants des communes. Le d\u00e9tricotage est le fait du macronisme qui poursuit son virage \u00e0 droite toute. Le Premier ministre lors de sa [&hellip;]<\/p>\n","protected":false},"author":1,"featured_media":0,"comment_status":"closed","ping_status":"open","sticky":false,"template":"","format":"standard","meta":{"twitterCardType":"","cardImageID":0,"cardImage":"","cardTitle":"","cardDesc":"","cardImageAlt":"","cardPlayer":"","cardPlayerWidth":0,"cardPlayerHeight":0,"cardPlayerStream":"","cardPlayerCodec":"","footnotes":""},"categories":[62,11],"tags":[109,413,66,33],"class_list":["post-22730","post","type-post","status-publish","format-standard","hentry","category-le-rouge-le-vert-hebdo","category-politique-locale","tag-droite","tag-gouvernement","tag-logement","tag-social"],"_links":{"self":[{"href":"https:\/\/www.ades-grenoble.org\/wordpress\/wp-json\/wp\/v2\/posts\/22730","targetHints":{"allow":["GET"]}}],"collection":[{"href":"https:\/\/www.ades-grenoble.org\/wordpress\/wp-json\/wp\/v2\/posts"}],"about":[{"href":"https:\/\/www.ades-grenoble.org\/wordpress\/wp-json\/wp\/v2\/types\/post"}],"author":[{"embeddable":true,"href":"https:\/\/www.ades-grenoble.org\/wordpress\/wp-json\/wp\/v2\/users\/1"}],"replies":[{"embeddable":true,"href":"https:\/\/www.ades-grenoble.org\/wordpress\/wp-json\/wp\/v2\/comments?post=22730"}],"version-history":[{"count":1,"href":"https:\/\/www.ades-grenoble.org\/wordpress\/wp-json\/wp\/v2\/posts\/22730\/revisions"}],"predecessor-version":[{"id":22731,"href":"https:\/\/www.ades-grenoble.org\/wordpress\/wp-json\/wp\/v2\/posts\/22730\/revisions\/22731"}],"wp:attachment":[{"href":"https:\/\/www.ades-grenoble.org\/wordpress\/wp-json\/wp\/v2\/media?parent=22730"}],"wp:term":[{"taxonomy":"category","embeddable":true,"href":"https:\/\/www.ades-grenoble.org\/wordpress\/wp-json\/wp\/v2\/categories?post=22730"},{"taxonomy":"post_tag","embeddable":true,"href":"https:\/\/www.ades-grenoble.org\/wordpress\/wp-json\/wp\/v2\/tags?post=22730"}],"curies":[{"name":"wp","href":"https:\/\/api.w.org\/{rel}","templated":true}]}}