{"id":22771,"date":"2024-02-09T16:59:32","date_gmt":"2024-02-09T15:59:32","guid":{"rendered":"https:\/\/www.ades-grenoble.org\/wordpress\/?p=22771"},"modified":"2024-02-09T18:19:41","modified_gmt":"2024-02-09T17:19:41","slug":"politique-politicienne-310","status":"publish","type":"post","link":"https:\/\/www.ades-grenoble.org\/wordpress\/2024\/02\/09\/politique-politicienne-310\/","title":{"rendered":"Politique politicienne"},"content":{"rendered":"<div class=\"wp-block-image is-style-default\">\n<figure class=\"alignleft size-full\"><img loading=\"lazy\" decoding=\"async\" width=\"200\" height=\"234\" src=\"https:\/\/www.ades-grenoble.org\/wordpress\/wp-content\/uploads\/2015\/01\/fou1.png\" alt=\"fou\" class=\"wp-image-9634\" srcset=\"https:\/\/www.ades-grenoble.org\/wordpress\/wp-content\/uploads\/2015\/01\/fou1.png 200w, https:\/\/www.ades-grenoble.org\/wordpress\/wp-content\/uploads\/2015\/01\/fou1-128x150.png 128w\" sizes=\"auto, (max-width: 200px) 100vw, 200px\" \/><\/figure>\n<\/div>\n\n\n<p>Le DAL 38 fait semblant de d\u00e9couvrir le projet de r\u00e9novation des Volets Verts \u00e0 l\u2019Abbaye, alors que c\u2019est un des projets le plus discut\u00e9 depuis de longues ann\u00e9es. Ce qui est assez cocasse c\u2019est de lire leur dernier communiqu\u00e9 o\u00f9 ils se f\u00e9licitent de l\u2019action de Grenoble Habitat, lequel contrairement \u00e0 ACTIS, r\u00e9nove deux b\u00e2timents.<\/p>\n\n\n\n<p>Ils devraient en conclure que les SEM de l\u2019habitat ont des possibilit\u00e9s notamment financi\u00e8res dues \u00e0 leurs statuts, qui facilitent des investissements pour toutes sortes d\u2019op\u00e9rations de constructions neuves et de r\u00e9habilitations.<\/p>\n\n\n\n<p>Profitons de cette actualit\u00e9 pour rappeler les d\u00e9g\u00e2ts faits sur le logement social par les diff\u00e9rents gouvernements. Depuis le projet de loi de finances 2011 (sous Sarkozy) qui a institu\u00e9 un pr\u00e9l\u00e8vement sur les finances des bailleurs sociaux, principalement les Offices Publics de l\u2019Habitat dont Actis, leurs finances sont plus tendues, sauf lorsque les collectivit\u00e9s de rattachement leur apportent des aides cons\u00e9quentes, comme \u00e0 Nantes, Lyon, Rennes\u2026 Les gouvernements Macron maintiennent et acc\u00e9l\u00e8rent ce pr\u00e9l\u00e8vement sur les ressources des bailleurs. Cette situation entra\u00eene obligatoirement une baisse des ressources, qui impacte davantage les organismes dont une grande partie du parc se situe dans les Quartiers Prioritaires Politique de la Ville.<\/p>\n","protected":false},"excerpt":{"rendered":"<p>Le DAL 38 fait semblant de d\u00e9couvrir le projet de r\u00e9novation des Volets Verts \u00e0 l\u2019Abbaye, alors que c\u2019est un des projets le plus discut\u00e9 depuis de longues ann\u00e9es. Ce qui est assez cocasse c\u2019est de lire leur dernier communiqu\u00e9 o\u00f9 ils se f\u00e9licitent de l\u2019action de Grenoble Habitat, lequel contrairement \u00e0 ACTIS, r\u00e9nove deux [&hellip;]<\/p>\n","protected":false},"author":1,"featured_media":0,"comment_status":"closed","ping_status":"open","sticky":false,"template":"","format":"standard","meta":{"twitterCardType":"","cardImageID":0,"cardImage":"","cardTitle":"","cardDesc":"","cardImageAlt":"","cardPlayer":"","cardPlayerWidth":0,"cardPlayerHeight":0,"cardPlayerStream":"","cardPlayerCodec":"","footnotes":""},"categories":[62,11],"tags":[54],"class_list":["post-22771","post","type-post","status-publish","format-standard","hentry","category-le-rouge-le-vert-hebdo","category-politique-locale","tag-politique-droite-gauche"],"_links":{"self":[{"href":"https:\/\/www.ades-grenoble.org\/wordpress\/wp-json\/wp\/v2\/posts\/22771","targetHints":{"allow":["GET"]}}],"collection":[{"href":"https:\/\/www.ades-grenoble.org\/wordpress\/wp-json\/wp\/v2\/posts"}],"about":[{"href":"https:\/\/www.ades-grenoble.org\/wordpress\/wp-json\/wp\/v2\/types\/post"}],"author":[{"embeddable":true,"href":"https:\/\/www.ades-grenoble.org\/wordpress\/wp-json\/wp\/v2\/users\/1"}],"replies":[{"embeddable":true,"href":"https:\/\/www.ades-grenoble.org\/wordpress\/wp-json\/wp\/v2\/comments?post=22771"}],"version-history":[{"count":1,"href":"https:\/\/www.ades-grenoble.org\/wordpress\/wp-json\/wp\/v2\/posts\/22771\/revisions"}],"predecessor-version":[{"id":22772,"href":"https:\/\/www.ades-grenoble.org\/wordpress\/wp-json\/wp\/v2\/posts\/22771\/revisions\/22772"}],"wp:attachment":[{"href":"https:\/\/www.ades-grenoble.org\/wordpress\/wp-json\/wp\/v2\/media?parent=22771"}],"wp:term":[{"taxonomy":"category","embeddable":true,"href":"https:\/\/www.ades-grenoble.org\/wordpress\/wp-json\/wp\/v2\/categories?post=22771"},{"taxonomy":"post_tag","embeddable":true,"href":"https:\/\/www.ades-grenoble.org\/wordpress\/wp-json\/wp\/v2\/tags?post=22771"}],"curies":[{"name":"wp","href":"https:\/\/api.w.org\/{rel}","templated":true}]}}