{"id":22777,"date":"2024-02-09T17:12:51","date_gmt":"2024-02-09T16:12:51","guid":{"rendered":"https:\/\/www.ades-grenoble.org\/wordpress\/?p=22777"},"modified":"2024-02-09T18:19:50","modified_gmt":"2024-02-09T17:19:50","slug":"grenoble-sengage-contre-les-violences-sexistes-et-sexuelles-dans-le-sport","status":"publish","type":"post","link":"https:\/\/www.ades-grenoble.org\/wordpress\/2024\/02\/09\/grenoble-sengage-contre-les-violences-sexistes-et-sexuelles-dans-le-sport\/","title":{"rendered":"Grenoble s\u2019engage contre les violences sexistes et sexuelles dans le sport"},"content":{"rendered":"<div class=\"wp-block-image is-style-default\">\n<figure class=\"alignleft size-full\"><img loading=\"lazy\" decoding=\"async\" width=\"380\" height=\"263\" src=\"https:\/\/www.ades-grenoble.org\/wordpress\/wp-content\/uploads\/2024\/02\/Violences-sexistes.jpg\" alt=\"\" class=\"wp-image-22778\" srcset=\"https:\/\/www.ades-grenoble.org\/wordpress\/wp-content\/uploads\/2024\/02\/Violences-sexistes.jpg 380w, https:\/\/www.ades-grenoble.org\/wordpress\/wp-content\/uploads\/2024\/02\/Violences-sexistes-300x208.jpg 300w, https:\/\/www.ades-grenoble.org\/wordpress\/wp-content\/uploads\/2024\/02\/Violences-sexistes-150x104.jpg 150w\" sizes=\"auto, (max-width: 380px) 100vw, 380px\" \/><\/figure>\n<\/div>\n\n\n<p>Au conseil municipal du 5 f\u00e9vrier 2023, trois d\u00e9lib\u00e9rations concernaient le sport, l\u2019une ajoutant une condition \u00e0 l\u2019attribution des subventions aux associations sportives : la formation aux violences sexistes et sexuelles, la seconde visant \u00e0 mettre en \u0153uvre les priorit\u00e9s municipales avec la r\u00e9vision des modalit\u00e9s de subvention, et la derni\u00e8re portant sur l\u2019\u00e9volution de la composition du comit\u00e9 d\u2019avis des subventions.<\/p>\n\n\n\n<p>Sur <a href=\"https:\/\/www.grenoble.fr\/uploads\/Externe\/db\/1836_145_DP-Plan-de-prevention-et-de-lutte-contre-les-VSS-dans-le-sport-BD.pdf\" data-type=\"link\" data-id=\"https:\/\/www.grenoble.fr\/uploads\/Externe\/db\/1836_145_DP-Plan-de-prevention-et-de-lutte-contre-les-VSS-dans-le-sport-BD.pdf\">les violences sexistes et sexuelles dans le sport<\/a>, la Ville fait un constat alarmant. En effet le sport n\u2019est pas une sph\u00e8re de la soci\u00e9t\u00e9 imperm\u00e9able aux violences sexistes et sexuelles, que ce soit sur les femmes ou les enfants. Au contraire, l\u2019omerta r\u00e8gne en ma\u00eetre dans le milieu sportif, c\u2019est pourquoi il est difficile de conna\u00eetre les chiffres pr\u00e9cis sur l\u2019ampleur du ph\u00e9nom\u00e8ne. Cependant, une \u00e9tude du Minist\u00e8re des Sports publi\u00e9e en 2019 intitul\u00e9e \u00ab Violences sexuelles dans le sport en France \u00bb r\u00e9v\u00e9lait que 12 % des personnes interrog\u00e9es d\u00e9clarent avoir \u00e9t\u00e9 victimes de violences sexuelles dans le cadre de leur pratique sportive. Il s\u2019agit principalement de jeunes filles et de femmes. Ce chiffre est sans doute sous-estim\u00e9 au vu des difficult\u00e9s \u00e0 parler, encore plus \u00e0 porter plainte le cas \u00e9ch\u00e9ant, mais d\u00e9j\u00e0 tr\u00e8s alarmant : plus d\u2019une personne sur 10 a d\u00e9j\u00e0 subi une violence sexuelle dans sa pratique sportive.<\/p>\n\n\n\n<!--more-->\n\n\n\n<p>Pr\u00e9c\u00e9demment, le 13 mars 2023, la Ville de Grenoble avait adopt\u00e9 une <a href=\"https:\/\/www.grenobleencommun.fr\/une-politique-sportive-a-la-hauteur-des-enjeux-sociaux-et-environnementaux\/\">d\u00e9lib\u00e9ration<\/a> affirmant les priorit\u00e9s de la politique sportive \u00e0 Grenoble dont la pr\u00e9vention et la lutte contre les violences sexistes et sexuelles. C\u2019est donc dans cette lign\u00e9e que s\u2019inscrit la d\u00e9lib\u00e9ration adopt\u00e9e le 5 f\u00e9vrier, pour conditionner les subventions aux associations sportives au suivi d\u2019une formation sur les violences sexistes et sexuelles par au moins deux de ses membres, formations financ\u00e9es par la municipalit\u00e9.<\/p>\n\n\n\n<p>Ce nouveau crit\u00e8re d\u2019attribution de subvention s\u2019inscrit donc dans le \u201cplan de pr\u00e9vention et de lutte contre les violences sexuelles et sexistes dans le monde du sport\u201d, dont l\u2019objectif est de favoriser un environnement sportif inclusif, respectueux et s\u00e9curis\u00e9 pour tous et toutes. Il s\u2019adresse tout particuli\u00e8rement aux dirigeant-es, \u00e9ducateur-trices et b\u00e9n\u00e9voles des clubs et associations sportives utilisant les \u00e9tablissements sportifs municipaux, aux agent-es de la Ville au contact des usagers et usag\u00e8res et aux personnes pratiquant leur activit\u00e9 physique de mani\u00e8re encadr\u00e9e. Le plan pr\u00e9voit, en plus de l\u2019organisation des formations sur les violences sexuelles et sexistes pour les clubs et les agent-es municipaux, des actions de sensibilisation vis-\u00e0-vis du grand public (comme des conf\u00e9rences sur le sujet) et concerne un budget de 30 000 euros.<\/p>\n","protected":false},"excerpt":{"rendered":"<p>Au conseil municipal du 5 f\u00e9vrier 2023, trois d\u00e9lib\u00e9rations concernaient le sport, l\u2019une ajoutant une condition \u00e0 l\u2019attribution des subventions aux associations sportives : la formation aux violences sexistes et sexuelles, la seconde visant \u00e0 mettre en \u0153uvre les priorit\u00e9s municipales avec la r\u00e9vision des modalit\u00e9s de subvention, et la derni\u00e8re portant sur l\u2019\u00e9volution de [&hellip;]<\/p>\n","protected":false},"author":1,"featured_media":0,"comment_status":"closed","ping_status":"open","sticky":false,"template":"","format":"standard","meta":{"twitterCardType":"","cardImageID":0,"cardImage":"","cardTitle":"","cardDesc":"","cardImageAlt":"","cardPlayer":"","cardPlayerWidth":0,"cardPlayerHeight":0,"cardPlayerStream":"","cardPlayerCodec":"","footnotes":""},"categories":[62,11],"tags":[67,42,215,256,132,415],"class_list":["post-22777","post","type-post","status-publish","format-standard","hentry","category-le-rouge-le-vert-hebdo","category-politique-locale","tag-conseil-municipal","tag-droits-des-femmes","tag-grenoble","tag-prevention","tag-sport","tag-violences"],"_links":{"self":[{"href":"https:\/\/www.ades-grenoble.org\/wordpress\/wp-json\/wp\/v2\/posts\/22777","targetHints":{"allow":["GET"]}}],"collection":[{"href":"https:\/\/www.ades-grenoble.org\/wordpress\/wp-json\/wp\/v2\/posts"}],"about":[{"href":"https:\/\/www.ades-grenoble.org\/wordpress\/wp-json\/wp\/v2\/types\/post"}],"author":[{"embeddable":true,"href":"https:\/\/www.ades-grenoble.org\/wordpress\/wp-json\/wp\/v2\/users\/1"}],"replies":[{"embeddable":true,"href":"https:\/\/www.ades-grenoble.org\/wordpress\/wp-json\/wp\/v2\/comments?post=22777"}],"version-history":[{"count":1,"href":"https:\/\/www.ades-grenoble.org\/wordpress\/wp-json\/wp\/v2\/posts\/22777\/revisions"}],"predecessor-version":[{"id":22779,"href":"https:\/\/www.ades-grenoble.org\/wordpress\/wp-json\/wp\/v2\/posts\/22777\/revisions\/22779"}],"wp:attachment":[{"href":"https:\/\/www.ades-grenoble.org\/wordpress\/wp-json\/wp\/v2\/media?parent=22777"}],"wp:term":[{"taxonomy":"category","embeddable":true,"href":"https:\/\/www.ades-grenoble.org\/wordpress\/wp-json\/wp\/v2\/categories?post=22777"},{"taxonomy":"post_tag","embeddable":true,"href":"https:\/\/www.ades-grenoble.org\/wordpress\/wp-json\/wp\/v2\/tags?post=22777"}],"curies":[{"name":"wp","href":"https:\/\/api.w.org\/{rel}","templated":true}]}}