{"id":22800,"date":"2024-02-16T08:48:14","date_gmt":"2024-02-16T07:48:14","guid":{"rendered":"https:\/\/www.ades-grenoble.org\/wordpress\/?p=22800"},"modified":"2024-02-16T12:13:40","modified_gmt":"2024-02-16T11:13:40","slug":"qualite-de-lair-la-france-mise-en-demeure-par-la-commission-europeenne","status":"publish","type":"post","link":"https:\/\/www.ades-grenoble.org\/wordpress\/2024\/02\/16\/qualite-de-lair-la-france-mise-en-demeure-par-la-commission-europeenne\/","title":{"rendered":"Qualit\u00e9 de l&rsquo;air : la France mise en demeure par la Commission europ\u00e9enne"},"content":{"rendered":"<div class=\"wp-block-image is-style-default\">\n<figure class=\"alignleft size-full\"><img loading=\"lazy\" decoding=\"async\" width=\"350\" height=\"235\" src=\"https:\/\/www.ades-grenoble.org\/wordpress\/wp-content\/uploads\/2016\/06\/pot-echappement.jpg\" alt=\"\" class=\"wp-image-11783\" srcset=\"https:\/\/www.ades-grenoble.org\/wordpress\/wp-content\/uploads\/2016\/06\/pot-echappement.jpg 350w, https:\/\/www.ades-grenoble.org\/wordpress\/wp-content\/uploads\/2016\/06\/pot-echappement-150x101.jpg 150w, https:\/\/www.ades-grenoble.org\/wordpress\/wp-content\/uploads\/2016\/06\/pot-echappement-300x201.jpg 300w\" sizes=\"auto, (max-width: 350px) 100vw, 350px\" \/><\/figure>\n<\/div>\n\n\n<p>Pour aider les citoyens et les entreprises de l\u2019Union \u00e0 pleinement profiter de leurs droits, la Commission europ\u00e9enne est en dialogue permanent avec les \u00c9tats membres dont elle estime qu\u2019ils ne respectent pas le droit europ\u00e9en et, au besoin, ouvre des proc\u00e9dures d&rsquo;infraction \u00e0 leur \u00e9gard. Les d\u00e9cisions prises le 7 f\u00e9vrier 2024, dans le cadre des d\u00e9cisions r\u00e9guli\u00e8res d&rsquo;infraction, incluent 24 lettres de mise en demeure, 16 avis motiv\u00e9s et 10 saisines de la Cour de justice de l&rsquo;UE. La Commission a aussi d\u00e9cid\u00e9 de clore 46 proc\u00e9dures pour lesquelles les \u00c9tats membres concern\u00e9s ont r\u00e9solu le probl\u00e8me et assur\u00e9 le respect du droit de l&rsquo;Union.<\/p>\n\n\n\n<p><a href=\"https:\/\/france.representation.ec.europa.eu\/informations\/la-commission-saisit-la-cour-de-justice-europeenne-contre-10-etats-et-demande-la-france-de-se-mettre-2024-02-07_fr\" data-type=\"link\" data-id=\"https:\/\/france.representation.ec.europa.eu\/informations\/la-commission-saisit-la-cour-de-justice-europeenne-contre-10-etats-et-demande-la-france-de-se-mettre-2024-02-07_fr\">La Commission europ\u00e9enne a ainsi d\u00e9cid\u00e9 de d\u00e9f\u00e9rer devant la Cour de justice de l\u2019Union europ\u00e9enne\u00a0notamment la France<\/a>\u00a0:<\/p>\n\n\n\n<!--more-->\n\n\n\n<p><em>\u00ab&nbsp;La Commission adresse \u00e0 la France&nbsp;deux lettres de mise en demeure et lui donne d&rsquo;un d\u00e9lai de deux mois pour r\u00e9pondre aux lettres de mise en demeure et mener la transposition \u00e0 bien. \u00c0 d\u00e9faut, la Commission pourrait d\u00e9cider d&rsquo;\u00e9mettre des avis motiv\u00e9s :<\/em><\/p>\n\n\n\n<ul class=\"wp-block-list\">\n<li><em>Elle adresse une lettre de mise en demeure compl\u00e9mentaire pour non-ex\u00e9cution de l&rsquo;arr\u00eat de la Cour du 24 octobre 2019 (<a href=\"https:\/\/curia.europa.eu\/juris\/liste.jsf?language=fr&amp;td=ALL&amp;num=C-636\/18\">C-636\/18<\/a>) relatif au non-respect de la directive sur la qualit\u00e9 de l&rsquo;air ambiant (<a href=\"https:\/\/eur-lex.europa.eu\/legal-content\/FR\/TXT\/?uri=celex%3A32008L0050\">directive 2008\/50\/CE<\/a>).<\/em><\/li>\n\n\n\n<li><em>La Cour de justice avait jug\u00e9 que la France avait manqu\u00e9 aux obligations qui lui incombent en vertu de la directive sur la qualit\u00e9 de l&rsquo;air ambiant, \u00e9tant donn\u00e9 que la valeur limite annuelle de NO<sub>2<\/sub>&nbsp;avait \u00e9t\u00e9 syst\u00e9matiquement d\u00e9pass\u00e9e dans 12 zones de qualit\u00e9 de l&rsquo;air et la valeur limite journali\u00e8re de NO<sub>2<\/sub>&nbsp;l&rsquo;avait \u00e9t\u00e9 dans deux de ces zones, depuis 2010. Toutefois, la France ne s&rsquo;est toujours pas conform\u00e9e \u00e0 l&rsquo;arr\u00eat de la Cour de justice en ce qui concerne les valeurs limites annuelles de NO<sub>2<\/sub>&nbsp;dans quatre zones de mesure de la qualit\u00e9 de l&rsquo;air: Paris, Lyon, Strasbourg et Marseille-Aix.<\/em><\/li>\n\n\n\n<li><em>La Commission europ\u00e9enne a d\u00e9cid\u00e9 aujourd&rsquo;hui d&rsquo;adresser une lettre de mise en demeure pour transposition incorrecte de la directive sur le cr\u00e9dit hypoth\u00e9caire (<a href=\"https:\/\/eur-lex.europa.eu\/eli\/dir\/2014\/17\/oj\">directive 2014\/17\/UE<\/a>). La directive sur le cr\u00e9dit hypoth\u00e9caire vise \u00e0 cr\u00e9er un march\u00e9 unique efficient et concurrentiel pour les consommateurs, les pr\u00eateurs et les interm\u00e9diaires de cr\u00e9dit, assorti d&rsquo;un niveau \u00e9lev\u00e9 de protection des consommateurs, dans le domaine du cr\u00e9dit hypoth\u00e9caire. La Commission consid\u00e8re que la France n&rsquo;a pas transpos\u00e9 correctement les aspects de celle-ci relatifs \u00e0 la libre prestation de services et \u00e0 la libert\u00e9 d&rsquo;\u00e9tablissement des interm\u00e9diaires de cr\u00e9dit \u00e9tablis et agr\u00e9\u00e9s dans d&rsquo;autres \u00c9tats membres.\u00a0\u00bb<\/em><\/li>\n<\/ul>\n","protected":false},"excerpt":{"rendered":"<p>Pour aider les citoyens et les entreprises de l\u2019Union \u00e0 pleinement profiter de leurs droits, la Commission europ\u00e9enne est en dialogue permanent avec les \u00c9tats membres dont elle estime qu\u2019ils ne respectent pas le droit europ\u00e9en et, au besoin, ouvre des proc\u00e9dures d&rsquo;infraction \u00e0 leur \u00e9gard. Les d\u00e9cisions prises le 7 f\u00e9vrier 2024, dans le [&hellip;]<\/p>\n","protected":false},"author":1,"featured_media":0,"comment_status":"closed","ping_status":"open","sticky":false,"template":"","format":"standard","meta":{"twitterCardType":"","cardImageID":0,"cardImage":"","cardTitle":"","cardDesc":"","cardImageAlt":"","cardPlayer":"","cardPlayerWidth":0,"cardPlayerHeight":0,"cardPlayerStream":"","cardPlayerCodec":"","footnotes":""},"categories":[62,11],"tags":[141,298,152],"class_list":["post-22800","post","type-post","status-publish","format-standard","hentry","category-le-rouge-le-vert-hebdo","category-politique-locale","tag-europe","tag-france","tag-pollution-2"],"_links":{"self":[{"href":"https:\/\/www.ades-grenoble.org\/wordpress\/wp-json\/wp\/v2\/posts\/22800","targetHints":{"allow":["GET"]}}],"collection":[{"href":"https:\/\/www.ades-grenoble.org\/wordpress\/wp-json\/wp\/v2\/posts"}],"about":[{"href":"https:\/\/www.ades-grenoble.org\/wordpress\/wp-json\/wp\/v2\/types\/post"}],"author":[{"embeddable":true,"href":"https:\/\/www.ades-grenoble.org\/wordpress\/wp-json\/wp\/v2\/users\/1"}],"replies":[{"embeddable":true,"href":"https:\/\/www.ades-grenoble.org\/wordpress\/wp-json\/wp\/v2\/comments?post=22800"}],"version-history":[{"count":2,"href":"https:\/\/www.ades-grenoble.org\/wordpress\/wp-json\/wp\/v2\/posts\/22800\/revisions"}],"predecessor-version":[{"id":22802,"href":"https:\/\/www.ades-grenoble.org\/wordpress\/wp-json\/wp\/v2\/posts\/22800\/revisions\/22802"}],"wp:attachment":[{"href":"https:\/\/www.ades-grenoble.org\/wordpress\/wp-json\/wp\/v2\/media?parent=22800"}],"wp:term":[{"taxonomy":"category","embeddable":true,"href":"https:\/\/www.ades-grenoble.org\/wordpress\/wp-json\/wp\/v2\/categories?post=22800"},{"taxonomy":"post_tag","embeddable":true,"href":"https:\/\/www.ades-grenoble.org\/wordpress\/wp-json\/wp\/v2\/tags?post=22800"}],"curies":[{"name":"wp","href":"https:\/\/api.w.org\/{rel}","templated":true}]}}