{"id":22864,"date":"2024-02-23T11:22:54","date_gmt":"2024-02-23T10:22:54","guid":{"rendered":"https:\/\/www.ades-grenoble.org\/wordpress\/?p=22864"},"modified":"2024-02-23T11:25:08","modified_gmt":"2024-02-23T10:25:08","slug":"hommage-aux-resistants-ftp-moi-morts-pour-la-france","status":"publish","type":"post","link":"https:\/\/www.ades-grenoble.org\/wordpress\/2024\/02\/23\/hommage-aux-resistants-ftp-moi-morts-pour-la-france\/","title":{"rendered":"Hommage aux r\u00e9sistants FTP-MOI morts pour la France"},"content":{"rendered":"\n<p><strong>dont Missak Manouchian antifasciste apatride<\/strong><\/p>\n\n\n<div class=\"wp-block-image is-style-default\">\n<figure class=\"aligncenter size-full\"><img loading=\"lazy\" decoding=\"async\" width=\"800\" height=\"450\" src=\"https:\/\/www.ades-grenoble.org\/wordpress\/wp-content\/uploads\/2024\/02\/Strophes-Aragon.jpg\" alt=\"\" class=\"wp-image-22865\" srcset=\"https:\/\/www.ades-grenoble.org\/wordpress\/wp-content\/uploads\/2024\/02\/Strophes-Aragon.jpg 800w, https:\/\/www.ades-grenoble.org\/wordpress\/wp-content\/uploads\/2024\/02\/Strophes-Aragon-300x169.jpg 300w, https:\/\/www.ades-grenoble.org\/wordpress\/wp-content\/uploads\/2024\/02\/Strophes-Aragon-150x84.jpg 150w, https:\/\/www.ades-grenoble.org\/wordpress\/wp-content\/uploads\/2024\/02\/Strophes-Aragon-768x432.jpg 768w, https:\/\/www.ades-grenoble.org\/wordpress\/wp-content\/uploads\/2024\/02\/Strophes-Aragon-600x338.jpg 600w\" sizes=\"auto, (max-width: 800px) 100vw, 800px\" \/><\/figure>\n<\/div>\n\n\n<p>Le po\u00e8me de Louis Aragon, dans \u00ab\u00a0<em>Le Roman Inachev\u00e9<\/em>\u00a0\u00bb :<\/p>\n\n\n\n<p><strong><em>Strophes pour se souvenir<\/em><\/strong><\/p>\n\n\n\n<!--more-->\n\n\n\n<blockquote class=\"wp-block-quote is-layout-flow wp-block-quote-is-layout-flow\">\n<pre class=\"wp-block-preformatted\"><em>Vous n'avez r\u00e9clam\u00e9 la gloire ni les larmes\nNi l'orgue ni la pri\u00e8re aux agonisants\nOnze ans d\u00e9j\u00e0 que cela passe vite onze ans\nVous vous \u00e9tiez servi simplement de vos armes\nLa mort n'\u00e9blouit pas les yeux des Partisans\n\nVous aviez vos portraits sur les murs de nos villes\nNoirs de barbe et de nuit hirsutes mena\u00e7ants\nL'affiche qui semblait une tache de sang\nParce qu'\u00e0 prononcer vos noms sont difficiles\nY cherchait un effet de peur sur les passants<\/em>\n<em>\nNul ne semblait vous voir fran\u00e7ais de pr\u00e9f\u00e9rence\nLes gens allaient sans yeux pour vous le jour durant\nMais \u00e0 l'heure du couvre-feu des doigts errants\nAvaient \u00e9crit sous vos photos MORTS POUR LA FRANCE\nEt les mornes matins en \u00e9taient diff\u00e9rents\n\nTout avait la couleur uniforme du givre\n\u00c0 la fin f\u00e9vrier pour vos derniers moments\nEt c'est alors que l'un de vous dit calmement\nBonheur \u00e0 tous Bonheur \u00e0 ceux qui vont survivre\nJe meurs sans haine en moi pour le peuple allemand\n\nAdieu la peine et le plaisir Adieu les roses\nAdieu la vie adieu la lumi\u00e8re et le vent\nMarie-toi sois heureuse et pense \u00e0 moi souvent\nToi qui vas demeurer dans la beaut\u00e9 des choses\nQuand tout sera fini plus tard en Erivan\n\nUn grand soleil d'hiver \u00e9claire la colline\nQue la nature est belle et que le c\u0153ur me fend\nLa justice viendra sur nos pas triomphants\nMa M\u00e9lin\u00e9e \u00f4 mon amour mon orpheline\nEt je te dis de vivre et d'avoir un enfant\n\nIls \u00e9taient vingt et trois quand les fusils fleurirent\nVingt et trois qui donnaient leur c\u0153ur avant le temps\nVingt et trois \u00e9trangers et nos fr\u00e8res pourtant\nVingt et trois amoureux de vivre \u00e0 en mourir\nVingt et trois qui criaient la France en s'abattant.<\/em><\/pre>\n<\/blockquote>\n\n\n\n<p>Quelques pr\u00e9cisions\u00a0: :<\/p>\n\n\n\n<p>Ils furent 22 \u00e0 \u00eatre ex\u00e9cut\u00e9s le 21 f\u00e9vrier au Mont-Val\u00e8rien. Olga (en r\u00e9alit\u00e9 Golda) Bancic, la seule femme du groupe fut d\u00e9capit\u00e9e en Allemagne le 10 mai 1944. Il faut aussi \u00e9voquer l&rsquo;h\u00e9ro\u00efsme de <a href=\"https:\/\/maitron.fr\/spip.php?article24842\" data-type=\"link\" data-id=\"https:\/\/maitron.fr\/spip.php?article24842\">Joseph Epstein<\/a> ex brigadiste\u00a0et patron des FTP-F d&rsquo;Ile de France qui arr\u00eat\u00e9 en compagnie de Manouchian sous le nom d&rsquo;Estain, ne craqua pas sous la torture et fut fusill\u00e9 plus tard.<\/p>\n\n\n\n<p>On devrait donc parler d&rsquo;un groupe de 24 r\u00e9sistant-es.<\/p>\n\n\n\n<p>La traque et l&rsquo;arrestation de Manouchian a \u00e9t\u00e9 l&rsquo;\u0153uvre de<a href=\"https:\/\/devirisillustribusblog.wordpress.com\/2017\/10\/08\/le-commissaire-henoque-et-les-enquetes-de-la-bs-2-i\/\" data-type=\"link\" data-id=\"https:\/\/devirisillustribusblog.wordpress.com\/2017\/10\/08\/le-commissaire-henoque-et-les-enquetes-de-la-bs-2-i\/\"> la BS2, unit\u00e9 de police fran\u00e7aise sp\u00e9cialis\u00e9e dans la traque des r\u00e9sistant-es communistes<\/a>, compos\u00e9e d&rsquo;une quarantaine de fonctionnaire et command\u00e9e par le commissaire Henoque. Ce dernier mourra dans son lit \u00e0 Bruxelles en 1996.<\/p>\n\n\n\n<p>Dans le livre de Claude Collin \u00ab\u00a0<em><a href=\"https:\/\/www.pug.fr\/produit\/156\/9782706108711\/carmagnole-et-liberte#:~:text=Dans%20ce%20livre%20l'auteur,%22clandestins%20parmi%20les%20clandestins%22.\" data-type=\"link\" data-id=\"https:\/\/www.pug.fr\/produit\/156\/9782706108711\/carmagnole-et-liberte#:~:text=Dans%20ce%20livre%20l'auteur,%22clandestins%20parmi%20les%20clandestins%22.\">Carmagnole et Libert\u00e9. Les \u00e9trangers dans la R\u00e9sistance en Rh\u00f4ne-Alpes<\/a>\u00a0\u00bb<\/em>, Grenoble, PUG, 2000, on trouve la composition des FTP-MOI de l\u2019interr\u00e9gion HI4, de Lyon (Carmagnole) et de Grenoble (Libert\u00e9) d\u2019apr\u00e8s la liste des morts\u00a0: une centaine de noms.<\/p>\n\n\n\n<p><em>\u00ab\u00a0Sur l\u2019ensemble de la p\u00e9riode, l\u2019origine des combattants est la suivante : 32% de Juifs polonais, 6% de Juifs hongrois et roumains, 26% de Fran\u00e7ais, 19% d\u2019Italiens, 8% de Polonais non juifs, 6% d\u2019Espagnols, 2% d\u2019Arm\u00e9niens et 1% d\u2019Allemands.<\/em><\/p>\n\n\n\n<p><em>Si l\u2019on ne retient que les 49 victimes tomb\u00e9es avant le 15 ao\u00fbt 1944 et les combats de la Lib\u00e9ration, la r\u00e9partition est passablement diff\u00e9rente : 60% de Juifs polonais et 8,5% de Juifs hongrois et roumains, 17% d\u2019Italiens, 8,5% de Fran\u00e7ais, 2% d\u2019Espagnols, 2% de Polonais non juifs, 2% d\u2019Allemands.\u00a0\u00bb<\/em><\/p>\n\n\n\n<p>Leur participation aux diff\u00e9rents combats de la Lib\u00e9ration est loin d\u2019avoir \u00e9t\u00e9 n\u00e9gligeable : 50 morts apr\u00e8s le 15 ao\u00fbt 1944 sur l\u2019interr\u00e9gion rh\u00f4ne-alpine, soit autant que pendant les 19 mois pr\u00e9c\u00e9dents.<\/p>\n\n\n\n<p>A ce sujet \u00e0 voir \u00e9galement sur Arte, <a href=\"https:\/\/t.co\/zqViwMPYVN?s=09\" data-type=\"link\" data-id=\"https:\/\/t.co\/zqViwMPYVN?s=09\">le film de Mosco Levi Boucault <em>\u00ab\u00a0Des terroristes \u00e0 la retraite\u00a0\u00bb<\/em><\/a> diffus\u00e9 pour la 1<sup>re<\/sup> fois en 1985 sur une cha\u00eene publique, qui mit fin \u00e0 l&rsquo;effacement des r\u00e9sistants juifs, \u00e9trangers, communistes et internationalistes, des FTP-Main d&rsquo;\u0152uvre Immigr\u00e9e.<\/p>\n\n\n\n<p>Emigr\u00e9s en France dans les ann\u00e9es 1930 pour \u00e9chapper aux pers\u00e9cutions politiques et raciales, ils ont \u00e9t\u00e9 les principaux acteurs de la r\u00e9sistance urbaine men\u00e9e \u00e0 Paris contre l&rsquo;occupation allemande. Un ouvrage paru en 1989 a mis un point final \u00e0 la pol\u00e9mique d\u00e9clench\u00e9e sur le r\u00f4le de la direction des FTP dans l&rsquo;arrestation et le sacrifice des FTP-MOI en fin novembre 1943&nbsp;: \u00ab <em>Le sang<\/em>&nbsp;de l&rsquo;<em>\u00e9tranger<\/em>&nbsp;: Les&nbsp;<em>immigr\u00e9s<\/em>&nbsp;de la&nbsp;<em>MOI<\/em>&nbsp;dans la&nbsp;<em>R\u00e9sistance<\/em>&nbsp;\u00bb, Adam Raiski, St\u00e9phane Courtois, Denis Peschanski, Fayard, 1989<\/p>\n","protected":false},"excerpt":{"rendered":"<p>dont Missak Manouchian antifasciste apatride Le po\u00e8me de Louis Aragon, dans \u00ab\u00a0Le Roman Inachev\u00e9\u00a0\u00bb : Strophes pour se souvenir<\/p>\n","protected":false},"author":1,"featured_media":0,"comment_status":"closed","ping_status":"open","sticky":false,"template":"","format":"standard","meta":{"twitterCardType":"","cardImageID":0,"cardImage":"","cardTitle":"","cardDesc":"","cardImageAlt":"","cardPlayer":"","cardPlayerWidth":0,"cardPlayerHeight":0,"cardPlayerStream":"","cardPlayerCodec":"","footnotes":""},"categories":[62,11,1],"tags":[43,149],"class_list":["post-22864","post","type-post","status-publish","format-standard","hentry","category-le-rouge-le-vert-hebdo","category-politique-locale","category-actus","tag-devoir-de-memoire","tag-resistance"],"_links":{"self":[{"href":"https:\/\/www.ades-grenoble.org\/wordpress\/wp-json\/wp\/v2\/posts\/22864","targetHints":{"allow":["GET"]}}],"collection":[{"href":"https:\/\/www.ades-grenoble.org\/wordpress\/wp-json\/wp\/v2\/posts"}],"about":[{"href":"https:\/\/www.ades-grenoble.org\/wordpress\/wp-json\/wp\/v2\/types\/post"}],"author":[{"embeddable":true,"href":"https:\/\/www.ades-grenoble.org\/wordpress\/wp-json\/wp\/v2\/users\/1"}],"replies":[{"embeddable":true,"href":"https:\/\/www.ades-grenoble.org\/wordpress\/wp-json\/wp\/v2\/comments?post=22864"}],"version-history":[{"count":2,"href":"https:\/\/www.ades-grenoble.org\/wordpress\/wp-json\/wp\/v2\/posts\/22864\/revisions"}],"predecessor-version":[{"id":22867,"href":"https:\/\/www.ades-grenoble.org\/wordpress\/wp-json\/wp\/v2\/posts\/22864\/revisions\/22867"}],"wp:attachment":[{"href":"https:\/\/www.ades-grenoble.org\/wordpress\/wp-json\/wp\/v2\/media?parent=22864"}],"wp:term":[{"taxonomy":"category","embeddable":true,"href":"https:\/\/www.ades-grenoble.org\/wordpress\/wp-json\/wp\/v2\/categories?post=22864"},{"taxonomy":"post_tag","embeddable":true,"href":"https:\/\/www.ades-grenoble.org\/wordpress\/wp-json\/wp\/v2\/tags?post=22864"}],"curies":[{"name":"wp","href":"https:\/\/api.w.org\/{rel}","templated":true}]}}