{"id":22904,"date":"2024-03-08T11:19:50","date_gmt":"2024-03-08T10:19:50","guid":{"rendered":"https:\/\/www.ades-grenoble.org\/wordpress\/?p=22904"},"modified":"2024-03-08T12:21:52","modified_gmt":"2024-03-08T11:21:52","slug":"diverses-actualites-159","status":"publish","type":"post","link":"https:\/\/www.ades-grenoble.org\/wordpress\/2024\/03\/08\/diverses-actualites-159\/","title":{"rendered":"Diverses actualit\u00e9s"},"content":{"rendered":"<div class=\"wp-block-image is-style-default\">\n<figure class=\"alignleft size-full\"><img loading=\"lazy\" decoding=\"async\" width=\"400\" height=\"222\" src=\"https:\/\/www.ades-grenoble.org\/wordpress\/wp-content\/uploads\/2020\/11\/crieur.jpg\" alt=\"\" class=\"wp-image-18106\" srcset=\"https:\/\/www.ades-grenoble.org\/wordpress\/wp-content\/uploads\/2020\/11\/crieur.jpg 400w, https:\/\/www.ades-grenoble.org\/wordpress\/wp-content\/uploads\/2020\/11\/crieur-150x83.jpg 150w, https:\/\/www.ades-grenoble.org\/wordpress\/wp-content\/uploads\/2020\/11\/crieur-300x167.jpg 300w\" sizes=\"auto, (max-width: 400px) 100vw, 400px\" \/><\/figure>\n<\/div>\n\n\n<p><strong>L\u2019\u00c9tincelle, un lieu de r\u00e9pit pour les plus petit-es et leurs parents \u00e0 Grenoble. <\/strong>\u00c0 Grenoble, plus de 240 enfants sont actuellement sans logement. Une situation inacceptable, alors m\u00eame que le droit \u00e0 un h\u00e9bergement est la premi\u00e8re des dignit\u00e9s. L\u2019\u00c9tat ne remplissant pas ses obligations, <a href=\"https:\/\/www.solidarites-grenoble.fr\/acteur\/449\/958-l-etincelle.htm\" data-type=\"link\" data-id=\"https:\/\/www.solidarites-grenoble.fr\/acteur\/449\/958-l-etincelle.htm\">Grenoble a d\u00e9cid\u00e9 d\u2019agir au-del\u00e0 du cadre de ses comp\u00e9tences<\/a>. Face \u00e0 la grande pr\u00e9carit\u00e9, les plus petit-es sont les plus vuln\u00e9rables. Pour lutter contre leur isolement, Grenoble et son CCAS ouvrent l\u2019\u00c9tincelle, un lieu gratuit, accessible et accueillant, o\u00f9 enfants de moins de 4 ans (et moins de 6 ans porteurs de handicap) et leurs parents peuvent venir \u00e9changer, jouer, ou juste faire une pause.\u00a0Les familles peuvent \u00eatre accompagn\u00e9es par un travailleur social, pour une premi\u00e8re rencontre, si elles le souhaitent. Les accueillantes sont des professionnelles de la Direction Action Sociale Petite Enfance du CCAS.<\/p>\n\n\n\n<hr class=\"wp-block-separator has-alpha-channel-opacity\"\/>\n\n\n\n<p><strong>La Tour Perret : l\u2019injection des nouvelles fondations a commenc\u00e9 ! <\/strong><a href=\"https:\/\/www.gremag.fr\/article\/876\/17-tour-perret-l-injection-des-nouvelles-fondations-a-commence.htm\" data-type=\"link\" data-id=\"https:\/\/www.gremag.fr\/article\/876\/17-tour-perret-l-injection-des-nouvelles-fondations-a-commence.htm\">Le chantier s\u2019active au pied de la tour Perret<\/a>. Apr\u00e8s le d\u00e9montage des ascenseurs, l\u2019entreprise Keller a investi les lieux pour consolider les fondations. Une op\u00e9ration d\u00e9licate qui utilise une technique r\u00e9serv\u00e9e aux chantiers complexes : injecter des colonnes de ciment sous le monument. Tout est pr\u00eat. Quelques jours, sous le froid et la neige de janvier, ont \u00e9t\u00e9 n\u00e9cessaires pour installer les machines : centrale \u00e0 ciment, foreuse, pompe \u00e0 haute pression, etc. Plac\u00e9es avec soin dans l&rsquo;espace confin\u00e9 du chantier, elles vont pendant un mois tarauder le sol et injecter du ciment sous la tour. Objectif : renforcer les fondations d&rsquo;origine par des pieux de 12 m\u00e8tres de profondeur.<\/p>\n\n\n\n<hr class=\"wp-block-separator has-alpha-channel-opacity\"\/>\n\n\n\n<p><strong>La prise en compte de la parentalit\u00e9 des \u00e9lues et \u00e9lus ne doit plus \u00eatre invisibilis\u00e9e.<\/strong> Emmen\u00e9 par Chlo\u00eb Vidal, adjointe \u00e9cologiste au maire de Lyon, un vaste collectif d\u2019\u00e9lus locaux et de personnalit\u00e9s politiques demande, dans <a href=\"https:\/\/www.lemonde.fr\/idees\/article\/2024\/03\/04\/elues-et-meres-la-prise-en-compte-de-la-parentalite-des-elues-et-elus-femmes-et-hommes-en-politique-est-en-jeu_6220039_3232.html\" data-type=\"link\" data-id=\"https:\/\/www.lemonde.fr\/idees\/article\/2024\/03\/04\/elues-et-meres-la-prise-en-compte-de-la-parentalite-des-elues-et-elus-femmes-et-hommes-en-politique-est-en-jeu_6220039_3232.html\">une tribune au \u00ab\u00a0Monde\u00a0\u00bb<\/a>, l\u2019\u00e9volution de la loi afin de mieux accompagner les futurs parents exer\u00e7ant un mandat \u00e9lectoral. B\u00e9n\u00e9ficier d\u2019un cadre juridique s\u00e9curisant pour pouvoir accueillir sereinement son enfant devrait \u00eatre un droit pour toutes et tous. Aujourd\u2019hui, les \u00e9lues locales n\u2019en b\u00e9n\u00e9ficient pas. L\u2019interpellation de L\u00e9onore Moncond\u2019huy, maire \u00e9cologiste de Poitiers, sur les difficult\u00e9s auxquelles elle se retrouve confront\u00e9e alors qu\u2019elle va devenir m\u00e8re l\u2019a rappel\u00e9 en f\u00e9vrier\u00a0: la suspension de ses indemnit\u00e9s d\u2019\u00e9lue le temps de son cong\u00e9 maternit\u00e9 de deux mois, \u00e0 laquelle s\u2019ajoute le d\u00e9faut d\u2019un dispositif l\u00e9gal pour encadrer l\u2019int\u00e9rim confi\u00e9 aux membres de son ex\u00e9cutif pendant cette absence obligatoire, place la cheffe de l\u2019ex\u00e9cutif poitevin dans une situation insens\u00e9e.<\/p>\n\n\n\n<!--more-->\n\n\n\n<hr class=\"wp-block-separator has-alpha-channel-opacity\"\/>\n\n\n\n<p><strong>Publication des comptes d\u2019ensemble des partis politiques au titre de l\u2019exercice 2022. <\/strong>Pour tout savoir sur les comptes des partis politiques<strong>\u00a0: <\/strong>la page <em><u><a href=\"https:\/\/liste.cnccfp.fr\/publications\/comptes_partis_2022.html\" data-type=\"link\" data-id=\"https:\/\/liste.cnccfp.fr\/publications\/comptes_partis_2022.html\">Comptes 2022 des partis politiques<\/a><\/u><\/em> propose en t\u00e9l\u00e9chargement l\u2019ensemble des comptes des partis politiques d\u00e9pos\u00e9s \u00e0 la CNCCFP au titre l\u2019exercice 2022 en application de la loi n\u00b0 88-227 du 11 mars 1988 relative \u00e0 la transparence financi\u00e8re de la vie politique.Sont \u00e9galement disponibles les \u00e9ventuels extraits de comptes d\u00e9pos\u00e9s post\u00e9rieurement, les r\u00e9serves et observations du ou des commissaires aux comptes des partis politiques et les observations de la CNCCFP.<\/p>\n\n\n\n<hr class=\"wp-block-separator has-alpha-channel-opacity\"\/>\n\n\n\n<p><strong><a href=\"https:\/\/www.ancols.fr\/publications\/statistiques-etudes\/54-des-menages-residants-en-france-metropolitaine-sont-eligibles-aux-logements-plus\" data-type=\"link\" data-id=\"https:\/\/www.ancols.fr\/publications\/statistiques-etudes\/54-des-menages-residants-en-france-metropolitaine-sont-eligibles-aux-logements-plus\">Une \u00e9tude de l\u2019Ancols<\/a>\u00a0: 70% des m\u00e9nages r\u00e9sidants en France m\u00e9tropolitaine sont \u00e9ligibles au parc social<\/strong>, c\u2019est-\u00e0-dire ont des ressources inf\u00e9rieures aux plafonds les plus hauts, les plafonds PLS. N\u00e9anmoins, le parc social est tr\u00e8s majoritairement compos\u00e9 de logements soumis aux plafonds de ressources PLUS (87%). Les m\u00e9nages qui y sont \u00e9ligibles repr\u00e9sentent 54% des r\u00e9sidents de France m\u00e9tropolitaine, soit 15 millions de m\u00e9nages. Ce pourcentage se d\u00e9compose entre 30% de locataires (vivant d\u00e9j\u00e0 dans le parc social ou dans le parc priv\u00e9) et 24% de propri\u00e9taires occupants. Si les propri\u00e9taires sont \u00e9ligibles au parc social, ils peuvent se voir refuser un logement s\u2019ils occupent un logement adapt\u00e9 \u00e0 leurs besoins ou susceptible de leur g\u00e9n\u00e9rer des revenus suffisants pour acc\u00e9der \u00e0 un logement du parc priv\u00e9. <\/p>\n\n\n\n<hr class=\"wp-block-separator has-alpha-channel-opacity\"\/>\n\n\n\n<p><strong><a href=\"https:\/\/theconversation.com\/densification-des-villes-comment-les-francais-la-percoivent-ils-224081\" data-type=\"link\" data-id=\"https:\/\/theconversation.com\/densification-des-villes-comment-les-francais-la-percoivent-ils-224081\">Densification des villes\u00a0: comment les Fran\u00e7ais la\u00a0per\u00e7oivent-ils\u00a0?<\/a> <\/strong>Les besoins en logement en France, tr\u00e8s importants dans certaines zones g\u00e9ographiques attractives, conjugu\u00e9s \u00e0 la loi ZAN qui pr\u00e9voit un objectif <a href=\"https:\/\/www.vie-publique.fr\/eclairage\/287326-zero-artificialisation-nette-zan-comment-proteger-les-sols\">\u00ab\u00a0z\u00e9ro artificialisation nette\u00a0\u00bb<\/a> des espaces naturels, agricoles et forestiers \u00e0 l\u2019horizon de 2050, am\u00e8nent les villes \u00e0 se densifier.<strong> <\/strong>Si la limitation de l\u2019\u00e9talement urbain a un effet vertueux sur la pr\u00e9servation des espaces de nature, des sols et de la biodiversit\u00e9, elle permet aussi de limiter les \u00e9missions de gaz \u00e0 effet de serre en r\u00e9duisant les trajets en voiture.<strong> <\/strong>Dans ce contexte, la ville de demain va se d\u00e9velopper \u00ab\u00a0sur\u00a0\u00bb la ville d\u2019aujourd\u2019hui. Mais comment cette densification de la ville est-elle per\u00e7ue et v\u00e9cue par ses habitants\u00a0? Cette question constitue un enjeu fort pour les acteurs de la fabrique de la ville (collectivit\u00e9s, urbanistes, architectes, promoteurs) qui doivent concevoir des projets de transformation de la ville avec la population habitante.<\/p>\n\n\n\n<hr class=\"wp-block-separator has-alpha-channel-opacity\"\/>\n\n\n\n<p><strong>En 2022, le co\u00fbt d\u2019exploitation des TER est plus \u00e9lev\u00e9 en France que dans les pays voisins<\/strong><strong>.<\/strong><strong><\/strong><\/p>\n\n\n\n<p>L\u2019Autorit\u00e9 de r\u00e9gulation des transports (ART) publie ce jour le rapport int\u00e9gral venant compl\u00e9ter <a href=\"https:\/\/www.autorite-transports.fr\/communiques\/en-2022-les-prix-du-transport-ferroviaire-ont-progresse-moins-vite-que-linflation\/\">\u00a0l\u2019Essentiel du march\u00e9 du transport ferroviaire de voyageurs et de fret en 2022<\/a>. Au travers d\u2019analyses th\u00e9matiques, il fait \u00e9tat d\u2019une baisse de la qualit\u00e9 de service (niveau de v\u00e9tust\u00e9 de l\u2019infrastructure ferroviaire sup\u00e9rieur aux objectifs fix\u00e9s, ponctualit\u00e9 d\u00e9grad\u00e9e, faible taux de r\u00e9ponses positives aux demandes de circulation des entreprises ferroviaires). Sur le plan financier, si l\u2019ART rel\u00e8ve une stabilit\u00e9 des prix du TGV en 2022.<\/p>\n\n\n\n<hr class=\"wp-block-separator has-alpha-channel-opacity\"\/>\n\n\n\n<p><strong>Un air connu\u00a0: le co\u00fbt des prochains EPR2 s\u2019envole d\u00e9j\u00e0, avant m\u00eame de commencer un chantier\u00a0! <\/strong>Evalu\u00e9 il y a trois ans \u00e0 51,7 milliards d\u2019euros, le co\u00fbt de la construction de 6 r\u00e9acteurs EPR2 est pass\u00e9 aujourd\u2019hui \u00e0 67,5 milliards selon <a href=\"https:\/\/www.lesechos.fr\/industrie-services\/energie-environnement\/exclusif-nucleaire-la-facture-previsionnelle-des-futurs-epr-grimpe-de-30-2080380\" data-type=\"link\" data-id=\"https:\/\/www.lesechos.fr\/industrie-services\/energie-environnement\/exclusif-nucleaire-la-facture-previsionnelle-des-futurs-epr-grimpe-de-30-2080380\">Les Echos<\/a>, soit 30% de plus. EDF est devenu depuis des ann\u00e9es incapable de ma\u00eetriser les co\u00fbts de ses chantiers. Ces 6 r\u00e9acteurs devraient \u00eatre construits deux par deux \u00e0 Penly (Seine-Maritime), \u00e0 Gravelines (Nord) et au Bugey (Ain). Rappel le co\u00fbt de l\u2019EPR de Flamanville est pass\u00e9 de 3, 3 milliards \u00e0 19 milliards d\u2019euros, Au Royaume-Uni, EDF annonce un co\u00fbt pr\u00e9visionnel de 31 \u00e0 35 milliards de livres pour la construction de ses deux r\u00e9acteurs contre 25 \u00e0 26 milliards pr\u00e9vus au d\u00e9part.<\/p>\n\n\n\n<hr class=\"wp-block-separator has-alpha-channel-opacity\"\/>\n\n\n\n<p><strong>Surpoids et ob\u00e9sit\u00e9 chez l\u2019enfant et l\u2019adulte : quel parcours de soins ? <\/strong>A l\u2019occasion de<strong> <\/strong>la journ\u00e9e mondiale de l\u2019ob\u00e9sit\u00e9 le 4 mars,<a href=\"https:\/\/www.has-sante.fr\/jcms\/p_3498042\/fr\/surpoids-et-obesite-chez-l-enfant-et-l-adulte-quel-parcours-de-soins\" data-type=\"link\" data-id=\"https:\/\/www.has-sante.fr\/jcms\/p_3498042\/fr\/surpoids-et-obesite-chez-l-enfant-et-l-adulte-quel-parcours-de-soins\"> la Haute autorit\u00e9 de Sant\u00e9 (HAS) propose deux parcours de soins du surpoids et de l\u2019ob\u00e9sit\u00e9<\/a>, chez l\u2019enfant et l\u2019adolescent d\u2019une part, chez l\u2019adulte d\u2019autre part. Comment pr\u00e9venir ces situations\u00a0? Quelles mesures mettre en place ? D\u00e9sormais complets, ces travaux ont pour objectif de faciliter l\u2019organisation et la mise en \u0153uvre des soins ainsi que l\u2019accompagnement des personnes concern\u00e9es par cette maladie chronique aux multiples retentissements. En France, 4 % des enfants et adolescents de 6-17 ans et 17 % des adultes sont en situation d\u2019ob\u00e9sit\u00e9. En int\u00e9grant le surpoids cette pr\u00e9valence passe respectivement \u00e0 17% et \u00e0 49%. L\u2019ob\u00e9sit\u00e9 est presque quatre fois plus fr\u00e9quente pour les personnes d\u00e9favoris\u00e9es socialement, et cela de fa\u00e7on plus marqu\u00e9e chez les femmes. Cette maladie chronique complexe et multifactorielle a un impact important sur la qualit\u00e9 de vie, entraine elle-m\u00eame d\u2019autres maladies (diab\u00e8te de type 2, maladies cardiovasculaires \u2026) et r\u00e9duit l\u2019esp\u00e9rance de vie.<\/p>\n\n\n\n<hr class=\"wp-block-separator has-alpha-channel-opacity\"\/>\n\n\n\n<p><strong>De quoi les \u00e9tablissements scolaires sont\u2011ils le nom ? <\/strong>En France, la majorit\u00e9 des \u00e9coles, coll\u00e8ges et lyc\u00e9es publics dispose d\u2019un nom officiel. Les structures qui en sont d\u00e9pourvues sont quasiment exclusivement des \u00e9coles, implant\u00e9es le plus souvent en milieu rural, dans des communes o\u00f9 elles sont la seule entit\u00e9 scolaire. Lorsqu\u2019un nom est attribu\u00e9, il s\u2019agit g\u00e9n\u00e9ralement de celui d\u2019une personnalit\u00e9 : 43 % pour les \u00e9coles et environ 80 % pour les coll\u00e8ges et lyc\u00e9es. Les personnalit\u00e9s honor\u00e9es sont tr\u00e8s majoritairement des hommes, de nationalit\u00e9 fran\u00e7aise, ayant v\u00e9cu \u00e0 l\u2019\u00e9poque de la IIIe R\u00e9publique ou de la p\u00e9riode qui lui succ\u00e8de. Mais <a href=\"https:\/\/www.education.gouv.fr\/conseil-d-evaluation-de-l-ecole-305080#edugouv-summary-item-5\" data-type=\"link\" data-id=\"https:\/\/www.education.gouv.fr\/conseil-d-evaluation-de-l-ecole-305080#edugouv-summary-item-5\">l\u2019analyse des noms attribu\u00e9s depuis 2017 <\/a>montre une f\u00e9minisation significative des noms des \u00e9coles et des \u00e9tablissements. Enfin, les noms des \u00e9tablissements peuvent \u00eatre mis partiellement en lien avec le profil social des \u00e9l\u00e8ves accueillis. Au coll\u00e8ge par exemple, certains noms sont davantage associ\u00e9s \u00e0 un public socialement d\u00e9favoris\u00e9, d\u2019autres \u00e0 un public plus favoris\u00e9.<\/p>\n\n\n\n<hr class=\"wp-block-separator has-alpha-channel-opacity\"\/>\n\n\n\n<p><strong>Les in\u00e9galit\u00e9s entre femmes et hommes.<\/strong> <a href=\"https:\/\/www.inegalites.fr\/Dossier-d-actu-Les-inegalites-entre-femmes-et-hommes\" data-type=\"link\" data-id=\"https:\/\/www.inegalites.fr\/Dossier-d-actu-Les-inegalites-entre-femmes-et-hommes\">Un dossier de l\u2019Observatoire des in\u00e9galit\u00e9s<\/a>. O\u00f9 en sont les in\u00e9galit\u00e9s entre les femmes et les hommes\u00a0? Les derni\u00e8res donn\u00e9es sur les \u00e9carts de salaires, l\u2019acc\u00e8s \u00e0 l\u2019emploi et \u00e0 l\u2019\u00e9ducation, les discriminations et violences sexistes, les in\u00e9galit\u00e9s de repr\u00e9sentation.<\/p>\n\n\n\n<hr class=\"wp-block-separator has-alpha-channel-opacity\"\/>\n\n\n\n<p><strong><a href=\"https:\/\/www.statistiques.developpement-durable.gouv.fr\/media\/7200\/download?inline\" data-type=\"link\" data-id=\"https:\/\/www.statistiques.developpement-durable.gouv.fr\/media\/7200\/download?inline\">Bilan environnemental de la France. Edition 2023<\/a>. <\/strong>Publi\u00e9 par le service des donn\u00e9es et \u00e9tudes statistiques (SDES) du minist\u00e8re de la Transition \u00e9cologique &#8211; \u00e0 partir des chiffres de 2021 &#8211; permet de mettre en regard les \u00e9volutions de l\u2019\u00e9tat de l\u2019environnement et les moyens financiers d\u00e9ploy\u00e9s pour le prot\u00e9ger face aux enjeux de d\u00e9gradation des milieux naturels. L\u2019analyse des indicateurs montre des \u00ab\u00a0progr\u00e8s notables\u00a0\u00bb dans certains domaines &#8211; l\u2019am\u00e9lioration de la qualit\u00e9 de l\u2019eau et de l\u2019air en sont un exemple. Pour d\u2019autres, \u00ab\u00a0la situation demeure pr\u00e9occupante\u00a0\u00bb : \u00ab\u00a0les \u00e9missions de gaz \u00e0 effet de serre (GES) restent \u00e9lev\u00e9es m\u00eame si des am\u00e9liorations sont constat\u00e9es, l\u2019artificialisation progresse et la biodiversit\u00e9 continue de dispara\u00eetre malgr\u00e9 des financements d\u00e9di\u00e9s \u00e0 ce domaine\u00a0\u00bb.<\/p>\n\n\n\n<hr class=\"wp-block-separator has-alpha-channel-opacity\"\/>\n\n\n\n<p><strong>Restauration de la nature\u202f: une victoire historique. <\/strong>\u200bSelon <a href=\"https:\/\/fne.asso.fr\/actualites\/restauration-de-la-nature-une-victoire-historique\" data-type=\"link\" data-id=\"https:\/\/fne.asso.fr\/actualites\/restauration-de-la-nature-une-victoire-historique\">la F\u00e9d\u00e9ration de la nature et de l\u2019environnement (FNE)<\/a> qui se f\u00e9licite que le Parlement europ\u00e9en adopte le r\u00e8glement sur la restauration de la nature, pierre angulaire du volet biodiversit\u00e9 du \u201cGreen Deal\u201d. Le texte a travers\u00e9 d\u2019intenses phases de n\u00e9gociations entre le Conseil et le Parlement, et surv\u00e9cu \u00e0 une campagne de d\u00e9sinformation massive orchestr\u00e9e par la droite et\u00a0l\u2019extr\u00eame-droite. Avec plus de 80% d\u2019habitats naturels en mauvais \u00e9tat, et 70% de sols en mauvaise sant\u00e9, l\u2019UE se dote aujourd\u2019hui des moyens n\u00e9cessaires pour p\u00e9renniser les modes de vie de ses citoyen\u00b7nes et de son\u00a0\u00e9conomie.<\/p>\n","protected":false},"excerpt":{"rendered":"<p>L\u2019\u00c9tincelle, un lieu de r\u00e9pit pour les plus petit-es et leurs parents \u00e0 Grenoble. \u00c0 Grenoble, plus de 240 enfants sont actuellement sans logement. Une situation inacceptable, alors m\u00eame que le droit \u00e0 un h\u00e9bergement est la premi\u00e8re des dignit\u00e9s. L\u2019\u00c9tat ne remplissant pas ses obligations, Grenoble a d\u00e9cid\u00e9 d\u2019agir au-del\u00e0 du cadre de ses [&hellip;]<\/p>\n","protected":false},"author":1,"featured_media":0,"comment_status":"closed","ping_status":"open","sticky":false,"template":"","format":"standard","meta":{"twitterCardType":"","cardImageID":0,"cardImage":"","cardTitle":"","cardDesc":"","cardImageAlt":"","cardPlayer":"","cardPlayerWidth":0,"cardPlayerHeight":0,"cardPlayerStream":"","cardPlayerCodec":"","footnotes":""},"categories":[62,11],"tags":[387,215,190,181],"class_list":["post-22904","post","type-post","status-publish","format-standard","hentry","category-le-rouge-le-vert-hebdo","category-politique-locale","tag-comptes","tag-grenoble","tag-patrimoine","tag-precarite"],"_links":{"self":[{"href":"https:\/\/www.ades-grenoble.org\/wordpress\/wp-json\/wp\/v2\/posts\/22904","targetHints":{"allow":["GET"]}}],"collection":[{"href":"https:\/\/www.ades-grenoble.org\/wordpress\/wp-json\/wp\/v2\/posts"}],"about":[{"href":"https:\/\/www.ades-grenoble.org\/wordpress\/wp-json\/wp\/v2\/types\/post"}],"author":[{"embeddable":true,"href":"https:\/\/www.ades-grenoble.org\/wordpress\/wp-json\/wp\/v2\/users\/1"}],"replies":[{"embeddable":true,"href":"https:\/\/www.ades-grenoble.org\/wordpress\/wp-json\/wp\/v2\/comments?post=22904"}],"version-history":[{"count":1,"href":"https:\/\/www.ades-grenoble.org\/wordpress\/wp-json\/wp\/v2\/posts\/22904\/revisions"}],"predecessor-version":[{"id":22905,"href":"https:\/\/www.ades-grenoble.org\/wordpress\/wp-json\/wp\/v2\/posts\/22904\/revisions\/22905"}],"wp:attachment":[{"href":"https:\/\/www.ades-grenoble.org\/wordpress\/wp-json\/wp\/v2\/media?parent=22904"}],"wp:term":[{"taxonomy":"category","embeddable":true,"href":"https:\/\/www.ades-grenoble.org\/wordpress\/wp-json\/wp\/v2\/categories?post=22904"},{"taxonomy":"post_tag","embeddable":true,"href":"https:\/\/www.ades-grenoble.org\/wordpress\/wp-json\/wp\/v2\/tags?post=22904"}],"curies":[{"name":"wp","href":"https:\/\/api.w.org\/{rel}","templated":true}]}}