{"id":22971,"date":"2024-03-14T20:53:02","date_gmt":"2024-03-14T19:53:02","guid":{"rendered":"https:\/\/www.ades-grenoble.org\/wordpress\/?p=22971"},"modified":"2024-03-14T21:08:30","modified_gmt":"2024-03-14T20:08:30","slug":"quels-sont-les-objectifs-de-grenoble-alpes-metropole-sur-zan","status":"publish","type":"post","link":"https:\/\/www.ades-grenoble.org\/wordpress\/2024\/03\/14\/quels-sont-les-objectifs-de-grenoble-alpes-metropole-sur-zan\/","title":{"rendered":"Quels sont les objectifs de Grenoble Alpes M\u00e9tropole sur ZAN\u00a0?"},"content":{"rendered":"<div class=\"wp-block-image is-style-default\">\n<figure class=\"alignleft size-full\"><img loading=\"lazy\" decoding=\"async\" width=\"380\" height=\"154\" src=\"https:\/\/www.ades-grenoble.org\/wordpress\/wp-content\/uploads\/2024\/03\/Objectif-ZAN.jpg\" alt=\"\" class=\"wp-image-22973\" srcset=\"https:\/\/www.ades-grenoble.org\/wordpress\/wp-content\/uploads\/2024\/03\/Objectif-ZAN.jpg 380w, https:\/\/www.ades-grenoble.org\/wordpress\/wp-content\/uploads\/2024\/03\/Objectif-ZAN-300x122.jpg 300w, https:\/\/www.ades-grenoble.org\/wordpress\/wp-content\/uploads\/2024\/03\/Objectif-ZAN-150x61.jpg 150w\" sizes=\"auto, (max-width: 380px) 100vw, 380px\" \/><\/figure>\n<\/div>\n\n\n<p>Le ZAN K\u00e9saKO&nbsp;? La&nbsp;<a href=\"https:\/\/www.vie-publique.fr\/node\/278460\">loi \u00ab\u00a0<em>Climat et r\u00e9silience<\/em>\u00a0\u00bb du 22 ao\u00fbt 2021<\/a> a pos\u00e9 un objectif de <strong>z\u00e9ro artificialisation nette<\/strong>&nbsp;(ZAN) <strong>\u00e0 l&rsquo;horizon de 2050.<\/strong> Cette loi vise \u00e0 mieux prendre en compte les cons\u00e9quences environnementales lors de la construction et de l\u2019am\u00e9nagement des sols, sans pour autant n\u00e9gliger les besoins des territoires en mati\u00e8re de logements, d\u2019infrastructures et d&rsquo;activit\u00e9s.<\/p>\n\n\n\n<p>Comment la M\u00e9tropole doit l\u2019appliquer&nbsp;?<\/p>\n\n\n\n<p>La M\u00e9tropole dans sa strat\u00e9gie fonci\u00e8re doit tenir compte de de cet objectif, ce qui n\u2019est pas sans cons\u00e9quence pour le <em>Plan Local d&rsquo;Urbanisme Intercommunal (PLUi) et <\/em>le <em>programme local de l&rsquo;habitat (PLH).<\/em><\/p>\n\n\n\n<!--more-->\n\n\n\n<p><em>Comment pr\u00e9server le foncier et loger les habitants&nbsp;? Comment avoir une strat\u00e9gie fonci\u00e8re qui permette \u00e0 la M\u00e9tropole de Grenoble de tenir cet objectif de Z\u00e9ro Artificialisation Nette d\u2019ici 2050&nbsp;?<\/em><\/p>\n\n\n\n<p><em>Entre 2010 et 2020 Grenoble Alpes M\u00e9tropole a consomm\u00e9 376,435 hectares de terres agricoles d\u2019apr\u00e8s <a href=\"https:\/\/kartes.cerema.fr\/portal\/apps\/opsdashboard\/index.html#\/3feb8bd2b14d449eb03bb3f7fee9d849\" data-type=\"link\" data-id=\"https:\/\/kartes.cerema.fr\/portal\/apps\/opsdashboard\/index.html#\/3feb8bd2b14d449eb03bb3f7fee9d849\">le CEREMA (organisme public&nbsp;: Centre d&rsquo;\u00e9tudes et d&rsquo;expertise sur les risques, l&rsquo;environnement, la mobilit\u00e9 et l&rsquo;am\u00e9nagement)<\/a>&nbsp;:<\/em><\/p>\n\n\n<div class=\"wp-block-image is-style-default\">\n<figure class=\"aligncenter size-full\"><img loading=\"lazy\" decoding=\"async\" width=\"800\" height=\"369\" src=\"https:\/\/www.ades-grenoble.org\/wordpress\/wp-content\/uploads\/2024\/03\/ZAN.jpg\" alt=\"\" class=\"wp-image-22972\" srcset=\"https:\/\/www.ades-grenoble.org\/wordpress\/wp-content\/uploads\/2024\/03\/ZAN.jpg 800w, https:\/\/www.ades-grenoble.org\/wordpress\/wp-content\/uploads\/2024\/03\/ZAN-300x138.jpg 300w, https:\/\/www.ades-grenoble.org\/wordpress\/wp-content\/uploads\/2024\/03\/ZAN-150x69.jpg 150w, https:\/\/www.ades-grenoble.org\/wordpress\/wp-content\/uploads\/2024\/03\/ZAN-768x354.jpg 768w, https:\/\/www.ades-grenoble.org\/wordpress\/wp-content\/uploads\/2024\/03\/ZAN-600x277.jpg 600w\" sizes=\"auto, (max-width: 800px) 100vw, 800px\" \/><\/figure>\n<\/div>\n\n\n<p>La Loi climat et r\u00e9silience d\u00e9finit le ZAN en 2 \u00e9tapes, (les dates ont \u00e9t\u00e9 retouch\u00e9es par la loi du 20 juillet 2023).<\/p>\n\n\n\n<ol class=\"wp-block-list\">\n<li>2021-2031 = diviser par 2 la consommation fonci\u00e8re d\u2019espaces naturels, agricoles et forestiers par rapport \u00e0 la consommation 2010-2020<\/li>\n\n\n\n<li>2031-2050&nbsp;= mise en \u0153uvre du \u00ab&nbsp;z\u00e9ro artificialisation nette&nbsp;\u00bb qui n\u00e9cessite un changement d\u2019indicateur et de r\u00e8gle car renaturation d\u2019espaces etc.<\/li>\n<\/ol>\n\n\n\n<p>Pour la premi\u00e8re tranche de dix ans (2021-2031), des \u00e9ch\u00e9ances sont fix\u00e9es \u00e0 chaque \u00e9chelon territorial pour les d\u00e9lib\u00e9rations qui doivent fixer les d\u00e9cisions arr\u00eat\u00e9es pour le ZAN. Au niveau r\u00e9gional, l\u2019\u00e9ch\u00e9ance est fix\u00e9e au 22 novembre 2024. \u00c0 l\u2019\u00e9chelle locale, les SCOT ont jusqu\u2019au 22 f\u00e9vrier 2027 pour int\u00e9grer ces objectifs, les PLUi jusqu\u2019au 22 f\u00e9vrier 2028.<\/p>\n\n\n\n<p>Si le SRADDET r\u00e9gional n\u2019a pas \u00e9t\u00e9 modifi\u00e9s ou r\u00e9vis\u00e9 avant le 22 novembre 2024, une baisse uniforme de -50% s\u2019applique au SCoT et si le PLUi n\u2019a pas int\u00e9gr\u00e9 les objectifs en f\u00e9vrier 2018&nbsp;: aucune autorisation d\u2019urbanisme ne peut \u00eatre d\u00e9livr\u00e9e dans une zone \u00e0 urbaniser (AU) du PLU.<\/p>\n\n\n\n<p>Concr\u00e8tement la M\u00e9tropole de Grenoble doit appliquer le principe de la loi qui dit&nbsp;<em>: \u00ab Afin d&rsquo;atteindre l&rsquo;objectif national d&rsquo;absence de toute artificialisation nette des sols en 2050, le rythme de l&rsquo;artificialisation des sols dans les dix ann\u00e9es suivant la promulgation de la pr\u00e9sente loi doit \u00eatre tel que, sur cette p\u00e9riode, la consommation totale d&rsquo;espace observ\u00e9e \u00e0 l&rsquo;\u00e9chelle nationale soit inf\u00e9rieure \u00e0 la moiti\u00e9 de celle observ\u00e9e sur les dix ann\u00e9es pr\u00e9c\u00e9dant cette date\u00a0\u00bb.<\/em><\/p>\n\n\n\n<p>Or La M\u00e9tro a artificialis\u00e9 376,435&nbsp;ha sur la d\u00e9cennie 2010\/2020, d\u2019apr\u00e8s le CEREMA, donc La M\u00e9tro n\u2019est autoris\u00e9e \u00e0 consommer que 188&nbsp;ha entre 2021 et 2030.<\/p>\n\n\n\n<p>Nous sommes en 2024, les chiffres du gouvernement nous indiquent que les communes de la M\u00e9tropole ont consomm\u00e9 :<\/p>\n\n\n\n<ul class=\"wp-block-list\">\n<li>2019-2020 : 293 921 m2 =29,4 ha<\/li>\n\n\n\n<li>2020-2021 : 309 374 m2 = 30,9 ha<\/li>\n\n\n\n<li>2021-2022 : 330 891 m2 =33,1 ha<\/li>\n<\/ul>\n\n\n\n<p>Sources&nbsp;: Cerema, <a href=\"https:\/\/artificialisation.developpement-durable.gouv.fr\/mesurer-la-consommation-despaces\/telecharger-les-donnees\" data-type=\"link\" data-id=\"https:\/\/artificialisation.developpement-durable.gouv.fr\/mesurer-la-consommation-despaces\/telecharger-les-donnees\">donn\u00e9es d\u2019analyse de la consommation d\u2019espaces pour la p\u00e9riode 1er janvier 2009 &#8211; 1er janvier 2022<\/a> <\/p>\n\n\n\n<p>A ce rythme la M\u00e9tropole aura consomm\u00e9 tout ce que la loi lui autorise en 2027. Que se passera-t-il&nbsp;alors ?<\/p>\n\n\n\n<p>Le Pr\u00e9fet aura le pouvoir de suspendre les permis de construire sur le territoire M\u00e9tropolitain.&nbsp;<\/p>\n\n\n\n<p>Il est donc temps que la M\u00e9tropole d\u00e9lib\u00e8re sur les modalit\u00e9s d\u2019ouverture et de fermeture de Zones \u00e0 Urbaniser et qu\u2019un travail transparent soit fait avec l\u2019ensemble des communes pour \u00e9viter toutes sortes de client\u00e9lismes, et ne pas entraver la r\u00e9alisation du Plan Local de l\u2019Habitat adopt\u00e9 le 9 f\u00e9vrier par le conseil de m\u00e9tropole couvrant les ann\u00e9es 2025 \u00e0 2030<\/p>\n\n\n\n<p>C&rsquo;est urgent, car modifier le PLUi avant f\u00e9vrier 2028 va devenir vraiment probl\u00e9matique.<\/p>\n","protected":false},"excerpt":{"rendered":"<p>Le ZAN K\u00e9saKO&nbsp;? La&nbsp;loi \u00ab\u00a0Climat et r\u00e9silience\u00a0\u00bb du 22 ao\u00fbt 2021 a pos\u00e9 un objectif de z\u00e9ro artificialisation nette&nbsp;(ZAN) \u00e0 l&rsquo;horizon de 2050. Cette loi vise \u00e0 mieux prendre en compte les cons\u00e9quences environnementales lors de la construction et de l\u2019am\u00e9nagement des sols, sans pour autant n\u00e9gliger les besoins des territoires en mati\u00e8re de logements, [&hellip;]<\/p>\n","protected":false},"author":1,"featured_media":0,"comment_status":"closed","ping_status":"open","sticky":false,"template":"","format":"standard","meta":{"twitterCardType":"","cardImageID":0,"cardImage":"","cardTitle":"","cardDesc":"","cardImageAlt":"","cardPlayer":"","cardPlayerWidth":0,"cardPlayerHeight":0,"cardPlayerStream":"","cardPlayerCodec":"","footnotes":""},"categories":[62,11],"tags":[175,280,144],"class_list":["post-22971","post","type-post","status-publish","format-standard","hentry","category-le-rouge-le-vert-hebdo","category-politique-locale","tag-environnement","tag-metropole","tag-nature"],"_links":{"self":[{"href":"https:\/\/www.ades-grenoble.org\/wordpress\/wp-json\/wp\/v2\/posts\/22971","targetHints":{"allow":["GET"]}}],"collection":[{"href":"https:\/\/www.ades-grenoble.org\/wordpress\/wp-json\/wp\/v2\/posts"}],"about":[{"href":"https:\/\/www.ades-grenoble.org\/wordpress\/wp-json\/wp\/v2\/types\/post"}],"author":[{"embeddable":true,"href":"https:\/\/www.ades-grenoble.org\/wordpress\/wp-json\/wp\/v2\/users\/1"}],"replies":[{"embeddable":true,"href":"https:\/\/www.ades-grenoble.org\/wordpress\/wp-json\/wp\/v2\/comments?post=22971"}],"version-history":[{"count":2,"href":"https:\/\/www.ades-grenoble.org\/wordpress\/wp-json\/wp\/v2\/posts\/22971\/revisions"}],"predecessor-version":[{"id":22982,"href":"https:\/\/www.ades-grenoble.org\/wordpress\/wp-json\/wp\/v2\/posts\/22971\/revisions\/22982"}],"wp:attachment":[{"href":"https:\/\/www.ades-grenoble.org\/wordpress\/wp-json\/wp\/v2\/media?parent=22971"}],"wp:term":[{"taxonomy":"category","embeddable":true,"href":"https:\/\/www.ades-grenoble.org\/wordpress\/wp-json\/wp\/v2\/categories?post=22971"},{"taxonomy":"post_tag","embeddable":true,"href":"https:\/\/www.ades-grenoble.org\/wordpress\/wp-json\/wp\/v2\/tags?post=22971"}],"curies":[{"name":"wp","href":"https:\/\/api.w.org\/{rel}","templated":true}]}}