{"id":22979,"date":"2024-03-14T20:53:20","date_gmt":"2024-03-14T19:53:20","guid":{"rendered":"https:\/\/www.ades-grenoble.org\/wordpress\/?p=22979"},"modified":"2024-03-14T20:53:20","modified_gmt":"2024-03-14T19:53:20","slug":"agenda-252","status":"publish","type":"post","link":"https:\/\/www.ades-grenoble.org\/wordpress\/2024\/03\/14\/agenda-252\/","title":{"rendered":"Agenda"},"content":{"rendered":"\n<figure class=\"wp-block-image size-full is-style-default\"><img loading=\"lazy\" decoding=\"async\" width=\"700\" height=\"338\" src=\"https:\/\/www.ades-grenoble.org\/wordpress\/wp-content\/uploads\/2023\/02\/Intersyndicale.jpg\" alt=\"\" class=\"wp-image-21356\" srcset=\"https:\/\/www.ades-grenoble.org\/wordpress\/wp-content\/uploads\/2023\/02\/Intersyndicale.jpg 700w, https:\/\/www.ades-grenoble.org\/wordpress\/wp-content\/uploads\/2023\/02\/Intersyndicale-300x145.jpg 300w, https:\/\/www.ades-grenoble.org\/wordpress\/wp-content\/uploads\/2023\/02\/Intersyndicale-150x72.jpg 150w, https:\/\/www.ades-grenoble.org\/wordpress\/wp-content\/uploads\/2023\/02\/Intersyndicale-600x290.jpg 600w\" sizes=\"auto, (max-width: 700px) 100vw, 700px\" \/><\/figure>\n\n\n\n<p><strong>Mardi 19 mars 14 h Place de Verdun manifestation intersyndicale<\/strong>, pour mettre un terme \u00e0 la spirale de paup\u00e9risation de l\u2019ensemble des personnels de la fonction publique et refuser de subir une ann\u00e9e blanche en termes de traitement, les organisations syndicales d\u00e9cident d\u2019une journ\u00e9e de mobilisation le mardi 19 mars prochain et appellent les personnels \u00e0 se mobiliser par tous moyens, y compris la gr\u00e8ve.<\/p>\n","protected":false},"excerpt":{"rendered":"<p>Mardi 19 mars 14 h Place de Verdun manifestation intersyndicale, pour mettre un terme \u00e0 la spirale de paup\u00e9risation de l\u2019ensemble des personnels de la fonction publique et refuser de subir une ann\u00e9e blanche en termes de traitement, les organisations syndicales d\u00e9cident d\u2019une journ\u00e9e de mobilisation le mardi 19 mars prochain et appellent les personnels [&hellip;]<\/p>\n","protected":false},"author":1,"featured_media":0,"comment_status":"closed","ping_status":"open","sticky":false,"template":"","format":"standard","meta":{"twitterCardType":"","cardImageID":0,"cardImage":"","cardTitle":"","cardDesc":"","cardImageAlt":"","cardPlayer":"","cardPlayerWidth":0,"cardPlayerHeight":0,"cardPlayerStream":"","cardPlayerCodec":"","footnotes":""},"categories":[62,11],"tags":[125,290],"class_list":["post-22979","post","type-post","status-publish","format-standard","hentry","category-le-rouge-le-vert-hebdo","category-politique-locale","tag-agenda","tag-manifestations"],"_links":{"self":[{"href":"https:\/\/www.ades-grenoble.org\/wordpress\/wp-json\/wp\/v2\/posts\/22979","targetHints":{"allow":["GET"]}}],"collection":[{"href":"https:\/\/www.ades-grenoble.org\/wordpress\/wp-json\/wp\/v2\/posts"}],"about":[{"href":"https:\/\/www.ades-grenoble.org\/wordpress\/wp-json\/wp\/v2\/types\/post"}],"author":[{"embeddable":true,"href":"https:\/\/www.ades-grenoble.org\/wordpress\/wp-json\/wp\/v2\/users\/1"}],"replies":[{"embeddable":true,"href":"https:\/\/www.ades-grenoble.org\/wordpress\/wp-json\/wp\/v2\/comments?post=22979"}],"version-history":[{"count":1,"href":"https:\/\/www.ades-grenoble.org\/wordpress\/wp-json\/wp\/v2\/posts\/22979\/revisions"}],"predecessor-version":[{"id":22980,"href":"https:\/\/www.ades-grenoble.org\/wordpress\/wp-json\/wp\/v2\/posts\/22979\/revisions\/22980"}],"wp:attachment":[{"href":"https:\/\/www.ades-grenoble.org\/wordpress\/wp-json\/wp\/v2\/media?parent=22979"}],"wp:term":[{"taxonomy":"category","embeddable":true,"href":"https:\/\/www.ades-grenoble.org\/wordpress\/wp-json\/wp\/v2\/categories?post=22979"},{"taxonomy":"post_tag","embeddable":true,"href":"https:\/\/www.ades-grenoble.org\/wordpress\/wp-json\/wp\/v2\/tags?post=22979"}],"curies":[{"name":"wp","href":"https:\/\/api.w.org\/{rel}","templated":true}]}}