{"id":22985,"date":"2024-03-22T10:10:24","date_gmt":"2024-03-22T09:10:24","guid":{"rendered":"https:\/\/www.ades-grenoble.org\/wordpress\/?p=22985"},"modified":"2024-03-22T10:10:24","modified_gmt":"2024-03-22T09:10:24","slug":"diverses-actualites-161","status":"publish","type":"post","link":"https:\/\/www.ades-grenoble.org\/wordpress\/2024\/03\/22\/diverses-actualites-161\/","title":{"rendered":"Diverses actualit\u00e9s"},"content":{"rendered":"<div class=\"wp-block-image is-style-default\">\n<figure class=\"alignleft size-full\"><img loading=\"lazy\" decoding=\"async\" width=\"400\" height=\"222\" src=\"https:\/\/www.ades-grenoble.org\/wordpress\/wp-content\/uploads\/2020\/11\/crieur.jpg\" alt=\"\" class=\"wp-image-18106\" srcset=\"https:\/\/www.ades-grenoble.org\/wordpress\/wp-content\/uploads\/2020\/11\/crieur.jpg 400w, https:\/\/www.ades-grenoble.org\/wordpress\/wp-content\/uploads\/2020\/11\/crieur-150x83.jpg 150w, https:\/\/www.ades-grenoble.org\/wordpress\/wp-content\/uploads\/2020\/11\/crieur-300x167.jpg 300w\" sizes=\"auto, (max-width: 400px) 100vw, 400px\" \/><\/figure>\n<\/div>\n\n\n<p><strong>Grenoble 2040 \u00ab R\u00e9parer le futur \u00bb du<\/strong> <strong>13 mars au 4 mai 2024. <\/strong><a href=\"https:\/\/www.grenoble.fr\/uploads\/Externe\/cc\/1858_717_DP-Lancement-Grenoble-2040-et-exposition-Reparer-le-futur-BD.pdf\" data-type=\"link\" data-id=\"https:\/\/www.grenoble.fr\/uploads\/Externe\/cc\/1858_717_DP-Lancement-Grenoble-2040-et-exposition-Reparer-le-futur-BD.pdf\">Une exposition \u00e0 la Plateforme (ancien mus\u00e9e de peinture)<\/a>, 9 place de Verdun. Du mercredi au samedi de 13h \u00e0 19h. La d\u00e9marche \u00ab Grenoble 2040 \u00bb a pour vocation de d\u00e9finir un cap lucide vers un futur collectif \u00e0 la fois d\u00e9sirable et soutenable, socialement juste et \u00e9cologiquement s\u00fbr. Avec l\u2019ambition de nourrir les imaginaires, cette d\u00e9marche s\u2019appuie sur les connaissances scientifiques actuelles et la participation citoyenne pour permettre de se projeter dans des futurs souhaitables \u00e0 l\u2019horizon 2040.<\/p>\n\n\n\n<hr class=\"wp-block-separator has-alpha-channel-opacity\"\/>\n\n\n\n<p><strong><a href=\"https:\/\/ecologieaura.fr\/lancement-obs-wauquisme\/\" data-type=\"link\" data-id=\"https:\/\/ecologieaura.fr\/lancement-obs-wauquisme\/\">L\u2019Observatoire du Wauquisme<\/a> cr\u00e9\u00e9 par le groupe \u00e9cologiste \u00e0 la R\u00e9gion Auvergne-Rh\u00f4ne-Alpes.<\/strong> Il d\u00e9crypte la d\u00e9rive id\u00e9ologique de Laurent Wauquiez. Il vise \u00e0 prendre du recul sur l\u2019actualit\u00e9 pour analyser plus en profondeur la mani\u00e8re dont Laurent Wauquiez et son \u00e9quipe, ces derni\u00e8res ann\u00e9es, ont fait de la R\u00e9gion un instrument et un syst\u00e8me au service d\u2019une politique r\u00e9solument anti-d\u00e9mocratique, anti-\u00e9cologique et anti-progressiste, bien loin de \u201cl\u2019\u00e9cologie positive\u201d et des valeurs r\u00e9publicaines dont ils se r\u00e9clament. Les cinq premiers articles\u00a0:\u00a0d\u00e9truire le d\u00e9bat en 4 \u00e9tapes ; Laurent Wauquiez et l\u2019Europe : \u201cje t\u2019aime moi non plus\u201d ; Lyc\u00e9es : un laboratoire des obsessions wauquistes ;\u00a0Client\u00e9lisme : subvention contre bulletin de vote ;\u00a0Combat anti-genre, la tactique r\u00e9actionnaire de Laurent Wauquiez.<\/p>\n\n\n\n<hr class=\"wp-block-separator has-alpha-channel-opacity\"\/>\n\n\n\n<p><strong>PFAS et autres polluants de l\u2019eau ; qu\u2019en est-il \u00e0 Grenobl<\/strong><a href=\"https:\/\/www.grenobleencommun.fr\/pfas-et-autres-polluants-de-leau-quen-est-il-a-grenoble\/\" data-type=\"link\" data-id=\"https:\/\/www.grenobleencommun.fr\/pfas-et-autres-polluants-de-leau-quen-est-il-a-grenoble\/\"><strong>e ? <\/strong>Un article du groupe des \u00e9lu-es <em>\u00ab\u00a0Grenoble en commun<\/em>\u00a0\u00bb<\/a> fait le point sur ce qui se passe dans les masses d\u2019eau souterraines int\u00e9ressant les habitants de l\u2019agglom\u00e9ration. Plusieurs <a href=\"https:\/\/france3-regions.francetvinfo.fr\/auvergne-rhone-alpes\/rhone\/lyon\/polluants-eternels-apres-un-an-et-demi-d-analyses-sur-les-pfas-l-ars-passe-en-phase-active-2905643.html\">scandales r\u00e9cents<\/a> ont \u00e9clat\u00e9 sur la pollution de l\u2019eau aux polluants \u00e9ternels polyfluoroalkyl\u00e9es (<a href=\"https:\/\/www.ades-grenoble.org\/wordpress\/2024\/01\/19\/lars-regionale-et-les-polluants-eternels-pfas\/\">PFAS<\/a>). Bien que Grenoble \u00a0soit mod\u00e9r\u00e9ment touch\u00e9e par ces PFAS par rapport \u00e0 d\u2019autres territoires, \u00a0d\u2019autres polluants tels que \u00a0les chlorates et perchlorates, \u00a0mais aussi du mercure ou du \u00a0tolu\u00e8ne ont <a href=\"https:\/\/france3-regions.francetvinfo.fr\/auvergne-rhone-alpes\/isere\/grenoble\/video-des-traces-de-polluants-chimiques-decouvertes-dans-l-eau-potable-a-grenoble-les-industriels-nient-leur-responsabilite-2786886.html\">\u00e9t\u00e9 d\u00e9couverts<\/a> dans l\u2019eau grenobloise.<\/p>\n\n\n\n<!--more-->\n\n\n\n<hr class=\"wp-block-separator has-alpha-channel-opacity\"\/>\n\n\n\n<p><strong>Un outil pour visualiser le niveau de d\u00e9linquance dans chaque commune. <\/strong>Le service statistique du minist\u00e8re de l&rsquo;Int\u00e9rieur (SSMSI) produit <a href=\"https:\/\/ssmsi.shinyapps.io\/donneesterritoriales\/\" data-type=\"link\" data-id=\"https:\/\/ssmsi.shinyapps.io\/donneesterritoriales\/\">un outil permettant \u00e0 chaque commune de visualiser le niveau de d\u00e9linquance sur son territoire<\/a>. Le SSMSI utilise treize indicateurs correspondant aux principaux crimes et d\u00e9lits enregistr\u00e9s par la police et la gendarmerie nationales (cambriolages, coups et blessures volontaires, trafic et usage de stup\u00e9fiants, vols avec ou sans armes, vols de v\u00e9hicules, violences sexuelles\u2026). Un outil permet de visualiser les diff\u00e9rents taux de criminalit\u00e9 de sa commune en 2023 et de son voisinage. Dans les petites communes, certaines infractions n&rsquo;apparaissent pas car elles sont r\u00e9put\u00e9es n\u00e9gligeables.<\/p>\n\n\n\n<hr class=\"wp-block-separator has-alpha-channel-opacity\"\/>\n\n\n\n<p><strong>Cambon et le dessin de presse. <\/strong><a href=\"https:\/\/www.grenoble.fr\/uploads\/Externe\/fc\/1857_528_DP-Exposition-Cambon-et-le-dessin-de-presse-BD.pdf\" data-type=\"link\" data-id=\"https:\/\/www.grenoble.fr\/uploads\/Externe\/fc\/1857_528_DP-Exposition-Cambon-et-le-dessin-de-presse-BD.pdf\">Exposition du 14 mars au 28 septembre 2024 \u00e0 la biblioth\u00e8que d\u2019\u00e9tude et du patrimoine de Grenoble<\/a>, 12 bd Mar\u00e9chal Lyautey. Du mardi au samedi de 13h \u00e0 18h. Elle propose une d\u00e9couverte de l\u2019\u0153uvre du dessinateur de presse grenoblois Cambon mise en regard de l\u2019importante collection de presse et d\u2019iconographie dauphinoise du 18\u00e8me au 21\u00e8me si\u00e8cle conserv\u00e9e \u00e0 la biblioth\u00e8que d\u2019\u00e9tude et du patrimoine. En 2022, suite \u00e0 la pand\u00e9mie, Cambon d\u00e9cide de faire don \u00e0 la biblioth\u00e8que municipale de Grenoble de pr\u00e8s de 800 dessins originaux, r\u00e9alis\u00e9s entre le d\u00e9but des ann\u00e9es 1990 et 2022\u2026<\/p>\n\n\n\n<hr class=\"wp-block-separator has-alpha-channel-opacity\"\/>\n\n\n\n<p><strong>H\u00f4pital public, recours aux soins : quatre ans apr\u00e8s le d\u00e9but de la pand\u00e9mie, o\u00f9 en sommes-nous ? <\/strong><a href=\"https:\/\/www.fhf.fr\/actualites\/communiques-de-presse\/presentation-du-premier-barometre-fhf-france-info-hopital-public-recours-aux-soins-quatre-ans-apres\" data-type=\"link\" data-id=\"https:\/\/www.fhf.fr\/actualites\/communiques-de-presse\/presentation-du-premier-barometre-fhf-france-info-hopital-public-recours-aux-soins-quatre-ans-apres\">R\u00e9sultats du premier barom\u00e8tre de la F\u00e9d\u00e9ration hospitali\u00e8re de France (FHF)<\/a>. Il est compos\u00e9 de deux volets : le premier sur l\u2019\u00e9volution de l\u2019activit\u00e9 \u00e0 l\u2019h\u00f4pital depuis le d\u00e9but de la pand\u00e9mie de Covid et le second est un sondage IPSOS sur l\u2019acc\u00e8s aux soins. France Info s\u2019associe \u00e0 la publication du barom\u00e8tre pour lui donner un retentissement \u00e0 la hauteur de son int\u00e9r\u00eat pour le public. La F\u00e9d\u00e9ration demande des moyens pour l\u2019h\u00f4pital public, mais aussi un renforcement de l\u2019offre de premier recours et une optimisation du lien ville-h\u00f4pital.\u00a0Elle signale une baisse persistante de l\u2019activit\u00e9 \u00e0 l\u2019h\u00f4pital et sur l\u2019accentuation du non-recours et des retards de prise en charge<a href=\"https:\/\/www.fhf.fr\/actualites\/communiques-de-presse\/presentation-du-premier-barometre-fhf-france-info-hopital-public-recours-aux-soins-quatre-ans-apres\">.<\/a><\/p>\n\n\n\n<hr class=\"wp-block-separator has-alpha-channel-opacity\"\/>\n\n\n\n<p><strong><a href=\"https:\/\/www.fondationecolo.org\/blog\/cedric-villani-nouveau-president-de-la-fondation\/\" data-type=\"link\" data-id=\"https:\/\/www.fondationecolo.org\/blog\/cedric-villani-nouveau-president-de-la-fondation\/\">Un nouveau pr\u00e9sident pour la fondation de l\u2019Ecologie Poli<\/a>tique<\/strong>. Jeudi 14 mars 2024, le Conseil de surveillance de la Fondation de l\u2019\u00c9cologie Politique a \u00e9lu C\u00e9dric Villani, math\u00e9maticien, ancien d\u00e9put\u00e9 et ancien pr\u00e9sident de l\u2019Office parlementaire des choix scientifiques et technologiques, comme son nouveau pr\u00e9sident. Il prend la succession d\u2019Alice Canabate, sociologue, vice-pr\u00e9sidente puis pr\u00e9sidente de la Fondation de l\u2019\u00c9cologie Politique depuis 2017.<\/p>\n\n\n\n<hr class=\"wp-block-separator has-alpha-channel-opacity\"\/>\n\n\n\n<p><strong>R\u00e9ussir le ZAN (Z\u00e9ro Artificialisation Nette) en r\u00e9duisant le mal-logement : c\u2019est possible <\/strong><a href=\"https:\/\/www.fondation-abbe-pierre.fr\/sites\/default\/files\/2024-03\/FNH-FAP_Rapport%20ZAN-Logement.pdf\" data-type=\"link\" data-id=\"https:\/\/www.fondation-abbe-pierre.fr\/sites\/default\/files\/2024-03\/FNH-FAP_Rapport%20ZAN-Logement.pdf\"><strong>! <\/strong>Les rapports de la Fondation Abb\u00e9-Pierre et la Fondation pour la nature et l\u2019homme (FNH)<\/a> pr\u00e9sentent une s\u00e9rie de leviers permettant de produire de nouveaux logements sans consommer de nouveaux espaces, de construire en minimisant l\u2019artificialisation, et d\u2019am\u00e9liorer l\u2019acc\u00e8s du plus grand nombre aux services et \u00e0 la nature. Il souligne \u00e9galement l\u2019importance de soutenir plus fortement les acteurs du logement abordable ainsi que les acteurs de l\u2019\u00e9conomie sociale et solidaire engag\u00e9s pour un urbanisme plus juste et plus r\u00e9silient. Il insiste enfin sur la n\u00e9cessit\u00e9 de renforcer les outils de ma\u00eetrise des prix du foncier et des loyers, ainsi que les moyens des collectivit\u00e9s les plus fragiles en mati\u00e8re d\u2019ing\u00e9nierie territoriale. A rebours des discours qui tentent d\u2019opposer ambitions \u00e9cologiques et justice sociale, ces deux Fondations expriment\u00a0 la conviction qu\u2019un dialogue nourri et exigeant permet d\u2019articuler les imp\u00e9ratifs environnementaux et sociaux : qu\u2019il est possible de r\u00e9ussir le ZAN tout en r\u00e9duisant le mal logement.<\/p>\n","protected":false},"excerpt":{"rendered":"<p>Grenoble 2040 \u00ab R\u00e9parer le futur \u00bb du 13 mars au 4 mai 2024. Une exposition \u00e0 la Plateforme (ancien mus\u00e9e de peinture), 9 place de Verdun. Du mercredi au samedi de 13h \u00e0 19h. La d\u00e9marche \u00ab Grenoble 2040 \u00bb a pour vocation de d\u00e9finir un cap lucide vers un futur collectif \u00e0 la [&hellip;]<\/p>\n","protected":false},"author":1,"featured_media":0,"comment_status":"closed","ping_status":"open","sticky":false,"template":"","format":"standard","meta":{"twitterCardType":"","cardImageID":0,"cardImage":"","cardTitle":"","cardDesc":"","cardImageAlt":"","cardPlayer":"","cardPlayerWidth":0,"cardPlayerHeight":0,"cardPlayerStream":"","cardPlayerCodec":"","footnotes":""},"categories":[62,11],"tags":[204,232,215,168,76],"class_list":["post-22985","post","type-post","status-publish","format-standard","hentry","category-le-rouge-le-vert-hebdo","category-politique-locale","tag-delinquance","tag-eau","tag-grenoble","tag-region","tag-securite"],"_links":{"self":[{"href":"https:\/\/www.ades-grenoble.org\/wordpress\/wp-json\/wp\/v2\/posts\/22985","targetHints":{"allow":["GET"]}}],"collection":[{"href":"https:\/\/www.ades-grenoble.org\/wordpress\/wp-json\/wp\/v2\/posts"}],"about":[{"href":"https:\/\/www.ades-grenoble.org\/wordpress\/wp-json\/wp\/v2\/types\/post"}],"author":[{"embeddable":true,"href":"https:\/\/www.ades-grenoble.org\/wordpress\/wp-json\/wp\/v2\/users\/1"}],"replies":[{"embeddable":true,"href":"https:\/\/www.ades-grenoble.org\/wordpress\/wp-json\/wp\/v2\/comments?post=22985"}],"version-history":[{"count":1,"href":"https:\/\/www.ades-grenoble.org\/wordpress\/wp-json\/wp\/v2\/posts\/22985\/revisions"}],"predecessor-version":[{"id":22986,"href":"https:\/\/www.ades-grenoble.org\/wordpress\/wp-json\/wp\/v2\/posts\/22985\/revisions\/22986"}],"wp:attachment":[{"href":"https:\/\/www.ades-grenoble.org\/wordpress\/wp-json\/wp\/v2\/media?parent=22985"}],"wp:term":[{"taxonomy":"category","embeddable":true,"href":"https:\/\/www.ades-grenoble.org\/wordpress\/wp-json\/wp\/v2\/categories?post=22985"},{"taxonomy":"post_tag","embeddable":true,"href":"https:\/\/www.ades-grenoble.org\/wordpress\/wp-json\/wp\/v2\/tags?post=22985"}],"curies":[{"name":"wp","href":"https:\/\/api.w.org\/{rel}","templated":true}]}}