{"id":22987,"date":"2024-03-22T10:10:31","date_gmt":"2024-03-22T09:10:31","guid":{"rendered":"https:\/\/www.ades-grenoble.org\/wordpress\/?p=22987"},"modified":"2024-03-22T10:10:31","modified_gmt":"2024-03-22T09:10:31","slug":"une-reforme-dangereuse-de-la-surete-nucleaire","status":"publish","type":"post","link":"https:\/\/www.ades-grenoble.org\/wordpress\/2024\/03\/22\/une-reforme-dangereuse-de-la-surete-nucleaire\/","title":{"rendered":"Une r\u00e9forme dangereuse de la s\u00fbret\u00e9 nucl\u00e9aire"},"content":{"rendered":"<div class=\"wp-block-image is-style-default\">\n<figure class=\"alignleft size-full\"><img loading=\"lazy\" decoding=\"async\" width=\"222\" height=\"148\" src=\"https:\/\/www.ades-grenoble.org\/wordpress\/wp-content\/uploads\/2016\/01\/IRSN.jpg\" alt=\"\" class=\"wp-image-11217\" srcset=\"https:\/\/www.ades-grenoble.org\/wordpress\/wp-content\/uploads\/2016\/01\/IRSN.jpg 222w, https:\/\/www.ades-grenoble.org\/wordpress\/wp-content\/uploads\/2016\/01\/IRSN-150x100.jpg 150w\" sizes=\"auto, (max-width: 222px) 100vw, 222px\" \/><\/figure>\n<\/div>\n\n\n<p>Le Pr\u00e9sident Macron veut relancer rapidement un vaste programme nucl\u00e9aire et pour acc\u00e9l\u00e9rer les proc\u00e9dures d\u2019autorisation, il a d\u00e9cid\u00e9 de remettre en cause le syst\u00e8me fran\u00e7ais de contr\u00f4le de la suret\u00e9 du nucl\u00e9aire qui \u00e9tait fond\u00e9 sur la s\u00e9paration entre l\u2019ASN et l\u2019IRSN, soit pour aller vite, entre le donneur d\u2019ordre et l\u2019expertise ind\u00e9pendante.<\/p>\n\n\n\n<p>Trois anciens pr\u00e9sidents de l\u2019Office parlementaire d\u2019\u00e9valuation des choix scientifiques et technologiques (Claude Birraux, Jean-Yves Le D\u00e9aut, C\u00e9dric Villani) pointaient il y a un an, <a href=\"https:\/\/www.ades-grenoble.org\/wordpress\/2023\/03\/10\/a-lirsn-la-mobilisation-continue-pour-eviter-le-demantelement-de-linstitut\/\" data-type=\"link\" data-id=\"https:\/\/www.ades-grenoble.org\/wordpress\/2023\/03\/10\/a-lirsn-la-mobilisation-continue-pour-eviter-le-demantelement-de-linstitut\/\">la gravit\u00e9 des cons\u00e9quences qu\u2019entra\u00eenerait la suppression de l\u2019IRSN pour la s\u00fbret\u00e9 nucl\u00e9aire<\/a>.<\/p>\n\n\n\n<p>Il y a quelques jours <a href=\"https:\/\/www.lemonde.fr\/idees\/article\/2024\/03\/13\/surete-nucleaire-les-approches-du-risque-de-l-asn-et-de-l-irsn-ne-pourront-pas-cohabiter-au-sein-d-une-meme-institution_6221720_3232.html\">un ancien directeur de l\u2019IRSN listait les risques pour la s\u00fbret\u00e9 que fait courir cette fusion de l\u2019IRSN dans l\u2019ASN<\/a>.<\/p>\n\n\n\n<!--more-->\n\n\n\n<p>Malgr\u00e9 ces alertes venant des experts les plus au fait des risques du d\u00e9veloppement mal maitris\u00e9 d\u2019un programme \u00e9lectronucl\u00e9aire, le S\u00e9nat a adopt\u00e9 le projet de loi et l\u2019Assembl\u00e9e nationale vient de faire de m\u00eame sur les premiers articles le 13 mars avec pour les macronistes, l\u2019aide de l\u2019extr\u00eame droite et de la droite.<\/p>\n\n\n\n<p>Si la loi est d\u00e9finitivement adopt\u00e9e (le dernier vote \u00e0 l\u2019Assembl\u00e9e Nationale ne donnait qu\u2019une seule voix d\u2019avance \u00e0 ce projet, il y aura convocation d\u2019une Commission Mixte Paritaire entre s\u00e9nateurs et d\u00e9put\u00e9s), il est pr\u00e9vu qu\u2019\u00e0 partir du&nbsp;1er janvier 2025, les activit\u00e9s de l&rsquo;expert du secteur, l&rsquo;IRSN, seront int\u00e9gr\u00e9es dans l&rsquo;ASN actuelle, renomm\u00e9e ASNR&nbsp;: <em>Autorit\u00e9 de s\u00fbret\u00e9 nucl\u00e9aire et de radioprotection<\/em>.<\/p>\n\n\n\n<p>Alors que la France avait un syst\u00e8me reconnu dans le monde entier, la d\u00e9cision&nbsp; &nbsp;si elle est prise essaye de met la recherche et la critique scientifique \u00e0 la remorque des d\u00e9cisions administratives de l\u2019Autorit\u00e9, alors que son ind\u00e9pendance \u00e9tait un vrai garant de la s\u00fbret\u00e9. De plus il est \u00e0 craindre que certains chercheurs tr\u00e8s comp\u00e9tents de l\u2019IRSN n\u2019acceptent pas de travailler dans ces nouvelles conditions et donc qu\u2019une perte de mati\u00e8re grise fragilise encore la fili\u00e8re.<\/p>\n","protected":false},"excerpt":{"rendered":"<p>Le Pr\u00e9sident Macron veut relancer rapidement un vaste programme nucl\u00e9aire et pour acc\u00e9l\u00e9rer les proc\u00e9dures d\u2019autorisation, il a d\u00e9cid\u00e9 de remettre en cause le syst\u00e8me fran\u00e7ais de contr\u00f4le de la suret\u00e9 du nucl\u00e9aire qui \u00e9tait fond\u00e9 sur la s\u00e9paration entre l\u2019ASN et l\u2019IRSN, soit pour aller vite, entre le donneur d\u2019ordre et l\u2019expertise ind\u00e9pendante. Trois [&hellip;]<\/p>\n","protected":false},"author":1,"featured_media":0,"comment_status":"closed","ping_status":"open","sticky":false,"template":"","format":"standard","meta":{"twitterCardType":"","cardImageID":0,"cardImage":"","cardTitle":"","cardDesc":"","cardImageAlt":"","cardPlayer":"","cardPlayerWidth":0,"cardPlayerHeight":0,"cardPlayerStream":"","cardPlayerCodec":"","footnotes":""},"categories":[62,11],"tags":[298,64,118],"class_list":["post-22987","post","type-post","status-publish","format-standard","hentry","category-le-rouge-le-vert-hebdo","category-politique-locale","tag-france","tag-nucleaire","tag-risques-majeurs"],"_links":{"self":[{"href":"https:\/\/www.ades-grenoble.org\/wordpress\/wp-json\/wp\/v2\/posts\/22987","targetHints":{"allow":["GET"]}}],"collection":[{"href":"https:\/\/www.ades-grenoble.org\/wordpress\/wp-json\/wp\/v2\/posts"}],"about":[{"href":"https:\/\/www.ades-grenoble.org\/wordpress\/wp-json\/wp\/v2\/types\/post"}],"author":[{"embeddable":true,"href":"https:\/\/www.ades-grenoble.org\/wordpress\/wp-json\/wp\/v2\/users\/1"}],"replies":[{"embeddable":true,"href":"https:\/\/www.ades-grenoble.org\/wordpress\/wp-json\/wp\/v2\/comments?post=22987"}],"version-history":[{"count":2,"href":"https:\/\/www.ades-grenoble.org\/wordpress\/wp-json\/wp\/v2\/posts\/22987\/revisions"}],"predecessor-version":[{"id":22989,"href":"https:\/\/www.ades-grenoble.org\/wordpress\/wp-json\/wp\/v2\/posts\/22987\/revisions\/22989"}],"wp:attachment":[{"href":"https:\/\/www.ades-grenoble.org\/wordpress\/wp-json\/wp\/v2\/media?parent=22987"}],"wp:term":[{"taxonomy":"category","embeddable":true,"href":"https:\/\/www.ades-grenoble.org\/wordpress\/wp-json\/wp\/v2\/categories?post=22987"},{"taxonomy":"post_tag","embeddable":true,"href":"https:\/\/www.ades-grenoble.org\/wordpress\/wp-json\/wp\/v2\/tags?post=22987"}],"curies":[{"name":"wp","href":"https:\/\/api.w.org\/{rel}","templated":true}]}}