{"id":22998,"date":"2024-03-22T10:11:09","date_gmt":"2024-03-22T09:11:09","guid":{"rendered":"https:\/\/www.ades-grenoble.org\/wordpress\/?p=22998"},"modified":"2024-03-22T10:11:09","modified_gmt":"2024-03-22T09:11:09","slug":"conseil-municipal-de-grenoble-du-25-mars-2024","status":"publish","type":"post","link":"https:\/\/www.ades-grenoble.org\/wordpress\/2024\/03\/22\/conseil-municipal-de-grenoble-du-25-mars-2024\/","title":{"rendered":"Conseil municipal de Grenoble du 25 mars 2024"},"content":{"rendered":"<div class=\"wp-block-image is-style-default\">\n<figure class=\"alignleft size-full\"><img loading=\"lazy\" decoding=\"async\" width=\"375\" height=\"318\" src=\"https:\/\/www.ades-grenoble.org\/wordpress\/wp-content\/uploads\/2014\/12\/dessin-mairie.png\" alt=\"\" class=\"wp-image-9413\" srcset=\"https:\/\/www.ades-grenoble.org\/wordpress\/wp-content\/uploads\/2014\/12\/dessin-mairie.png 375w, https:\/\/www.ades-grenoble.org\/wordpress\/wp-content\/uploads\/2014\/12\/dessin-mairie-150x127.png 150w, https:\/\/www.ades-grenoble.org\/wordpress\/wp-content\/uploads\/2014\/12\/dessin-mairie-300x254.png 300w\" sizes=\"auto, (max-width: 375px) 100vw, 375px\" \/><\/figure>\n<\/div>\n\n\n<p>Le conseil municipal du 25 mars d\u00e9butera \u00e0 15 h et d\u00e9battra de 86 d\u00e9lib\u00e9rations.<\/p>\n\n\n\n<p>Il d\u00e9butera, comme c\u2019est devenu l\u2019habitude, par les d\u00e9lib\u00e9rations que les \u00e9lu.es souhaitent particuli\u00e8rement souligner.<\/p>\n\n\n\n<ul class=\"wp-block-list\">\n<li>Pr\u00e9sentation de la Commission d&rsquo;\u00e9valuation des dispositifs de d\u00e9mocratie locale et de son rapport 2023 par Annabelle Bretton et Antoine Back.<\/li>\n\n\n\n<li>Contrat de Ville 2024-2030 et programmation des relations financi\u00e8res entre la ville de Grenoble et les associations, pr\u00e9sent\u00e9 par Chlo\u00e9 Pantel et Isabelle Peters.<\/li>\n\n\n\n<li>Avis de la commune de Grenoble sur le projet de Programme Local de l\u2019Habitat de Grenoble-Alpes M\u00e9tropole 2025-2030, pr\u00e9sent\u00e9 par Margot Belair et Nicolas Beron-Perez.<\/li>\n\n\n\n<li>Adoption du Plan Municipal de Sant\u00e9 2024-2028 pr\u00e9sent\u00e9 par Pierre-Andr\u00e9 Juven.<\/li>\n\n\n\n<li>Convention de partenariat avec la Commission Internationale d&rsquo;Histoire de la R\u00e9volution Fran\u00e7aise pour la journ\u00e9e du matrimoine du 14 juin 2024 pr\u00e9sent\u00e9e par J\u00e9r\u00f4me Soldeville.<\/li>\n<\/ul>\n\n\n\n<p>L\u2019ordre du jour complet est disponible\u00a0sur <a href=\"https:\/\/www.grenoble.fr\/3133-conseil-municipal-du-25-mars-2024.htm\" data-type=\"link\" data-id=\"https:\/\/www.grenoble.fr\/3133-conseil-municipal-du-25-mars-2024.htm\">le site de la ville<\/a> ainsi que le lien pour le suivre en vid\u00e9o.<\/p>\n","protected":false},"excerpt":{"rendered":"<p>Le conseil municipal du 25 mars d\u00e9butera \u00e0 15 h et d\u00e9battra de 86 d\u00e9lib\u00e9rations. Il d\u00e9butera, comme c\u2019est devenu l\u2019habitude, par les d\u00e9lib\u00e9rations que les \u00e9lu.es souhaitent particuli\u00e8rement souligner. L\u2019ordre du jour complet est disponible\u00a0sur le site de la ville ainsi que le lien pour le suivre en vid\u00e9o.<\/p>\n","protected":false},"author":1,"featured_media":0,"comment_status":"closed","ping_status":"open","sticky":false,"template":"","format":"standard","meta":{"twitterCardType":"","cardImageID":0,"cardImage":"","cardTitle":"","cardDesc":"","cardImageAlt":"","cardPlayer":"","cardPlayerWidth":0,"cardPlayerHeight":0,"cardPlayerStream":"","cardPlayerCodec":"","footnotes":""},"categories":[62,11],"tags":[67,215],"class_list":["post-22998","post","type-post","status-publish","format-standard","hentry","category-le-rouge-le-vert-hebdo","category-politique-locale","tag-conseil-municipal","tag-grenoble"],"_links":{"self":[{"href":"https:\/\/www.ades-grenoble.org\/wordpress\/wp-json\/wp\/v2\/posts\/22998","targetHints":{"allow":["GET"]}}],"collection":[{"href":"https:\/\/www.ades-grenoble.org\/wordpress\/wp-json\/wp\/v2\/posts"}],"about":[{"href":"https:\/\/www.ades-grenoble.org\/wordpress\/wp-json\/wp\/v2\/types\/post"}],"author":[{"embeddable":true,"href":"https:\/\/www.ades-grenoble.org\/wordpress\/wp-json\/wp\/v2\/users\/1"}],"replies":[{"embeddable":true,"href":"https:\/\/www.ades-grenoble.org\/wordpress\/wp-json\/wp\/v2\/comments?post=22998"}],"version-history":[{"count":1,"href":"https:\/\/www.ades-grenoble.org\/wordpress\/wp-json\/wp\/v2\/posts\/22998\/revisions"}],"predecessor-version":[{"id":22999,"href":"https:\/\/www.ades-grenoble.org\/wordpress\/wp-json\/wp\/v2\/posts\/22998\/revisions\/22999"}],"wp:attachment":[{"href":"https:\/\/www.ades-grenoble.org\/wordpress\/wp-json\/wp\/v2\/media?parent=22998"}],"wp:term":[{"taxonomy":"category","embeddable":true,"href":"https:\/\/www.ades-grenoble.org\/wordpress\/wp-json\/wp\/v2\/categories?post=22998"},{"taxonomy":"post_tag","embeddable":true,"href":"https:\/\/www.ades-grenoble.org\/wordpress\/wp-json\/wp\/v2\/tags?post=22998"}],"curies":[{"name":"wp","href":"https:\/\/api.w.org\/{rel}","templated":true}]}}